{"id":56669,"date":"2024-07-08T08:32:06","date_gmt":"2024-07-08T13:32:06","guid":{"rendered":"https:\/\/esreviral.com\/?p=56669"},"modified":"2024-07-08T08:32:06","modified_gmt":"2024-07-08T13:32:06","slug":"hora-final-hasta-10-congresistas-democratas-presionan-a-biden-para-que-abandone","status":"publish","type":"post","link":"https:\/\/esreviral.com\/?p=56669","title":{"rendered":"Hora final. Hasta 10 congresistas dem\u00f3cratas presionan a Biden para que abandone"},"content":{"rendered":"\n<p>El n\u00famero de congresistas dem\u00f3cratas que ha hecho llamados para que el presidente estadounidense, Joe Biden, abandone la carrera hacia las elecciones de noviembre ha aumentado en <strong>\u00abhasta diez\u00bb representantes, informaron este domingo medios como The New York Times o The Wall Street Journal.<\/strong><\/p>\n\n\n\n<p>Tras su cuestionado desempe\u00f1ado en el debate con el precandidato republicano Donald Trump del pasado 27 de junio, B<strong>iden est\u00e1 enfrentando voces dentro de la bancada dem\u00f3crata que abogan porque se retire de la contienda,<\/strong> aunque el mandatario prometi\u00f3 en los \u00faltimos d\u00edas que continuar\u00e1, ganar\u00e1 y demostrar\u00e1 estar \u00aba la altura\u00bb.<\/p>\n\n\n\n<p><strong>\u00abEn una reuni\u00f3n de altos cargos dem\u00f3cratas de la C\u00e1mara de Representantes, varios asistentes dijeron el domingo que cre\u00edan que Biden deb\u00eda apartarse <\/strong>(\u2026) Elevando a unos 10 el n\u00famero de dem\u00f3cratas de la C\u00e1mara que piden que se aparte\u00bb, detall\u00f3 The Wall Street Journal citando \u00abfuentes familiarizadas\u00bb con la cuesti\u00f3n.<\/p>\n\n\n\n<p>Entre los miembros que ped\u00edan que Biden se echara a un lado estaban, seg\u00fan el medio econ\u00f3mico, Jerry Nadler y Joe Morelle -congresistas por Nueva York-, as\u00ed como Adam Smith de Washington D.C., Jim Himes de Connecticut y Mark Takano de California, entre otros.<\/p>\n\n\n\n<p>Aunque, seg\u00fan esta misma informaci\u00f3n, entre el grupo de representantes dem\u00f3cratas disidentes no existe consenso actualmente para elegir a un candidato de reemplazo.<\/p>\n\n\n\n<p>Por otra parte, tambi\u00e9n hay dem\u00f3cratas que han cerrado filas en torno a Biden; este mismo domingo <strong>la representante Frederica Wilson (Florida) inst\u00f3 a compa\u00f1eros que no conf\u00edan en Biden<\/strong> a \u00abdejar de socavar a este incre\u00edble l\u00edder que ha conseguido resultados reales para nuestro pa\u00eds\u00bb.<\/p>\n\n\n\n<p>Mientras tanto, Biden protagoniz\u00f3 varios actos de campa\u00f1a este domingo en Pensilvania, un estado bisagra con trascendencia capital en los comicios, flanqueado por los senadores dem\u00f3cratas John Fetterman y Bob Case.<\/p>\n\n\n\n<p>Los dem\u00f3cratas de la C\u00e1mara de Representantes se reunir\u00e1n el martes por la ma\u00f1ana y se espera que el futuro de Biden sea uno de los temas a discutir, seg\u00fan The Wall Street Journal.<\/p>\n\n\n\n<p>La Convenci\u00f3n Nacional Dem\u00f3crata, donde el partido tiene previsto nombrar formalmente a Biden como su candidato a la presidencia, se celebrar\u00e1 en Chicago del 19 al 22 de agosto.<\/p>\n\n\n\n<p>Antes, esta misma semana, los l\u00edderes de los pa\u00edses de la OTAN se reunir\u00e1n en una cumbre en Washington donde se espera que se reafirmen los esfuerzos de EE.UU., bajo el mandato de Biden, por fortalecer la alianza transatl\u00e1ntica.<\/p>\n\n\n\n<p class=\"has-text-align-right\"><strong><em>La Conexi\u00f3n USA.-<\/em><\/strong><\/p>\n","protected":false},"excerpt":{"rendered":"<p>El n\u00famero de congresistas dem\u00f3cratas que ha hecho llamados para que el presidente estadounidense, Joe Biden, abandone la carrera hacia las elecciones de noviembre ha aumentado en \u00abhasta diez\u00bb representantes, informaron este domingo medios como The New York Times o The Wall Street Journal. Tras su cuestionado desempe\u00f1ado en el debate con el precandidato republicano [&hellip;]<\/p>\n","protected":false},"author":2,"featured_media":56670,"comment_status":"open","ping_status":"closed","sticky":false,"template":"","format":"standard","meta":{"jnews-multi-image_gallery":[],"jnews_single_post":{"subtitle":"","format":"standard","video":"","gallery":"","source_name":"","source_url":"","via_name":"","via_url":"","override_template":"0","override":[{"template":"4","single_blog_custom":"","parallax":"1","fullscreen":"1","layout":"right-sidebar","sidebar":"default-sidebar","second_sidebar":"default-sidebar","sticky_sidebar":"1","share_position":"top","share_float_style":"share-monocrhome","show_share_counter":"1","show_view_counter":"1","show_featured":"1","show_post_meta":"1","show_post_author":"1","show_post_author_image":"1","show_post_date":"1","post_date_format":"default","post_date_format_custom":"Y\/m\/d","show_post_category":"1","show_post_reading_time":"1","post_reading_time_wpm":"300","show_zoom_button":"1","zoom_button_out_step":"2","zoom_button_in_step":"3","show_post_tag":"1","show_prev_next_post":"1","show_popup_post":"1","number_popup_post":"1","show_author_box":"1","show_post_related":"1","show_inline_post_related":"0"}],"override_image_size":"0","image_override":[{"single_post_thumbnail_size":"crop-500","single_post_gallery_size":"crop-500"}],"trending_post":"0","trending_post_position":"meta","trending_post_label":"Trending","sponsored_post":"0","sponsored_post_label":"Sponsored by","sponsored_post_name":"","sponsored_post_url":"","sponsored_post_logo_enable":"0","sponsored_post_logo":"","sponsored_post_desc":"","disable_ad":"0"},"jnews_primary_category":{"id":"","hide":""},"jnews_social_meta":{"fb_title":"","fb_description":"","fb_image":"","twitter_title":"","twitter_description":"","twitter_image":""},"jnews_review":[],"enable_review":"0","type":"percentage","name":"","summary":"","brand":"","sku":"","good":[{"good_text":""}],"bad":[{"bad_text":""}],"score_override":"","override_value":"","rating":[{"rating_text":"","rating_number":"10"}],"price":[{"shop":"","price":"","link":"","icon":""}],"jnews_override_counter":{"override_view_counter":"0","view_counter_number":"0","override_share_counter":"0","share_counter_number":"0","override_like_counter":"0","like_counter_number":"0","override_dislike_counter":"0","dislike_counter_number":"0"},"jnews_post_split":{"enable_post_split":"0","post_split":[{"template":"1","tag":"h2","numbering":"asc","mode":"normal","first":"0","enable_toc":"0","toc_type":"normal"}]},"footnotes":""},"categories":[43,88,59],"tags":[184,2333,136,505,45,1106],"class_list":["post-56669","post","type-post","status-publish","format-standard","has-post-thumbnail","hentry","category-actualidad","category-internacionales","category-politica","tag-biden","tag-elecciones-presidenciales","tag-estados-unidos","tag-joe-biden","tag-noticias","tag-usa"],"_links":{"self":[{"href":"https:\/\/esreviral.com\/index.php?rest_route=\/wp\/v2\/posts\/56669","targetHints":{"allow":["GET"]}}],"collection":[{"href":"https:\/\/esreviral.com\/index.php?rest_route=\/wp\/v2\/posts"}],"about":[{"href":"https:\/\/esreviral.com\/index.php?rest_route=\/wp\/v2\/types\/post"}],"author":[{"embeddable":true,"href":"https:\/\/esreviral.com\/index.php?rest_route=\/wp\/v2\/users\/2"}],"replies":[{"embeddable":true,"href":"https:\/\/esreviral.com\/index.php?rest_route=%2Fwp%2Fv2%2Fcomments&post=56669"}],"version-history":[{"count":0,"href":"https:\/\/esreviral.com\/index.php?rest_route=\/wp\/v2\/posts\/56669\/revisions"}],"wp:featuredmedia":[{"embeddable":true,"href":"https:\/\/esreviral.com\/index.php?rest_route=\/wp\/v2\/media\/56670"}],"wp:attachment":[{"href":"https:\/\/esreviral.com\/index.php?rest_route=%2Fwp%2Fv2%2Fmedia&parent=56669"}],"wp:term":[{"taxonomy":"category","embeddable":true,"href":"https:\/\/esreviral.com\/index.php?rest_route=%2Fwp%2Fv2%2Fcategories&post=56669"},{"taxonomy":"post_tag","embeddable":true,"href":"https:\/\/esreviral.com\/index.php?rest_route=%2Fwp%2Fv2%2Ftags&post=56669"}],"curies":[{"name":"wp","href":"https:\/\/api.w.org\/{rel}","templated":true}]}}