{"id":56537,"date":"2024-07-05T07:35:46","date_gmt":"2024-07-05T12:35:46","guid":{"rendered":"https:\/\/esreviral.com\/?p=56537"},"modified":"2024-07-05T07:52:43","modified_gmt":"2024-07-05T12:52:43","slug":"lider-laborista-es-nombrado-oficialmente-primer-ministro-britanico-por-carlos-iii","status":"publish","type":"post","link":"https:\/\/esreviral.com\/?p=56537","title":{"rendered":"Cambios: Inglaterra tiene nuevo ministro tras un terremoto pol\u00edtico"},"content":{"rendered":"\n<p><strong>El l\u00edder laborista brit\u00e1nico Keir Starmer fue nombrado oficialmente este viernes primer ministro por el rey Carlos III<\/strong> despu\u00e9s de la&nbsp;aplastante victoria de su partido&nbsp;en las elecciones legislativas, seg\u00fan una imagen de su encuentro publicada por el <strong>Palacio de Buckingham.<\/strong><\/p>\n\n\n\n<p>Acompa\u00f1ado de su esposa Victoria, este exabogado de derechos humanos de 61 a\u00f1os de edad, que ingres\u00f3 en la pol\u00edtica hace solo nueve, fue recibido durante aproximadamente&nbsp;media hora en el Palacio de Buckingham.<\/p>\n\n\n\n<p>El nuevo primer ministro brit\u00e1nico afirm\u00f3 que el Reino Unido ha votado \u00abde manera decisiva por el cambio\u00bb y por \u00abdevolver la pol\u00edtica al servicio p\u00fablico\u00bb.<\/p>\n\n\n\n<p>El dirigente del laborismo pronunci\u00f3 su primer discurso a la naci\u00f3n desde Downing Street, sede del Gobierno, como nuevo jefe del Ejecutivo tras ganar las elecciones generales por una abrumadora mayor\u00eda absoluta.<\/p>\n\n\n\n<p class=\"has-text-align-center\"><strong><a href=\"https:\/\/chat.whatsapp.com\/KWkTmakY3I05kNdd2oZl6d\">\u00daNETE A NUESTRO GRUPO DE WHATSAPP PARA ESTAR INFORMADO<\/a><\/strong><\/p>\n\n\n\n<figure class=\"wp-block-image size-large\"><img decoding=\"async\" src=\"https:\/\/www.24horas.cl\/24horas\/site\/artic\/20240705\/imag\/foto_0000001220240705075022\/nuevo-primer-ministro-reino-unido-inglaterra.jpg\" alt=\"\"\/><\/figure>\n\n\n\n<p class=\"has-text-align-right\"><strong><em>ElNacional.-<\/em><\/strong><\/p>\n","protected":false},"excerpt":{"rendered":"<p>Acompa\u00f1ado de su esposa Victoria, este exabogado de derechos humanos de 61 a\u00f1os de edad, fue recibido durante aproximadamente media hora en el Palacio de Buckingham<\/p>\n","protected":false},"author":3,"featured_media":56538,"comment_status":"open","ping_status":"open","sticky":false,"template":"","format":"standard","meta":{"jnews-multi-image_gallery":[],"jnews_single_post":{"subtitle":"","format":"standard","video":"","gallery":"","source_name":"","source_url":"","via_name":"","via_url":"","override_template":"0","override":[{"template":"4","single_blog_custom":"","parallax":"1","fullscreen":"1","layout":"right-sidebar","sidebar":"default-sidebar","second_sidebar":"default-sidebar","sticky_sidebar":"1","share_position":"top","share_float_style":"share-monocrhome","show_share_counter":"1","show_view_counter":"1","show_featured":"1","show_post_meta":"1","show_post_author":"1","show_post_author_image":"1","show_post_date":"1","post_date_format":"default","post_date_format_custom":"Y\/m\/d","show_post_category":"1","show_post_reading_time":"1","post_reading_time_wpm":"300","show_zoom_button":"1","zoom_button_out_step":"2","zoom_button_in_step":"3","show_post_tag":"1","show_prev_next_post":"1","show_popup_post":"1","number_popup_post":"1","show_author_box":"1","show_post_related":"1","show_inline_post_related":"0"}],"override_image_size":"0","image_override":[{"single_post_thumbnail_size":"crop-500","single_post_gallery_size":"crop-500"}],"trending_post":"0","trending_post_position":"meta","trending_post_label":"Trending","sponsored_post":"0","sponsored_post_label":"Sponsored by","sponsored_post_name":"","sponsored_post_url":"","sponsored_post_logo_enable":"0","sponsored_post_logo":"","sponsored_post_desc":"","disable_ad":"0"},"jnews_primary_category":{"id":"","hide":""},"jnews_social_meta":{"fb_title":"","fb_description":"","fb_image":"","twitter_title":"","twitter_description":"","twitter_image":""},"jnews_review":[],"enable_review":"0","type":"percentage","name":"","summary":"","brand":"","sku":"","good":[{"good_text":""}],"bad":[{"bad_text":""}],"score_override":"","override_value":"","rating":[{"rating_text":"","rating_number":"10"}],"price":[{"shop":"","price":"","link":"","icon":""}],"jnews_override_counter":{"override_view_counter":"0","view_counter_number":"0","override_share_counter":"0","share_counter_number":"0","override_like_counter":"0","like_counter_number":"0","override_dislike_counter":"0","dislike_counter_number":"0"},"jnews_post_split":{"enable_post_split":"0","post_split":[{"template":"1","tag":"h2","numbering":"asc","mode":"normal","first":"0","enable_toc":"0","toc_type":"normal"}]},"footnotes":""},"categories":[88],"tags":[4195,16447,16448,2064,45,2743,5122],"class_list":["post-56537","post","type-post","status-publish","format-standard","has-post-thumbnail","hentry","category-internacionales","tag-carlos-iii","tag-keir-starmer","tag-lider-laborista","tag-londres","tag-noticias","tag-palacio-de-buckingham","tag-primer-ministro-britanico"],"amp_enabled":true,"_links":{"self":[{"href":"https:\/\/esreviral.com\/index.php?rest_route=\/wp\/v2\/posts\/56537"}],"collection":[{"href":"https:\/\/esreviral.com\/index.php?rest_route=\/wp\/v2\/posts"}],"about":[{"href":"https:\/\/esreviral.com\/index.php?rest_route=\/wp\/v2\/types\/post"}],"author":[{"embeddable":true,"href":"https:\/\/esreviral.com\/index.php?rest_route=\/wp\/v2\/users\/3"}],"replies":[{"embeddable":true,"href":"https:\/\/esreviral.com\/index.php?rest_route=%2Fwp%2Fv2%2Fcomments&post=56537"}],"version-history":[{"count":0,"href":"https:\/\/esreviral.com\/index.php?rest_route=\/wp\/v2\/posts\/56537\/revisions"}],"wp:featuredmedia":[{"embeddable":true,"href":"https:\/\/esreviral.com\/index.php?rest_route=\/wp\/v2\/media\/56538"}],"wp:attachment":[{"href":"https:\/\/esreviral.com\/index.php?rest_route=%2Fwp%2Fv2%2Fmedia&parent=56537"}],"wp:term":[{"taxonomy":"category","embeddable":true,"href":"https:\/\/esreviral.com\/index.php?rest_route=%2Fwp%2Fv2%2Fcategories&post=56537"},{"taxonomy":"post_tag","embeddable":true,"href":"https:\/\/esreviral.com\/index.php?rest_route=%2Fwp%2Fv2%2Ftags&post=56537"}],"curies":[{"name":"wp","href":"https:\/\/api.w.org\/{rel}","templated":true}]}}