{"id":56532,"date":"2024-07-04T16:41:28","date_gmt":"2024-07-04T21:41:28","guid":{"rendered":"https:\/\/esreviral.com\/?p=56532"},"modified":"2024-07-04T16:53:58","modified_gmt":"2024-07-04T21:53:58","slug":"edmundo-gonzalez-se-compromete-con-los-venezolanos-en-el-inicio-de-la-campana-las-ffaa-tienen-el-deber-de-respetar-la-voluntad-del-pueblo","status":"publish","type":"post","link":"https:\/\/esreviral.com\/?p=56532","title":{"rendered":"Edmundo Gonz\u00e1lez se compromete con los venezolanos en el inicio de la campa\u00f1a: \u00abLas FFAA tieneN el deber de respetar la voluntad del pueblo\u00bb"},"content":{"rendered":"\n<p>El candidato presidencial del mayor bloque opositor de Venezuela, Edmundo Gonz\u00e1lez Urrutia, dijo este jueves que&nbsp;<strong>aspira a liderar una transici\u00f3n sin exclusi\u00f3n en caso de ganar las elecciones del 28 de julio<\/strong>, en las que se enfrentar\u00e1 a nueve rivales, entre ellos Nicol\u00e1s Maduro.<\/p>\n\n\n\n<p>\u00abA partir del 29 de julio, es necesario que comencemos a trabajar en un cambio de gobierno ordenado y pac\u00edfico, que nos permita iniciar una transici\u00f3n real y duradera, donde todas las fuerzas pol\u00edticas, incluyendo a las que apoyan al actual gobierno,<strong>&nbsp;puedan ejercer sus derechos en el marco de la Constituci\u00f3n\u00bb<\/strong>, dijo el exembajador en su primer mensaje de campa\u00f1a, que arranc\u00f3 este mi\u00e9rcoles y se extender\u00e1 hasta el 25 de julio.<\/p>\n\n\n\n<p>Se\u00f1al\u00f3 tambi\u00e9n que, como eventual comandante en jefe de la Fuerza Armada, se compromete a dirigir la instituci\u00f3n militar en \u00absu papel fundamental\u00bb como<strong>&nbsp;un cuerpo profesional y sin militancia pol\u00edtica<\/strong>&nbsp;-como recoge la Constituci\u00f3n-, a diferencia de Maduro, que asegura que los uniformados son \u00abprofundamente chavistas\u00bb.<\/p>\n\n\n\n<p>\u00abLa Fuerza Armada tiene el deber de respetar la voluntad del pueblo manifestada en las urnas de votaci\u00f3n y estoy seguro de que lo cumplir\u00e1\u00bb, subray\u00f3 Gonz\u00e1lez.<\/p>\n\n\n\n<p>Lea tambi\u00e9n: <strong><a href=\"https:\/\/esreviral.com\/cinco-mesas-para-mas-de-2600-electores-habran-en-argentina-para-las-elecciones-presidenciales-venezolanas\/\">Cinco mesas para m\u00e1s de 2600 electores habr\u00e1n en Argentina para las elecciones presidenciales venezolanas<\/a><\/strong><\/p>\n\n\n\n<blockquote class=\"twitter-tweet\" data-media-max-width=\"560\"><p lang=\"es\" dir=\"ltr\">Venezolanos y venezolanas, cuidar la esperanza es un desaf\u00edo de todos. Unidos vamos a recuperar nuestra democracia, la econom\u00eda y reunificaremos a nuestras familias. <a href=\"https:\/\/t.co\/4UtXTYeMI3\">pic.twitter.com\/4UtXTYeMI3<\/a><\/p>&mdash; Edmundo Gonz\u00e1lez (@EdmundoGU) <a href=\"https:\/\/twitter.com\/EdmundoGU\/status\/1808919100963311822?ref_src=twsrc%5Etfw\">July 4, 2024<\/a><\/blockquote> <script async src=\"https:\/\/platform.twitter.com\/widgets.js\" charset=\"utf-8\"><\/script>\n\n\n\n<h2 class=\"wp-block-heading\">Edmundo Gonz\u00e1lez: \u00abNos toca mantenernos firmes y vigilantes\u00bb<\/h2>\n\n\n\n<p>Consider\u00f3 tambi\u00e9n que un cambio pol\u00edtico en Venezuela, gobernada por el chavismo desde 1999,&nbsp;<strong>\u00abnecesitar\u00e1 estructuras y alianzas\u00bb<\/strong>&nbsp;que podr\u00e1n reforzarse en 2025, cuando se prev\u00e9n elecciones de un nuevo Parlamento -actualmente controlado por el chavismo-, as\u00ed como de gobernadores y alcaldes.<\/p>\n\n\n\n<p>\u00abNos toca mantenernos firmes y vigilantes de una ruta electoral que ser\u00e1 clave para renovar el mandato de autoridades que se comprometan con la democracia, la justicia y la paz\u00bb, asever\u00f3.<\/p>\n\n\n\n<p>Indic\u00f3 que la \u00abreinstitucionalizaci\u00f3n\u00bb del pa\u00eds \u00abes prioritaria para dar fundamento a los programas sociales, en favor de los m\u00e1s vulnerables,&nbsp;<strong>sin ning\u00fan tipo de discriminaci\u00f3n pol\u00edtica\u00bb<\/strong>.<\/p>\n\n\n\n<p>\u00abNi discriminaci\u00f3n, ni persecuci\u00f3n, eso es justicia social\u00bb, a\u00f1adi\u00f3&nbsp;<a href=\"https:\/\/www.bloomberglinea.com\/latinoamerica\/venezuela\/propuestas-de-edmundo-gonzalez-para-las-elecciones-de-venezuela-2024\/\" target=\"_blank\" rel=\"noreferrer noopener\">Gonz\u00e1lez<\/a>, que prometi\u00f3 -entre esa \u00abrestituci\u00f3n de derechos\u00bb- salarios, jubilaciones y pensiones \u00abjustas\u00bb, as\u00ed como inversiones en servicios p\u00fablicos.<\/p>\n\n\n\n<p><strong>\u00abAsumo el compromiso de conducir a Venezuela para convertirla en un pa\u00eds donde todas las personas podamos progresar en paz<\/strong>&nbsp;y con libertad, y para ello cuento con todas las venezolanas y todos los venezolanos y ustedes cuentan conmigo\u00bb, expres\u00f3.<\/p>\n\n\n\n<p class=\"has-text-align-right\"><strong><em>Con informaci\u00f3n de El Nacional.-<\/em><\/strong><\/p>\n","protected":false},"excerpt":{"rendered":"<p>El candidato presidencial del mayor bloque opositor de Venezuela, Edmundo Gonz\u00e1lez Urrutia, dijo este jueves que&nbsp;aspira a liderar una transici\u00f3n sin exclusi\u00f3n en caso de ganar las elecciones del 28 de julio, en las que se enfrentar\u00e1 a nueve rivales, entre ellos Nicol\u00e1s Maduro. \u00abA partir del 29 de julio, es necesario que comencemos a [&hellip;]<\/p>\n","protected":false},"author":2,"featured_media":56533,"comment_status":"open","ping_status":"closed","sticky":false,"template":"","format":"standard","meta":{"jnews-multi-image_gallery":[],"jnews_single_post":{"subtitle":"","format":"standard","video":"","gallery":"","source_name":"","source_url":"","via_name":"","via_url":"","override_template":"0","override":[{"template":"4","single_blog_custom":"","parallax":"1","fullscreen":"1","layout":"right-sidebar","sidebar":"default-sidebar","second_sidebar":"default-sidebar","sticky_sidebar":"1","share_position":"top","share_float_style":"share-monocrhome","show_share_counter":"1","show_view_counter":"1","show_featured":"1","show_post_meta":"1","show_post_author":"1","show_post_author_image":"1","show_post_date":"1","post_date_format":"default","post_date_format_custom":"Y\/m\/d","show_post_category":"1","show_post_reading_time":"1","post_reading_time_wpm":"300","show_zoom_button":"1","zoom_button_out_step":"2","zoom_button_in_step":"3","show_post_tag":"1","show_prev_next_post":"1","show_popup_post":"1","number_popup_post":"1","show_author_box":"1","show_post_related":"1","show_inline_post_related":"0"}],"override_image_size":"0","image_override":[{"single_post_thumbnail_size":"crop-500","single_post_gallery_size":"crop-500"}],"trending_post":"0","trending_post_position":"meta","trending_post_label":"Trending","sponsored_post":"0","sponsored_post_label":"Sponsored by","sponsored_post_name":"","sponsored_post_url":"","sponsored_post_logo_enable":"0","sponsored_post_logo":"","sponsored_post_desc":"","disable_ad":"0"},"jnews_primary_category":{"id":"","hide":""},"jnews_social_meta":{"fb_title":"","fb_description":"","fb_image":"","twitter_title":"","twitter_description":"","twitter_image":""},"jnews_review":[],"enable_review":"0","type":"percentage","name":"","summary":"","brand":"","sku":"","good":[{"good_text":""}],"bad":[{"bad_text":""}],"score_override":"","override_value":"","rating":[{"rating_text":"","rating_number":"10"}],"price":[{"shop":"","price":"","link":"","icon":""}],"jnews_override_counter":{"override_view_counter":"0","view_counter_number":"0","override_share_counter":"0","share_counter_number":"0","override_like_counter":"0","like_counter_number":"0","override_dislike_counter":"0","dislike_counter_number":"0"},"jnews_post_split":{"enable_post_split":"0","post_split":[{"template":"1","tag":"h2","numbering":"asc","mode":"normal","first":"0","enable_toc":"0","toc_type":"normal"}]},"footnotes":""},"categories":[43,59,66],"tags":[14347,3265,45,67,56],"class_list":["post-56532","post","type-post","status-publish","format-standard","has-post-thumbnail","hentry","category-actualidad","category-politica","category-venezuela","tag-edmundo-gonzalez-urrutia","tag-maria-corina-machado-2","tag-noticias","tag-venezolanos-en-argentina","tag-venezuela"],"amp_enabled":true,"_links":{"self":[{"href":"https:\/\/esreviral.com\/index.php?rest_route=\/wp\/v2\/posts\/56532"}],"collection":[{"href":"https:\/\/esreviral.com\/index.php?rest_route=\/wp\/v2\/posts"}],"about":[{"href":"https:\/\/esreviral.com\/index.php?rest_route=\/wp\/v2\/types\/post"}],"author":[{"embeddable":true,"href":"https:\/\/esreviral.com\/index.php?rest_route=\/wp\/v2\/users\/2"}],"replies":[{"embeddable":true,"href":"https:\/\/esreviral.com\/index.php?rest_route=%2Fwp%2Fv2%2Fcomments&post=56532"}],"version-history":[{"count":0,"href":"https:\/\/esreviral.com\/index.php?rest_route=\/wp\/v2\/posts\/56532\/revisions"}],"wp:featuredmedia":[{"embeddable":true,"href":"https:\/\/esreviral.com\/index.php?rest_route=\/wp\/v2\/media\/56533"}],"wp:attachment":[{"href":"https:\/\/esreviral.com\/index.php?rest_route=%2Fwp%2Fv2%2Fmedia&parent=56532"}],"wp:term":[{"taxonomy":"category","embeddable":true,"href":"https:\/\/esreviral.com\/index.php?rest_route=%2Fwp%2Fv2%2Fcategories&post=56532"},{"taxonomy":"post_tag","embeddable":true,"href":"https:\/\/esreviral.com\/index.php?rest_route=%2Fwp%2Fv2%2Ftags&post=56532"}],"curies":[{"name":"wp","href":"https:\/\/api.w.org\/{rel}","templated":true}]}}