{"id":56500,"date":"2024-07-04T09:14:55","date_gmt":"2024-07-04T14:14:55","guid":{"rendered":"https:\/\/esreviral.com\/?p=56500"},"modified":"2024-07-04T09:14:56","modified_gmt":"2024-07-04T14:14:56","slug":"petro-respondio-a-supuesto-video-junto-a-una-mujer-trans-en-panama-los-seres-humanos-son-iguales","status":"publish","type":"post","link":"https:\/\/esreviral.com\/?p=56500","title":{"rendered":"Petro respondi\u00f3 a supuesto video junto a una mujer trans en Panam\u00e1: Los seres humanos son iguales"},"content":{"rendered":"\n<p><strong>\u201cYo soy heterosexual\u201d<\/strong>,\u00a0escribi\u00f3 en X este mi\u00e9rcoles el presidente de Colombia,\u00a0Gustavo Petro, ante un video difundido en redes sociales en el que supuestamente aparece tomado de la mano de una mujer trans.<\/p>\n\n\n\n<p>Im\u00e1genes de un hombre de gorra y camisa blanca junto a una mujer de vestido azul circularon en la plataforma X el lunes, con la afirmaci\u00f3n de que se trataba del mandatario colombiano.<\/p>\n\n\n\n<p>El video supuestamente fue grabado en el centro hist\u00f3rico de\u00a0Ciudad de Panam\u00e1,\u00a0<strong>a donde Petro viaj\u00f3 ese d\u00eda para la investidura de su hom\u00f3logo Jos\u00e9 Ra\u00fal Mulino.<\/strong><\/p>\n\n\n\n<p><strong><mark style=\"background-color:rgba(0, 0, 0, 0)\" class=\"has-inline-color has-vivid-red-color\">\u00bfQui\u00e9n es la mujer trans que habr\u00eda estado con Gustavo Petro?<\/mark><\/strong><\/p>\n\n\n\n<p>El video sirvi\u00f3 de argumento para descalificar moralmente por parte de sus detractores,\u00a0<strong>por la supuesta infidelidad a su mujer,<\/strong>\u00a0sin que se confirmara que se trataba realmente el mandatario.<\/p>\n\n\n\n<p>Poco despu\u00e9s comenz\u00f3 a circular que la mujer trans en cuesti\u00f3n ser\u00eda\u00a0<strong>Linda Yepes<\/strong>, una conocida presentadora colombiana trans, que tambi\u00e9n habl\u00f3 del episodio.<\/p>\n\n\n\n<figure class=\"wp-block-embed is-type-video is-provider-youtube wp-block-embed-youtube wp-embed-aspect-16-9 wp-has-aspect-ratio\"><div class=\"wp-block-embed__wrapper\">\n<div class=\"jeg_video_container jeg_video_content\"><iframe title=\"\u00bfPetro infiel? Presidente de Colombia es visto en Panam\u00e1 con una misteriosa mujer\" width=\"500\" height=\"281\" src=\"https:\/\/www.youtube.com\/embed\/shRcmPdEuCI?feature=oembed\" frameborder=\"0\" allow=\"accelerometer; autoplay; clipboard-write; encrypted-media; gyroscope; picture-in-picture; web-share\" referrerpolicy=\"strict-origin-when-cross-origin\" allowfullscreen><\/iframe><\/div>\n<\/div><\/figure>\n\n\n\n<p>\u201cSiempre he considerado que la intimidad es la \u2018\u00faltima ratio\u2019 de la libertad,<strong>&nbsp;la \u00faltima trinchera del ser libre,<\/strong>&nbsp;y conservar\u00e9 este principio hasta que escriba de m\u00ed mismo o muera\u201d, afirm\u00f3 el presidente.<\/p>\n\n\n\n<p>Petro desestim\u00f3 hablar de la veracidad o no del video, donde la pareja camina de la mano y entre risas, y en cambio se refiri\u00f3 con desagrado&nbsp;<strong>a los comentarios sesgados y reaccionarios<\/strong>&nbsp;contra una persona de otro g\u00e9nero.<\/p>\n\n\n\n<p>\u201cEstos miles de&nbsp;<strong>mensajes transf\u00f3bicos<\/strong>&nbsp;que han estallado en manos de una sociedad de derechas, profundamente&nbsp;<strong>excluyente, ignorante y discriminatoria<\/strong>&nbsp;deben ser rechazadas por el presidente\u201d, asegur\u00f3.<\/p>\n\n\n\n<p>Petro dijo que es heterosexual y que jam\u00e1s escuchar\u00e1n de \u00e9l una palabra transf\u00f3bica. \u201cPorque no solo dejar\u00eda de ser hombre, sino humano.\u00a0<strong>Todo progresista sabe que los seres humanos son iguales\u201d, agreg\u00f3.<\/strong>\u00a0Y concluy\u00f3 se\u00f1alando que la transfobia expresa \u201cbrutalidad\u201d y que esa fue la raz\u00f3n de la existencia de los nazis.<\/p>\n\n\n\n<blockquote class=\"twitter-tweet\"><p lang=\"es\" dir=\"ltr\">Siempre he considerado que la intimidad es la &quot;\u00faltima ratio&quot; de la libertad, la \u00faltima trinchera del ser libre, y conservar\u00e9 este principio hasta que escriba de mi mismo o muera.<br><br>Pero estos miles de mensajes transf\u00f3bicos que han estallado en manos de una sociedad de derechas,\u2026 <a href=\"https:\/\/t.co\/o94OztkGpA\">https:\/\/t.co\/o94OztkGpA<\/a><\/p>&mdash; Gustavo Petro (@petrogustavo) <a href=\"https:\/\/twitter.com\/petrogustavo\/status\/1808502575236362635?ref_src=twsrc%5Etfw\">July 3, 2024<\/a><\/blockquote> <script async src=\"https:\/\/platform.twitter.com\/widgets.js\" charset=\"utf-8\"><\/script>\n\n\n\n\n<p>Quienes sostienen en las redes que se trata del presidente mostraron coincidencias en la ropa que lleva el hombre del video y la que usaba el mandatario cuando aterriz\u00f3 en la capital paname\u00f1a. Por su parte, los seguidores de Petro afirman que es un montaje para desprestigiarlo.<\/p>\n\n\n\n<p>Linda Yepes se refiri\u00f3 al video de la caminata con un posteo en las redes, donde tras conocer que se viraliz\u00f3 lo tom\u00f3 con entusiasmo.<strong>&nbsp;\u201c\u00a1No puedo creer que soy tendencia en el mundo! \u00a1C\u00f3mo as\u00ed, qu\u00e9 momento!\u201d,<\/strong>&nbsp;dijo entre risas.<\/p>\n\n\n\n<p>En una entrevista con el canal Univisi\u00f3n, la mujer<strong>&nbsp;se neg\u00f3 a confirmar si es quien aparece en el video<\/strong>. \u201cTodav\u00eda no puedo dar los detalles (\u2026) no puedo darte una respuesta concreta porque estoy recibiendo amenazas\u201d, dijo. \u201cMe est\u00e1 llamando el equipo de presidencia, voy a estar aqu\u00ed dispuesta para ustedes para cuando me permitan hablar\u201d, a\u00f1adi\u00f3.<\/p>\n\n\n\n<p>Petro est\u00e1 casado con&nbsp;<strong>Ver\u00f3nica Alcocer<\/strong>, quien qued\u00f3 indirectamente involucrada en la controversia viralizada por ser la pareja del presidente.<\/p>\n\n\n\n<p>Petro, el primer izquierdista en el poder de Colombia, es un fuerte defensor de los derechos LGBTIQ+, un colectivo que en buena parte respald\u00f3 su llegada a la presidencia en 2022.<\/p>\n\n\n\n<p>La viralizaci\u00f3n del video y los comentarios despectivos se dieron en una semana en la que&nbsp;<strong>Petro reconfigur\u00f3 su gabinete de gobierno,<\/strong>&nbsp;cuando se acercan sus dos a\u00f1os de mandato. En los \u00faltimos d\u00edas Petro reemplaz\u00f3 a los titulares de las carteras del&nbsp;<strong>Interior, Justicia, Infraestructura y Agricultura y Transporte.<\/strong><\/p>\n\n\n\n<p>La renovaci\u00f3n\u00a0<strong>gener\u00f3 tensi\u00f3n<\/strong>\u00a0y provoc\u00f3 que varios de los ministros defendieran su gesti\u00f3n p\u00fablicamente, entre ellos la saliente l\u00edder de Agricultura y el ministro de Tecnolog\u00edas de la Informaci\u00f3n y las Comunicaciones.<\/p>\n\n\n\n<p class=\"has-text-align-center\"><strong><a href=\"https:\/\/chat.whatsapp.com\/KWkTmakY3I05kNdd2oZl6d\">\u00daNETE A NUESTRO GRUPO DE WHATSAPP PARA ESTAR INFORMADO<\/a><\/strong><\/p>\n\n\n\n<p class=\"has-text-align-right\"><strong><em>ElNacional.-<\/em><\/strong><\/p>\n","protected":false},"excerpt":{"rendered":"<p>Im\u00e1genes de un hombre de gorra y camisa blanca junto a una chica de vestido azul circularon en la plataforma X el lunes, con la afirmaci\u00f3n de que se trataba del mandatario colombiano<\/p>\n","protected":false},"author":3,"featured_media":56501,"comment_status":"open","ping_status":"open","sticky":false,"template":"","format":"standard","meta":{"jnews-multi-image_gallery":[],"jnews_single_post":{"subtitle":"","format":"standard","video":"","gallery":"","source_name":"","source_url":"","via_name":"","via_url":"","override_template":"0","override":[{"template":"4","single_blog_custom":"","parallax":"1","fullscreen":"1","layout":"right-sidebar","sidebar":"default-sidebar","second_sidebar":"default-sidebar","sticky_sidebar":"1","share_position":"top","share_float_style":"share-monocrhome","show_share_counter":"1","show_view_counter":"1","show_featured":"1","show_post_meta":"1","show_post_author":"1","show_post_author_image":"1","show_post_date":"1","post_date_format":"default","post_date_format_custom":"Y\/m\/d","show_post_category":"1","show_post_reading_time":"1","post_reading_time_wpm":"300","show_zoom_button":"1","zoom_button_out_step":"2","zoom_button_in_step":"3","show_post_tag":"1","show_prev_next_post":"1","show_popup_post":"1","number_popup_post":"1","show_author_box":"1","show_post_related":"1","show_inline_post_related":"0"}],"override_image_size":"0","image_override":[{"single_post_thumbnail_size":"crop-500","single_post_gallery_size":"crop-500"}],"trending_post":"0","trending_post_position":"meta","trending_post_label":"Trending","sponsored_post":"0","sponsored_post_label":"Sponsored by","sponsored_post_name":"","sponsored_post_url":"","sponsored_post_logo_enable":"0","sponsored_post_logo":"","sponsored_post_desc":"","disable_ad":"0"},"jnews_primary_category":{"id":"","hide":""},"jnews_social_meta":{"fb_title":"","fb_description":"","fb_image":"","twitter_title":"","twitter_description":"","twitter_image":""},"jnews_review":[],"enable_review":"0","type":"percentage","name":"","summary":"","brand":"","sku":"","good":[{"good_text":""}],"bad":[{"bad_text":""}],"score_override":"","override_value":"","rating":[{"rating_text":"","rating_number":"10"}],"price":[{"shop":"","price":"","link":"","icon":""}],"jnews_override_counter":{"override_view_counter":"0","view_counter_number":"0","override_share_counter":"0","share_counter_number":"0","override_like_counter":"0","like_counter_number":"0","override_dislike_counter":"0","dislike_counter_number":"0"},"jnews_post_split":{"enable_post_split":"0","post_split":[{"template":"1","tag":"h2","numbering":"asc","mode":"normal","first":"0","enable_toc":"0","toc_type":"normal"}]},"footnotes":""},"categories":[88],"tags":[283,1549,10824,2774],"class_list":["post-56500","post","type-post","status-publish","format-standard","has-post-thumbnail","hentry","category-internacionales","tag-colombia","tag-gustavo-petro","tag-mujer-trans","tag-presidente-de-colombia"],"amp_enabled":true,"_links":{"self":[{"href":"https:\/\/esreviral.com\/index.php?rest_route=\/wp\/v2\/posts\/56500"}],"collection":[{"href":"https:\/\/esreviral.com\/index.php?rest_route=\/wp\/v2\/posts"}],"about":[{"href":"https:\/\/esreviral.com\/index.php?rest_route=\/wp\/v2\/types\/post"}],"author":[{"embeddable":true,"href":"https:\/\/esreviral.com\/index.php?rest_route=\/wp\/v2\/users\/3"}],"replies":[{"embeddable":true,"href":"https:\/\/esreviral.com\/index.php?rest_route=%2Fwp%2Fv2%2Fcomments&post=56500"}],"version-history":[{"count":0,"href":"https:\/\/esreviral.com\/index.php?rest_route=\/wp\/v2\/posts\/56500\/revisions"}],"wp:featuredmedia":[{"embeddable":true,"href":"https:\/\/esreviral.com\/index.php?rest_route=\/wp\/v2\/media\/56501"}],"wp:attachment":[{"href":"https:\/\/esreviral.com\/index.php?rest_route=%2Fwp%2Fv2%2Fmedia&parent=56500"}],"wp:term":[{"taxonomy":"category","embeddable":true,"href":"https:\/\/esreviral.com\/index.php?rest_route=%2Fwp%2Fv2%2Fcategories&post=56500"},{"taxonomy":"post_tag","embeddable":true,"href":"https:\/\/esreviral.com\/index.php?rest_route=%2Fwp%2Fv2%2Ftags&post=56500"}],"curies":[{"name":"wp","href":"https:\/\/api.w.org\/{rel}","templated":true}]}}