{"id":56494,"date":"2024-07-04T07:52:07","date_gmt":"2024-07-04T12:52:07","guid":{"rendered":"https:\/\/esreviral.com\/?p=56494"},"modified":"2024-07-04T07:52:08","modified_gmt":"2024-07-04T12:52:08","slug":"emprendedores-vl-todos-los-talleres-que-llegan-en-julio","status":"publish","type":"post","link":"https:\/\/esreviral.com\/?p=56494","title":{"rendered":"Emprendedores VL: todos los talleres que llegan en julio"},"content":{"rendered":"\n<p><strong>En julio, Vicente L\u00f3pez contin\u00faa ofreciendo una variedad de talleres para impulsar a los vecinos con sus emprendimientos<\/strong>. En este sentido, habr\u00e1 una oferta para aprender distintas habilidades en el Centro Universitario de Vicente L\u00f3pez (Carlos Villate 4480, Munro).<\/p>\n\n\n\n<p>El primero comenzar\u00e1 el 11 de julio y le ofrecer\u00e1 a los vecinos la posibilidad de aprender todo sobre c\u00f3mo utilizar la plataforma Canva. Esto les permitir\u00e1 dise\u00f1ar publicaciones para Instagram, Facebook, WhatsApp y LinkedIn en diversos formatos mediante la selecci\u00f3n y edici\u00f3n de plantillas.<\/p>\n\n\n\n<p>Para inscribirse, los interesados pueden ingresar\u00a0<a rel=\"noreferrer noopener\" href=\"https:\/\/munvl.musvc2.net\/e\/tr?q=5%3dKVKXI%26E%3dJ%26F%3dDWHSC%26H%3dIZGZHU%267%3dAAL2_Khub_VR_Jcvg_TR_Khub_UWO9P.CAo85LqE6HqS.xG8.49_Jcvg_TR6vF6K6MzBC74LzLmKzG8E_9ses_IhzHC7p4u75_Khub_UW7yI97z7v61KvK8E--A3xEvJ-m5t-5mGC3-%26p%3dFBK86I.FqM%26zK%3dDXMUJ%26M0%3dTLUKbIcJSGWNTI%26A%3dr7o5HY3m4roTHYJVtZFXLUEVvVp7wTIctbrXM6EZw7DcHTIUMYq8PXG5MZKUv7q7P5p5&amp;mupckp=mupAtu4m8OiX0wt\" target=\"_blank\">www.vicentelopez.gov.ar\/centrouniversitariovl\/novedades\/emprendedoresvl&#8211;taller-abc-canva-<\/a><\/p>\n\n\n\n<p>Luego, se brindar\u00e1 un taller sobre Redes y M\u00e9tricas. El objetivo de esta capacitaci\u00f3n es que los vecinos puedan optimizar las publicaciones y dar el salto a la publicidad paga en Instagram y Facebook. Este comenzar\u00e1 el 16 de julio y la inscripci\u00f3n se podr\u00e1 realizar en:&nbsp;<a href=\"https:\/\/munvl.musvc2.net\/e\/tr?q=9%3dKVObI%26E%3dN%26J%3dDWLWC%26H%3dMdGZLY%267%3dAEP2_Klyb_VV_Ncvk_XR_Klyb_UaS9P.GEo89PqE0LqS.2K8.4C_Ncvk_XR6zJ6K0QzBGA4L4PmK4K8E_Cwes_MlzHGAp4yA5_Klyb_UaAyICAz7z01KzO8E--E7xEzN-p8-CAp8D-U-y8ENu6vO-%26p%3dFFO86M.JqM%264O%3dDXQYJ%26MD%3dXLUOfIcNWGWRX7m4vI%26A%3dOdp7zYHcSapa1XpT1AGcvYGawbC9TArZx9r4PYm8S0r4SApZRdD6QWo4x7H9QaK9&amp;mupckp=mupAtu4m8OiX0wt\" target=\"_blank\" rel=\"noreferrer noopener\">www.vicentelopez.gov.ar\/centrouniversitariovl\/novedades\/emprendedoresvl&#8211;taller-de-redes-y-metricas-<\/a><\/p>\n\n\n\n<p>Por \u00faltimo, el 18 de julio iniciar\u00e1 el curso de \u201cPlanificaci\u00f3n y Gesti\u00f3n del Tiempo\u201d, que tiene como fin que los emprendedores puedan aprender a planificar sus negocios y proyectos. Los interesados pueden encontrar m\u00e1s informaci\u00f3n en:&nbsp;<a href=\"https:\/\/munvl.musvc2.net\/e\/tr?q=8%3dBWNa0%26F%3dM%26I%3d5XKV4%26I%3dLc8aKX%26x%3dBDOs_LkxS_WU_MTwj_WI_LkxS_VZRzQ.FDf98OhF9KhT.1Jy.5B_MTwj_WI7yIwL9PqCF0uM3OdL3JyF_BvVt_LkqIF0g5x0v_LkxS_VZ0pJB0q8y9rLyNyF--D6oFyM-g9-0GdH3Al7u8lI8-T-j9COlI8-9hF-DDhG0J-%26g%3dGENy7L.IhN%263N%3d5YPX6d5uA%26NC%3dWCVNe0dMV8XQW0%26B%3dw9dVw8AUPbA9QVBaxAg9wX8ZLAgZz978xZg0xVicQWe8Q678T7CdMY6UQWhaMABd&amp;mupckp=mupAtu4m8OiX0wt\" target=\"_blank\" rel=\"noreferrer noopener\">www.vicentelopez.gov.ar\/centrouniversitariovl\/novedades\/emprendedoresvl&#8211;taller-de-planificacion-y-gestion-del-tiempo-<\/a><\/p>\n\n\n\n<p>La actividad forma parte del <strong>programa Emprendedores VL<\/strong>, impulsado por la Municipalidad de Vicente L\u00f3pez. Mediante la iniciativa se busca promover el esp\u00edritu emprendedor a trav\u00e9s de la formaci\u00f3n de habilidades y conocimientos pr\u00e1cticos que lleven a profesionalizar y repensar el desarrollo de los emprendimientos.\u00a0\u00a0<\/p>\n\n\n\n<p>Emprendedores VL es un espacio gratuito para los vecinos de Vicente L\u00f3pez para potenciar nuevos proyectos productivos.&nbsp;<\/p>\n\n\n\n<p>Ante cualquier consulta, los vecinos pueden comunicarse\u00a0<a rel=\"noreferrer noopener\" href=\"mailto:emprendedores@mvl.edu.ar\" target=\"_blank\">emprendedores@mvl.edu.ar<\/a>.<\/p>\n\n\n\n<p class=\"has-text-align-right\"><em><strong>Prensa Vicente Lopez<\/strong>.-<\/em><\/p>\n","protected":false},"excerpt":{"rendered":"<p>En julio, Vicente L\u00f3pez contin\u00faa ofreciendo una variedad de talleres para impulsar a los vecinos con sus emprendimientos. En este sentido, habr\u00e1 una oferta para aprender distintas habilidades en el Centro Universitario de Vicente L\u00f3pez (Carlos Villate 4480, Munro).<\/p>\n","protected":false},"author":3,"featured_media":56495,"comment_status":"open","ping_status":"open","sticky":false,"template":"","format":"standard","meta":{"jnews-multi-image_gallery":[],"jnews_single_post":{"subtitle":"","format":"standard","video":"","gallery":"","source_name":"","source_url":"","via_name":"","via_url":"","override_template":"0","override":[{"template":"4","single_blog_custom":"","parallax":"1","fullscreen":"1","layout":"right-sidebar","sidebar":"default-sidebar","second_sidebar":"default-sidebar","sticky_sidebar":"1","share_position":"top","share_float_style":"share-monocrhome","show_share_counter":"1","show_view_counter":"1","show_featured":"1","show_post_meta":"1","show_post_author":"1","show_post_author_image":"1","show_post_date":"1","post_date_format":"default","post_date_format_custom":"Y\/m\/d","show_post_category":"1","show_post_reading_time":"1","post_reading_time_wpm":"300","show_zoom_button":"1","zoom_button_out_step":"2","zoom_button_in_step":"3","show_post_tag":"1","show_prev_next_post":"1","show_popup_post":"1","number_popup_post":"1","show_author_box":"1","show_post_related":"1","show_inline_post_related":"0"}],"override_image_size":"0","image_override":[{"single_post_thumbnail_size":"crop-500","single_post_gallery_size":"crop-500"}],"trending_post":"0","trending_post_position":"meta","trending_post_label":"Trending","sponsored_post":"0","sponsored_post_label":"Sponsored by","sponsored_post_name":"","sponsored_post_url":"","sponsored_post_logo_enable":"0","sponsored_post_logo":"","sponsored_post_desc":"","disable_ad":"0"},"jnews_primary_category":{"id":"","hide":""},"jnews_social_meta":{"fb_title":"","fb_description":"","fb_image":"","twitter_title":"","twitter_description":"","twitter_image":""},"jnews_review":[],"enable_review":"0","type":"percentage","name":"","summary":"","brand":"","sku":"","good":[{"good_text":""}],"bad":[{"bad_text":""}],"score_override":"","override_value":"","rating":[{"rating_text":"","rating_number":"10"}],"price":[{"shop":"","price":"","link":"","icon":""}],"jnews_override_counter":{"override_view_counter":"0","view_counter_number":"0","override_share_counter":"0","share_counter_number":"0","override_like_counter":"0","like_counter_number":"0","override_dislike_counter":"0","dislike_counter_number":"0"},"jnews_post_split":{"enable_post_split":"0","post_split":[{"template":"1","tag":"h2","numbering":"asc","mode":"normal","first":"0","enable_toc":"0","toc_type":"normal"}]},"footnotes":""},"categories":[58],"tags":[44,16426,809,45,941],"class_list":["post-56494","post","type-post","status-publish","format-standard","has-post-thumbnail","hentry","category-argentina","tag-argentina","tag-emprendedores-vl","tag-emprendimientos","tag-noticias","tag-vicente-lopez"],"amp_enabled":true,"_links":{"self":[{"href":"https:\/\/esreviral.com\/index.php?rest_route=\/wp\/v2\/posts\/56494"}],"collection":[{"href":"https:\/\/esreviral.com\/index.php?rest_route=\/wp\/v2\/posts"}],"about":[{"href":"https:\/\/esreviral.com\/index.php?rest_route=\/wp\/v2\/types\/post"}],"author":[{"embeddable":true,"href":"https:\/\/esreviral.com\/index.php?rest_route=\/wp\/v2\/users\/3"}],"replies":[{"embeddable":true,"href":"https:\/\/esreviral.com\/index.php?rest_route=%2Fwp%2Fv2%2Fcomments&post=56494"}],"version-history":[{"count":0,"href":"https:\/\/esreviral.com\/index.php?rest_route=\/wp\/v2\/posts\/56494\/revisions"}],"wp:featuredmedia":[{"embeddable":true,"href":"https:\/\/esreviral.com\/index.php?rest_route=\/wp\/v2\/media\/56495"}],"wp:attachment":[{"href":"https:\/\/esreviral.com\/index.php?rest_route=%2Fwp%2Fv2%2Fmedia&parent=56494"}],"wp:term":[{"taxonomy":"category","embeddable":true,"href":"https:\/\/esreviral.com\/index.php?rest_route=%2Fwp%2Fv2%2Fcategories&post=56494"},{"taxonomy":"post_tag","embeddable":true,"href":"https:\/\/esreviral.com\/index.php?rest_route=%2Fwp%2Fv2%2Ftags&post=56494"}],"curies":[{"name":"wp","href":"https:\/\/api.w.org\/{rel}","templated":true}]}}