{"id":56378,"date":"2024-07-02T10:21:11","date_gmt":"2024-07-02T15:21:11","guid":{"rendered":"https:\/\/esreviral.com\/?p=56378"},"modified":"2024-07-02T12:15:12","modified_gmt":"2024-07-02T17:15:12","slug":"el-gobierno-ratifico-que-no-habra-cambios-en-la-politica-cambiaria","status":"publish","type":"post","link":"https:\/\/esreviral.com\/?p=56378","title":{"rendered":"El Gobierno ratific\u00f3 que no habr\u00e1 cambios en la pol\u00edtica cambiaria"},"content":{"rendered":"\n<p>En medio de una\u00a0nueva suba del d\u00f3lar blue, que alcanz\u00f3 los 1425 pesos, el vocero presidencial,\u00a0<strong>Manuel Adorni, adelant\u00f3 c\u00f3mo seguir\u00e1 el camino de la gesti\u00f3n del presidente Javier Milei<\/strong>\u00a0en las pr\u00f3ximas semanas \u201cEl\u00a0equilibrio y la emisi\u00f3n cero\u00a0est\u00e1n garantizadas.\u00a0No vamos a devaluar ni a corrernos un cent\u00edmetro de lo que anunci\u00f3 [Luis] Caputo\u201d, dijo.<\/p>\n\n\n\n<p>\u201cCuando anunciamos que ten\u00edamos la decisi\u00f3n de llegar al d\u00e9ficit cero el d\u00f3lar peg\u00f3 un salto tambi\u00e9n, y cuando esos descre\u00eddos nos creyeron se termin\u00f3 acomodando. Hoy anunciamos la emisi\u00f3n cero y es probable que algunos piensen que el d\u00f3lar tiene que estar a m\u00e1s de lo que estaba ayer.&nbsp;<strong>Lo que opine ese grupo de personas no interfiere en nuestro plan y en nuestro camino<\/strong>\u201d, agreg\u00f3.<\/p>\n\n\n\n<p>Y remarc\u00f3: \u201c<strong>Sabemos qu\u00e9 hacemos y tenemos mucha convicci\u00f3n<\/strong>. No damos un paso atr\u00e1s ni para darnos impulso. Vamos a seguir adelante, no importa lo que digan\u201d.<\/p>\n\n\n\n<figure class=\"wp-block-image size-large\"><img decoding=\"async\" src=\"https:\/\/resizer.glanacion.com\/resizer\/v2\/la-conferencia-de-prensa-que-dieron-el-ministro-B3ZZMHNGSRGNRORQQHMNS6ZQ6A.JPG?auth=cac93397cd42a5141d875e1fae4f6bbd84e5ab4791d9587526ea7c6f3f9ec853&amp;width=780&amp;height=520&amp;quality=70&amp;smart=true\" alt=\"\"\/><\/figure>\n\n\n\n<p>Asimismo, el portavoz destac\u00f3 que en los primeros seis meses de gesti\u00f3n, el Banco Naci\u00f3n otorg\u00f3 cinco mil millones de pesos en cr\u00e9ditos de producci\u00f3n de empresas y consumo de familias, lo que representa un aumento de casi el 500% respecto al mismo mes del a\u00f1o anterior. \u201cDe este monto, una parte fue a la financiaci\u00f3n de micro, peque\u00f1as y medianas empresas y otra parte a inversiones y capital de trabajo. Los argentinos ahora tienen un futuro de prosperidad laboral\u201d, indic\u00f3, mientras que tambi\u00e9n&nbsp;<strong>remarc\u00f3 el crecimiento que tuvieron los incentivos a las inversiones y a la producci\u00f3n en el primer semestre<\/strong>.<\/p>\n\n\n\n<p>\u201cA esto se suman otras medidas que se tomaron en estos seis meses para sacarle de encima la presi\u00f3n del Estado elefanti\u00e1sico a los productores.\u00a0Es parte del camino, vamos a seguir trabajando en desregular mercados\u201d, enumer\u00f3.<\/p>\n\n\n\n<p>Por otro lado, dijo que desde el Gobierno \u201cest\u00e1n preocupados\u201d por la situaci\u00f3n del desempleo en la Argentina. \u201cCualquier situaci\u00f3n que perturbe a la gente nos preocupa: el mercado laboral, el nivel salarial y de informalidad, cuestiones que hacen a la dignidad y al estado del trabajador\u201d, expres\u00f3 y subray\u00f3: \u201c<strong>Entendemos la situaci\u00f3n y c\u00f3mo salir, pero lleva tiempo<\/strong>. Efectivamente,&nbsp;<strong>venimos de estar inmersos en el quinto piso del infierno<\/strong>, \u00bfqu\u00e9 mejor que hacer todo para que los trabajadores est\u00e9n mejor?\u201d.<\/p>\n\n\n\n<p>\u201cPara eso se necesitan cuestiones que no son de resoluci\u00f3n inmediata, como inversiones, instituciones y que respetemos la ley y las reglas del juego, cosa que muchas veces no pasa. Lo vimos en bloqueos y otras circunstancias penosas\u201d, sentenci\u00f3.<\/p>\n\n\n\n<figure class=\"wp-block-image size-large\"><img decoding=\"async\" src=\"https:\/\/resizer.glanacion.com\/resizer\/v2\/el-portavoz-presidencial-manuel-LZIUQRSX2VEBBN7FGEDTSRQVZQ.jpg?auth=1bb01074c4d9daa4384284c1c88c721b29a3f8db41c2cc435f318f0fdd030b0f&amp;width=780&amp;height=583&amp;quality=70&amp;smart=true\" alt=\"\"\/><\/figure>\n\n\n\n<p>En otro momento de la conferencia, Adorni remarc\u00f3 que\u00a0<strong>el \u00faltimo dato de la jubilaci\u00f3n respecto de la inflaci\u00f3n dio resultados positivos<\/strong>. \u201cEsto no significa que las jubilaciones sean altas ni buenas, ni que hayamos escapado del esquema populista que es una verg\u00fcenza.\u00a0Si hay una modificaci\u00f3n en torno a las jubilaciones va a ser dentro de la regla del equilibrio fiscal: el sistema no puede seguir como est\u00e1, por los valores y porque no es sostenible en el tiempo y todos somos conscientes de eso\u201d, consider\u00f3.<\/p>\n\n\n\n<p>Finalmente, el portavoz se refiri\u00f3 a las\u00a0<strong>declaraciones del asesor econ\u00f3mico del Presidente, Fausto Spotorno<\/strong>, que tild\u00f3 al Gobierno como responsable de la negativa reacci\u00f3n del mercado tras el discurso de Luis Caputo y Santiago Bausilli el viernes pasado y calific\u00f3 al anuncio de \u201cmuy malo\u201d. \u201cDio su opini\u00f3n y me parece bien. Entiendo que se refiri\u00f3 a que el anuncio fue m\u00e1s t\u00e9cnico cuando \u00e9l esperaba algo m\u00e1s coloquial\u201d, opin\u00f3 Adorni, que resalt\u00f3 que el economista es alguien con quien tiene una \u201crelaci\u00f3n personal\u201d.<\/p>\n\n\n\n<p class=\"has-text-align-center\"><strong><a href=\"https:\/\/chat.whatsapp.com\/KWkTmakY3I05kNdd2oZl6d\">\u00daNETE A NUESTRO GRUPO DE WHATSAPP PARA ESTAR INFORMADO<\/a><\/strong><\/p>\n\n\n\n<p class=\"has-text-align-center\"><strong><em><mark style=\"background-color:rgba(0, 0, 0, 0)\" class=\"has-inline-color has-vivid-red-color\"><a href=\"https:\/\/esreviral.com\/el-dolar-blue-continua-en-alza-y-el-mercado-continua-mostrando-su-descontento\/\" data-type=\"link\" data-id=\"https:\/\/esreviral.com\/el-dolar-blue-continua-en-alza-y-el-mercado-continua-mostrando-su-descontento\/\">Lea Tambi\u00e9n: La econom\u00eda argentina en estado de shock: El d\u00f3lar blue sigue su escalada sin control<\/a><\/mark><\/em><\/strong><\/p>\n\n\n\n<p class=\"has-text-align-right\"><em><strong>LA NACION.-<\/strong><\/em><\/p>\n","protected":false},"excerpt":{"rendered":"<p>El vocero presidencial, Manuel Adorni, confi\u00f3 en que el tipo de cambio se va a estabilizar en los pr\u00f3ximos d\u00edas. Adem\u00e1s, ratific\u00f3 el rumbo del programa econ\u00f3mico: \u201cVamos a seguir adelante, no importa lo que digan\u201d.<\/p>\n","protected":false},"author":3,"featured_media":56379,"comment_status":"open","ping_status":"open","sticky":false,"template":"","format":"standard","meta":{"jnews-multi-image_gallery":[],"jnews_single_post":{"subtitle":"","format":"standard","video":"","gallery":"","source_name":"","source_url":"","via_name":"","via_url":"","override_template":"0","override":[{"template":"4","single_blog_custom":"","parallax":"1","fullscreen":"1","layout":"right-sidebar","sidebar":"default-sidebar","second_sidebar":"default-sidebar","sticky_sidebar":"1","share_position":"top","share_float_style":"share-monocrhome","show_share_counter":"1","show_view_counter":"1","show_featured":"1","show_post_meta":"1","show_post_author":"1","show_post_author_image":"1","show_post_date":"1","post_date_format":"default","post_date_format_custom":"Y\/m\/d","show_post_category":"1","show_post_reading_time":"1","post_reading_time_wpm":"300","show_zoom_button":"1","zoom_button_out_step":"2","zoom_button_in_step":"3","show_post_tag":"1","show_prev_next_post":"1","show_popup_post":"1","number_popup_post":"1","show_author_box":"1","show_post_related":"1","show_inline_post_related":"0"}],"override_image_size":"0","image_override":[{"single_post_thumbnail_size":"crop-500","single_post_gallery_size":"crop-500"}],"trending_post":"0","trending_post_position":"meta","trending_post_label":"Trending","sponsored_post":"0","sponsored_post_label":"Sponsored by","sponsored_post_name":"","sponsored_post_url":"","sponsored_post_logo_enable":"0","sponsored_post_logo":"","sponsored_post_desc":"","disable_ad":"0"},"jnews_primary_category":{"id":"","hide":""},"jnews_social_meta":{"fb_title":"","fb_description":"","fb_image":"","twitter_title":"","twitter_description":"","twitter_image":""},"jnews_review":[],"enable_review":"0","type":"percentage","name":"","summary":"","brand":"","sku":"","good":[{"good_text":""}],"bad":[{"bad_text":""}],"score_override":"","override_value":"","rating":[{"rating_text":"","rating_number":"10"}],"price":[{"shop":"","price":"","link":"","icon":""}],"jnews_override_counter":{"override_view_counter":"0","view_counter_number":"0","override_share_counter":"0","share_counter_number":"0","override_like_counter":"0","like_counter_number":"0","override_dislike_counter":"0","dislike_counter_number":"0"},"jnews_post_split":{"enable_post_split":"0","post_split":[{"template":"1","tag":"h2","numbering":"asc","mode":"normal","first":"0","enable_toc":"0","toc_type":"normal"}]},"footnotes":""},"categories":[58,61,59],"tags":[44,3105,3227,12936,45,16398,16399],"class_list":["post-56378","post","type-post","status-publish","format-standard","has-post-thumbnail","hentry","category-argentina","category-economia","category-politica","tag-argentina","tag-casa-rosada","tag-dolar-blue-2","tag-manuel-adorni","tag-noticias","tag-plan-de-caputo","tag-politica-cambiaria"],"amp_enabled":true,"_links":{"self":[{"href":"https:\/\/esreviral.com\/index.php?rest_route=\/wp\/v2\/posts\/56378"}],"collection":[{"href":"https:\/\/esreviral.com\/index.php?rest_route=\/wp\/v2\/posts"}],"about":[{"href":"https:\/\/esreviral.com\/index.php?rest_route=\/wp\/v2\/types\/post"}],"author":[{"embeddable":true,"href":"https:\/\/esreviral.com\/index.php?rest_route=\/wp\/v2\/users\/3"}],"replies":[{"embeddable":true,"href":"https:\/\/esreviral.com\/index.php?rest_route=%2Fwp%2Fv2%2Fcomments&post=56378"}],"version-history":[{"count":0,"href":"https:\/\/esreviral.com\/index.php?rest_route=\/wp\/v2\/posts\/56378\/revisions"}],"wp:featuredmedia":[{"embeddable":true,"href":"https:\/\/esreviral.com\/index.php?rest_route=\/wp\/v2\/media\/56379"}],"wp:attachment":[{"href":"https:\/\/esreviral.com\/index.php?rest_route=%2Fwp%2Fv2%2Fmedia&parent=56378"}],"wp:term":[{"taxonomy":"category","embeddable":true,"href":"https:\/\/esreviral.com\/index.php?rest_route=%2Fwp%2Fv2%2Fcategories&post=56378"},{"taxonomy":"post_tag","embeddable":true,"href":"https:\/\/esreviral.com\/index.php?rest_route=%2Fwp%2Fv2%2Ftags&post=56378"}],"curies":[{"name":"wp","href":"https:\/\/api.w.org\/{rel}","templated":true}]}}