{"id":56346,"date":"2024-07-02T07:15:26","date_gmt":"2024-07-02T12:15:26","guid":{"rendered":"https:\/\/esreviral.com\/?p=56346"},"modified":"2024-07-02T07:15:26","modified_gmt":"2024-07-02T12:15:26","slug":"maduro-anuncio-la-reanudacion-del-dialogo-con-estados-unidos","status":"publish","type":"post","link":"https:\/\/esreviral.com\/?p=56346","title":{"rendered":"Maduro anunci\u00f3 la reanudaci\u00f3n del di\u00e1logo con Estados Unidos"},"content":{"rendered":"\n<p><strong>Nicol\u00e1s Maduro, anunci\u00f3 este lunes que el pr\u00f3ximo mi\u00e9rcoles reiniciar\u00e1 el proceso de di\u00e1logo con el Gobierno de Estados Unidos<\/strong>, luego de -dijo- haber recibido propuestas de retomar conversaciones durante dos meses. <\/p>\n\n\n\n<p>\u201c<strong><em>Yo he recibido la propuesta durante dos meses continuos del Gobierno de los Estados Unidos para restablecer las conversaciones y el di\u00e1logo directo, luego de pensarlo durante dos meses he aceptado, el pr\u00f3ximo mi\u00e9rcoles se reinician las conversaciones con Estados Unidos\u201d<\/em>,<\/strong> dijo el mandatario en su programa de televisi\u00f3n semanal. <\/p>\n\n\n\n<p>Maduro se\u00f1al\u00f3 que esta nueva ronda de negociaci\u00f3n ser\u00e1 que Estados Unidos \u201c<strong><em>cumpla con los acuerdos firmados en Catar y para restablecer los t\u00e9rminos del di\u00e1logo con respeto, sin manipulaciones<\/em><\/strong>\u201d. <\/p>\n\n\n\n<p>\u201cAdem\u00e1s, que sean di\u00e1logos p\u00fablicos, sin especulaci\u00f3n, no nos vamos a estar viendo escondidos\u201d, a\u00f1adi\u00f3. <\/p>\n\n\n\n<p>El mandatario dijo que el presidente del Parlamento, Jorge Rodr\u00edguez, ser\u00e1 el representante por la naci\u00f3n caribe\u00f1a en este proceso de di\u00e1logo, junto al gobernador del estado Miranda (norte), H\u00e9ctor Rodr\u00edguez. <\/p>\n\n\n\n<p>\u201cVamos a debatir y a buscar nuevos acuerdos para que se cumpla lo firmado en Catar, quiero di\u00e1logo, quiero entendimiento, quiero futuro para nuestras relaciones, quiero cambios, eso s\u00ed, bajo la soberan\u00eda absoluta y la independencia de Venezuela\u201d, sostuvo. <\/p>\n\n\n\n<p>Desde marzo de 2022, cuando una delegaci\u00f3n de la Casa Blanca viaj\u00f3 a Caracas a reunirse con Maduro, las conversaciones entre <strong>Estados Unidos y Venezuela<\/strong> han sido intermitentes, y con altibajos.<\/p>\n\n\n\n<p>Los encuentros se repitieron posteriormente en varios lugares, con, al menos, una segunda visita de una misi\u00f3n estadounidense a Caracas. <\/p>\n\n\n\n<p>Entre los acuerdos alcanzados, se encuentra el levantamiento parcial de sanciones norteamericanas a Venezuela en octubre pasado, un alivio que fue revertido seis meses despu\u00e9s, al no cumplir Caracas -seg\u00fan el Ejecutivo de Joe Biden- con lo pactado en el Acuerdo de Barbados, suscrito con la oposici\u00f3n. <\/p>\n\n\n\n<p>Uno de los incumplimientos se\u00f1alados por el pa\u00eds norteamericano est\u00e1 que no se hayan levantado las inhabilitaciones a todos pol\u00edticos opositores venezolanos, sobre los que pesan sanciones administrativas, como la l\u00edder Mar\u00eda Corina Machado, quien no puede presentarse a las elecciones presidenciales del pr\u00f3ximo 28 de julio debido a esta medida. <\/p>\n\n\n\n<p>Sin embargo, Venezuela consigui\u00f3 -entre otros asuntos-, gracias a las negociaciones, la liberaci\u00f3n del empresario colombiano Alex Saab, se\u00f1alado como testaferro de Maduro, quien estaba preso en Miami hasta el pasado diciembre, a cambio de que cerca de una treintena de personas calificadas como presos pol\u00edticos fueran puestas en libertad por las autoridades venezolanas.<\/p>\n\n\n\n<p class=\"has-text-align-center\"><strong><a href=\"https:\/\/chat.whatsapp.com\/KWkTmakY3I05kNdd2oZl6d\">\u00daNETE A NUESTRO GRUPO DE WHATSAPP PARA ESTAR INFORMADO<\/a><\/strong><\/p>\n\n\n\n<p class=\"has-text-align-right\"><strong><em>elnuevoherald.com<\/em><\/strong><\/p>\n","protected":false},"excerpt":{"rendered":"<p>Nicol\u00e1s Maduro, anunci\u00f3 este lunes que el pr\u00f3ximo mi\u00e9rcoles reiniciar\u00e1 el proceso de di\u00e1logo con el Gobierno de Estados Unidos, luego de -dijo- haber recibido propuestas de retomar conversaciones durante dos meses<\/p>\n","protected":false},"author":3,"featured_media":56347,"comment_status":"open","ping_status":"open","sticky":false,"template":"","format":"standard","meta":{"jnews-multi-image_gallery":[],"jnews_single_post":{"subtitle":"","format":"standard","video":"","gallery":"","source_name":"","source_url":"","via_name":"","via_url":"","override_template":"0","override":[{"template":"4","single_blog_custom":"","parallax":"1","fullscreen":"1","layout":"right-sidebar","sidebar":"default-sidebar","second_sidebar":"default-sidebar","sticky_sidebar":"1","share_position":"top","share_float_style":"share-monocrhome","show_share_counter":"1","show_view_counter":"1","show_featured":"1","show_post_meta":"1","show_post_author":"1","show_post_author_image":"1","show_post_date":"1","post_date_format":"default","post_date_format_custom":"Y\/m\/d","show_post_category":"1","show_post_reading_time":"1","post_reading_time_wpm":"300","show_zoom_button":"1","zoom_button_out_step":"2","zoom_button_in_step":"3","show_post_tag":"1","show_prev_next_post":"1","show_popup_post":"1","number_popup_post":"1","show_author_box":"1","show_post_related":"1","show_inline_post_related":"0"}],"override_image_size":"0","image_override":[{"single_post_thumbnail_size":"crop-500","single_post_gallery_size":"crop-500"}],"trending_post":"0","trending_post_position":"meta","trending_post_label":"Trending","sponsored_post":"0","sponsored_post_label":"Sponsored by","sponsored_post_name":"","sponsored_post_url":"","sponsored_post_logo_enable":"0","sponsored_post_logo":"","sponsored_post_desc":"","disable_ad":"0"},"jnews_primary_category":{"id":"","hide":""},"jnews_social_meta":{"fb_title":"","fb_description":"","fb_image":"","twitter_title":"","twitter_description":"","twitter_image":""},"jnews_review":[],"enable_review":"0","type":"percentage","name":"","summary":"","brand":"","sku":"","good":[{"good_text":""}],"bad":[{"bad_text":""}],"score_override":"","override_value":"","rating":[{"rating_text":"","rating_number":"10"}],"price":[{"shop":"","price":"","link":"","icon":""}],"jnews_override_counter":{"override_view_counter":"0","view_counter_number":"0","override_share_counter":"0","share_counter_number":"0","override_like_counter":"0","like_counter_number":"0","override_dislike_counter":"0","dislike_counter_number":"0"},"jnews_post_split":{"enable_post_split":"0","post_split":[{"template":"1","tag":"h2","numbering":"asc","mode":"normal","first":"0","enable_toc":"0","toc_type":"normal"}]},"footnotes":""},"categories":[59,66],"tags":[16381,3104,136,14079,82,56],"class_list":["post-56346","post","type-post","status-publish","format-standard","has-post-thumbnail","hentry","category-politica","category-venezuela","tag-autoridades-venezolanas","tag-dialogo","tag-estados-unidos","tag-gobierno-de-estados-unidos","tag-maduro","tag-venezuela"],"_links":{"self":[{"href":"https:\/\/esreviral.com\/index.php?rest_route=\/wp\/v2\/posts\/56346","targetHints":{"allow":["GET"]}}],"collection":[{"href":"https:\/\/esreviral.com\/index.php?rest_route=\/wp\/v2\/posts"}],"about":[{"href":"https:\/\/esreviral.com\/index.php?rest_route=\/wp\/v2\/types\/post"}],"author":[{"embeddable":true,"href":"https:\/\/esreviral.com\/index.php?rest_route=\/wp\/v2\/users\/3"}],"replies":[{"embeddable":true,"href":"https:\/\/esreviral.com\/index.php?rest_route=%2Fwp%2Fv2%2Fcomments&post=56346"}],"version-history":[{"count":0,"href":"https:\/\/esreviral.com\/index.php?rest_route=\/wp\/v2\/posts\/56346\/revisions"}],"wp:featuredmedia":[{"embeddable":true,"href":"https:\/\/esreviral.com\/index.php?rest_route=\/wp\/v2\/media\/56347"}],"wp:attachment":[{"href":"https:\/\/esreviral.com\/index.php?rest_route=%2Fwp%2Fv2%2Fmedia&parent=56346"}],"wp:term":[{"taxonomy":"category","embeddable":true,"href":"https:\/\/esreviral.com\/index.php?rest_route=%2Fwp%2Fv2%2Fcategories&post=56346"},{"taxonomy":"post_tag","embeddable":true,"href":"https:\/\/esreviral.com\/index.php?rest_route=%2Fwp%2Fv2%2Ftags&post=56346"}],"curies":[{"name":"wp","href":"https:\/\/api.w.org\/{rel}","templated":true}]}}