{"id":56296,"date":"2024-07-01T10:27:15","date_gmt":"2024-07-01T15:27:15","guid":{"rendered":"https:\/\/esreviral.com\/?p=56296"},"modified":"2024-07-01T10:27:16","modified_gmt":"2024-07-01T15:27:16","slug":"milei-no-asistira-a-la-cumbre-del-mercosur-pero-si-a-los-juegos-olimpicos","status":"publish","type":"post","link":"https:\/\/esreviral.com\/?p=56296","title":{"rendered":"Milei no asistir\u00e1 a la cumbre del Mercosur pero s\u00ed a los Juegos Ol\u00edmpicos"},"content":{"rendered":"\n<p>El vocero presidencial, Manuel Adorni, confirm\u00f3 que el presidente Javier Milei no asistir\u00e1 a la cumbre de Mercosur que se realizar\u00e1 la pr\u00f3xima semana en Paraguay pero en su representaci\u00f3n ir\u00e1 la Canciller, Diana Mondino. <\/p>\n\n\n\n<p>Por otra parte, inform\u00f3 que el 13 de julio, el mandatario argentino estar\u00e1 en Paris para la inauguraci\u00f3n de los Juegos Ol\u00edmpicos, \u00aba\u00fan no se ha confirmado si despedir\u00e1 a los deportistas que participar\u00e1n\u00bb. <\/p>\n\n\n\n<p><\/p>\n","protected":false},"excerpt":{"rendered":"<p>El vocero presidencial, Manuel Adorni, confirm\u00f3 que el presidente Javier Milei no asistir\u00e1 a la cumbre de Mercosur que se realizar\u00e1 la pr\u00f3xima semana en Paraguay pero en su representaci\u00f3n ir\u00e1 la Canciller, Diana Mondino. Por otra parte, inform\u00f3 que el 13 de julio, el mandatario argentino estar\u00e1 en Paris para la inauguraci\u00f3n de los [&hellip;]<\/p>\n","protected":false},"author":2,"featured_media":56297,"comment_status":"open","ping_status":"closed","sticky":false,"template":"","format":"standard","meta":{"jnews-multi-image_gallery":[],"jnews_single_post":{"subtitle":"","format":"standard","video":"","gallery":"","source_name":"","source_url":"","via_name":"","via_url":"","override_template":"0","override":[{"template":"4","single_blog_custom":"","parallax":"1","fullscreen":"1","layout":"right-sidebar","sidebar":"default-sidebar","second_sidebar":"default-sidebar","sticky_sidebar":"1","share_position":"top","share_float_style":"share-monocrhome","show_share_counter":"1","show_view_counter":"1","show_featured":"1","show_post_meta":"1","show_post_author":"1","show_post_author_image":"1","show_post_date":"1","post_date_format":"default","post_date_format_custom":"Y\/m\/d","show_post_category":"1","show_post_reading_time":"1","post_reading_time_wpm":"300","show_zoom_button":"1","zoom_button_out_step":"2","zoom_button_in_step":"3","show_post_tag":"1","show_prev_next_post":"1","show_popup_post":"1","number_popup_post":"1","show_author_box":"1","show_post_related":"1","show_inline_post_related":"0"}],"override_image_size":"0","image_override":[{"single_post_thumbnail_size":"crop-500","single_post_gallery_size":"crop-500"}],"trending_post":"0","trending_post_position":"meta","trending_post_label":"Trending","sponsored_post":"0","sponsored_post_label":"Sponsored by","sponsored_post_name":"","sponsored_post_url":"","sponsored_post_logo_enable":"0","sponsored_post_logo":"","sponsored_post_desc":"","disable_ad":"0"},"jnews_primary_category":{"id":"","hide":""},"jnews_social_meta":{"fb_title":"","fb_description":"","fb_image":"","twitter_title":"","twitter_description":"","twitter_image":""},"jnews_review":[],"enable_review":"0","type":"percentage","name":"","summary":"","brand":"","sku":"","good":[{"good_text":""}],"bad":[{"bad_text":""}],"score_override":"","override_value":"","rating":[{"rating_text":"","rating_number":"10"}],"price":[{"shop":"","price":"","link":"","icon":""}],"jnews_override_counter":{"override_view_counter":"0","view_counter_number":"0","override_share_counter":"0","share_counter_number":"0","override_like_counter":"0","like_counter_number":"0","override_dislike_counter":"0","dislike_counter_number":"0"},"jnews_post_split":{"enable_post_split":"0","post_split":[{"template":"1","tag":"h2","numbering":"asc","mode":"normal","first":"0","enable_toc":"0","toc_type":"normal"}]},"footnotes":""},"categories":[43,58,59],"tags":[44,87,10587,1251,45,1041],"class_list":["post-56296","post","type-post","status-publish","format-standard","has-post-thumbnail","hentry","category-actualidad","category-argentina","category-politica","tag-argentina","tag-francia","tag-juegos-olimpicos-2","tag-milei","tag-noticias","tag-paris"],"amp_enabled":true,"_links":{"self":[{"href":"https:\/\/esreviral.com\/index.php?rest_route=\/wp\/v2\/posts\/56296"}],"collection":[{"href":"https:\/\/esreviral.com\/index.php?rest_route=\/wp\/v2\/posts"}],"about":[{"href":"https:\/\/esreviral.com\/index.php?rest_route=\/wp\/v2\/types\/post"}],"author":[{"embeddable":true,"href":"https:\/\/esreviral.com\/index.php?rest_route=\/wp\/v2\/users\/2"}],"replies":[{"embeddable":true,"href":"https:\/\/esreviral.com\/index.php?rest_route=%2Fwp%2Fv2%2Fcomments&post=56296"}],"version-history":[{"count":0,"href":"https:\/\/esreviral.com\/index.php?rest_route=\/wp\/v2\/posts\/56296\/revisions"}],"wp:featuredmedia":[{"embeddable":true,"href":"https:\/\/esreviral.com\/index.php?rest_route=\/wp\/v2\/media\/56297"}],"wp:attachment":[{"href":"https:\/\/esreviral.com\/index.php?rest_route=%2Fwp%2Fv2%2Fmedia&parent=56296"}],"wp:term":[{"taxonomy":"category","embeddable":true,"href":"https:\/\/esreviral.com\/index.php?rest_route=%2Fwp%2Fv2%2Fcategories&post=56296"},{"taxonomy":"post_tag","embeddable":true,"href":"https:\/\/esreviral.com\/index.php?rest_route=%2Fwp%2Fv2%2Ftags&post=56296"}],"curies":[{"name":"wp","href":"https:\/\/api.w.org\/{rel}","templated":true}]}}