{"id":56271,"date":"2024-07-01T08:07:37","date_gmt":"2024-07-01T13:07:37","guid":{"rendered":"https:\/\/esreviral.com\/?p=56271"},"modified":"2024-07-01T08:08:03","modified_gmt":"2024-07-01T13:08:03","slug":"joven-apuesto-e-inteligente-asi-es-quien-podria-ser-el-nuevo-primer-ministro-de-francia","status":"publish","type":"post","link":"https:\/\/esreviral.com\/?p=56271","title":{"rendered":"Joven, apuesto e inteligente, as\u00ed es quien podr\u00eda ser el nuevo primer ministro de Francia"},"content":{"rendered":"\n<p><strong>Jordan Bardella<\/strong>, el carism\u00e1tico l\u00edder de 28 a\u00f1os de edad de la Agrupaci\u00f3n Nacional de Francia, <strong>est\u00e1 a un paso de convertirse en el Primer Ministro tras la victoria de su partido en la primera vuelta de las elecciones legislativas de este domingo.<\/strong><\/p>\n\n\n\n<p>Bardella, nombrado la personalidad pol\u00edtica m\u00e1s popular de Francia en una encuesta de Toluna-Harris Interactive, declar\u00f3 que no aceptar\u00e1 el <strong>cargo de Primer Ministro<\/strong> a menos que su partido logre una mayor\u00eda absoluta de al menos 289 de los 577 esca\u00f1os de la Asamblea Nacional. Las primeras proyecciones, hechas media hora despu\u00e9s del cierre de los comicios, indican que el grupo liderado por Marine Le Pen y Bardella podr\u00eda obtener entre 260 y 310 esca\u00f1os, lo que sugiere una posible mayor\u00eda absoluta y un gobierno monocolor en la Asamblea Nacional.<\/p>\n\n\n\n<p>Bardella ha rejuvenecido la imagen de la Agrupaci\u00f3n Nacional (RN), un partido hist\u00f3ricamente manchado por el racismo y el antisemitismo. Bajo su liderazgo, la RN ha alcanzado resultados r\u00e9cord en las recientes elecciones europeas, encamin\u00e1ndose a tomar el poder por primera vez en la historia.<\/p>\n\n\n\n<p>\u00abS\u00e9 libre, s\u00e9 franc\u00e9s y recuerda que cuando el pueblo vota, el pueblo gana\u00bb, declar\u00f3 Bardella en un v\u00eddeo de campa\u00f1a en TikTok, demostrando confianza y determinaci\u00f3n.<\/p>\n\n\n\n<p class=\"has-text-align-center\"><strong><a href=\"https:\/\/chat.whatsapp.com\/KWkTmakY3I05kNdd2oZl6d\">\u00daNETE A NUESTRO GRUPO DE WHATSAPP PARA ESTAR INFORMADO<\/a><\/strong><\/p>\n\n\n\n<figure class=\"wp-block-image size-large\"><img decoding=\"async\" src=\"https:\/\/fotos.perfil.com\/\/1900\/01\/01\/900\/0\/jordan-bardella-1827927.jpg\" alt=\"\"\/><\/figure>\n\n\n\n<p><strong><mark style=\"background-color:rgba(0, 0, 0, 0)\" class=\"has-inline-color has-vivid-red-color\">Preparado por Le Pen: \u00bfQui\u00e9n es Jordan Bardella?<\/mark><\/strong><\/p>\n\n\n\n<p>Bardella, quien se uni\u00f3 al precursor de la RN, el Frente Nacional, a los 16 a\u00f1os, ha eliminado las barreras psicol\u00f3gicas para votar por la extrema derecha para muchos franceses. Su ascenso mete\u00f3rico comenz\u00f3 en 2019, cuando Marine Le Pen lo puso a cargo de la campa\u00f1a electoral europea del partido a los 23 a\u00f1os. Tres a\u00f1os despu\u00e9s, se convirti\u00f3 en el primer l\u00edder del partido fuera de la dinast\u00eda Le Pen.<\/p>\n\n\n\n<p>La historia personal de Bardella, criado por una madre soltera en los suburbios del norte de Par\u00eds, ha tocado la fibra sensible de muchos votantes. Su origen humilde contrasta con la mayor\u00eda de los pol\u00edticos franceses, lo que le ha permitido conectar con jubilados, j\u00f3venes y graduados universitarios, quienes anteriormente se mostraban reacios a apoyar al partido antiinmigraci\u00f3n.<\/p>\n\n\n\n<p>Bardella, hijo de madre italiana y padre de ra\u00edces italianas y argelinas, se presenta como un s\u00edmbolo de integraci\u00f3n exitosa. Sin embargo, su ret\u00f3rica contra la inmigraci\u00f3n refleja su preocupaci\u00f3n por el futuro de Francia.<\/p>\n\n\n\n<p><strong><mark style=\"background-color:rgba(0, 0, 0, 0)\" class=\"has-inline-color has-vivid-red-color\">Un Liderazgo Controvertido y Ambicioso<\/mark><\/strong><\/p>\n\n\n\n<p>A pesar de su popularidad, Bardella ha enfrentado cr\u00edticas por dedicar demasiado tiempo a su imagen y poco a las pol\u00edticas. Un documental de France 2 afirm\u00f3 que utiliz\u00f3 una cuenta an\u00f3nima en Twitter para compartir mensajes racistas, acusaciones que \u00e9l niega. Adem\u00e1s, su ex formador de medios lo describi\u00f3 como un \u00abcascar\u00f3n vac\u00edo\u00bb al principio de su carrera pol\u00edtica.<\/p>\n\n\n\n<p>Convertirse en el primer ministro m\u00e1s joven de Francia en una tensa \u00abcohabitaci\u00f3n\u00bb con el presidente Emmanuel Macron podr\u00eda ser un desaf\u00edo para Bardella. Aunque Marine Le Pen sigue siendo la l\u00edder del partido en el parlamento y se espera que se postule a la presidencia en 2027, algunos rumores indican que Bardella podr\u00eda ser un mejor candidato.<\/p>\n\n\n\n<figure class=\"wp-block-image size-large\"><img decoding=\"async\" src=\"https:\/\/fotos.perfil.com\/\/1900\/01\/01\/900\/0\/jordan-bardella-1827926.jpg\" alt=\"\"\/><\/figure>\n\n\n\n<p class=\"has-text-align-center\"><strong><em><mark style=\"background-color:rgba(0, 0, 0, 0)\" class=\"has-inline-color has-vivid-red-color\"><a href=\"https:\/\/esreviral.com\/la-ultraderecha-gana-la-primera-vuelta-en-francia\/\" data-type=\"link\" data-id=\"https:\/\/esreviral.com\/la-ultraderecha-gana-la-primera-vuelta-en-francia\/\">Lea Tambi\u00e9n: La ultraderecha gana la primera vuelta en Francia<\/a><\/mark><\/em><\/strong><\/p>\n\n\n\n<p class=\"has-text-align-right\"><strong><em>perfil.com.-<\/em><\/strong><\/p>\n","protected":false},"excerpt":{"rendered":"<p>De 28 a\u00f1os, es el l\u00edder de la Agrupaci\u00f3n Nacional, partido de Marine Le Pen, que obtuvo cerca del 34% de los votos en la primera vuelta de este domingo. Dijo que se negar\u00e1 a convertirse en \u00abpremier\u00bb si su partido no logra una mayor\u00eda absoluta de al menos 289 de los 577 esca\u00f1os de la Asamblea Nacional en las elecciones.<\/p>\n","protected":false},"author":3,"featured_media":56272,"comment_status":"open","ping_status":"open","sticky":false,"template":"","format":"standard","meta":{"jnews-multi-image_gallery":[],"jnews_single_post":{"subtitle":"","format":"standard","video":"","gallery":"","source_name":"","source_url":"","via_name":"","via_url":"","override_template":"0","override":[{"template":"4","single_blog_custom":"","parallax":"1","fullscreen":"1","layout":"right-sidebar","sidebar":"default-sidebar","second_sidebar":"default-sidebar","sticky_sidebar":"1","share_position":"top","share_float_style":"share-monocrhome","show_share_counter":"1","show_view_counter":"1","show_featured":"1","show_post_meta":"1","show_post_author":"1","show_post_author_image":"1","show_post_date":"1","post_date_format":"default","post_date_format_custom":"Y\/m\/d","show_post_category":"1","show_post_reading_time":"1","post_reading_time_wpm":"300","show_zoom_button":"1","zoom_button_out_step":"2","zoom_button_in_step":"3","show_post_tag":"1","show_prev_next_post":"1","show_popup_post":"1","number_popup_post":"1","show_author_box":"1","show_post_related":"1","show_inline_post_related":"0"}],"override_image_size":"0","image_override":[{"single_post_thumbnail_size":"crop-500","single_post_gallery_size":"crop-500"}],"trending_post":"0","trending_post_position":"meta","trending_post_label":"Trending","sponsored_post":"0","sponsored_post_label":"Sponsored by","sponsored_post_name":"","sponsored_post_url":"","sponsored_post_logo_enable":"0","sponsored_post_logo":"","sponsored_post_desc":"","disable_ad":"0"},"jnews_primary_category":{"id":"","hide":""},"jnews_social_meta":{"fb_title":"","fb_description":"","fb_image":"","twitter_title":"","twitter_description":"","twitter_image":""},"jnews_review":[],"enable_review":"0","type":"percentage","name":"","summary":"","brand":"","sku":"","good":[{"good_text":""}],"bad":[{"bad_text":""}],"score_override":"","override_value":"","rating":[{"rating_text":"","rating_number":"10"}],"price":[{"shop":"","price":"","link":"","icon":""}],"jnews_override_counter":{"override_view_counter":"0","view_counter_number":"0","override_share_counter":"0","share_counter_number":"0","override_like_counter":"0","like_counter_number":"0","override_dislike_counter":"0","dislike_counter_number":"0"},"jnews_post_split":{"enable_post_split":"0","post_split":[{"template":"1","tag":"h2","numbering":"asc","mode":"normal","first":"0","enable_toc":"0","toc_type":"normal"}]},"footnotes":""},"categories":[88,59],"tags":[16348,87,16347,45,3074,16346],"class_list":["post-56271","post","type-post","status-publish","format-standard","has-post-thumbnail","hentry","category-internacionales","category-politica","tag-extrema-derecha","tag-francia","tag-jordan-bardella","tag-noticias","tag-primer-ministro","tag-primer-ministro-de-francia"],"amp_enabled":true,"_links":{"self":[{"href":"https:\/\/esreviral.com\/index.php?rest_route=\/wp\/v2\/posts\/56271"}],"collection":[{"href":"https:\/\/esreviral.com\/index.php?rest_route=\/wp\/v2\/posts"}],"about":[{"href":"https:\/\/esreviral.com\/index.php?rest_route=\/wp\/v2\/types\/post"}],"author":[{"embeddable":true,"href":"https:\/\/esreviral.com\/index.php?rest_route=\/wp\/v2\/users\/3"}],"replies":[{"embeddable":true,"href":"https:\/\/esreviral.com\/index.php?rest_route=%2Fwp%2Fv2%2Fcomments&post=56271"}],"version-history":[{"count":0,"href":"https:\/\/esreviral.com\/index.php?rest_route=\/wp\/v2\/posts\/56271\/revisions"}],"wp:featuredmedia":[{"embeddable":true,"href":"https:\/\/esreviral.com\/index.php?rest_route=\/wp\/v2\/media\/56272"}],"wp:attachment":[{"href":"https:\/\/esreviral.com\/index.php?rest_route=%2Fwp%2Fv2%2Fmedia&parent=56271"}],"wp:term":[{"taxonomy":"category","embeddable":true,"href":"https:\/\/esreviral.com\/index.php?rest_route=%2Fwp%2Fv2%2Fcategories&post=56271"},{"taxonomy":"post_tag","embeddable":true,"href":"https:\/\/esreviral.com\/index.php?rest_route=%2Fwp%2Fv2%2Ftags&post=56271"}],"curies":[{"name":"wp","href":"https:\/\/api.w.org\/{rel}","templated":true}]}}