{"id":56221,"date":"2024-06-29T09:23:40","date_gmt":"2024-06-29T14:23:40","guid":{"rendered":"https:\/\/esreviral.com\/?p=56221"},"modified":"2024-06-29T09:44:45","modified_gmt":"2024-06-29T14:44:45","slug":"venezolanos-conmemoraron-el-dia-del-orgullo-con-reclamos-por-discriminacion-a-personas-lgbt","status":"publish","type":"post","link":"https:\/\/esreviral.com\/?p=56221","title":{"rendered":"Venezolanos conmemoraron el D\u00eda del Orgullo con reclamos por discriminaci\u00f3n a personas LGBT+"},"content":{"rendered":"\n<p>Decenas de venezolanos conmemoraron este viernes el D\u00eda Internacional del Orgullo LGBT+ a trav\u00e9s de actividades p\u00fablicas y pronunciamientos en las redes sociales, en que se reiteraron los reclamos de este colectivo por las formas de discriminaci\u00f3n que a\u00fan enfrentan en el pa\u00eds.<\/p>\n\n\n\n<p>Para celebrar la fecha, un grupo de activistas de derechos humanos organiz\u00f3 un concierto en una plaza del este de Caracas, donde se presentaron artistas y se profirieron discursos relacionados con las batallas por igualdad de derechos que libra esta poblaci\u00f3n, especialmente ante las instituciones del Estado.<\/p>\n\n\n\n<figure class=\"wp-block-image size-large\"><img decoding=\"async\" src=\"https:\/\/cdn.bitlysdowssl-aws.com\/wp-content\/uploads\/2024\/06\/Comunidad-LGBTQ-1.jpg\" alt=\"\"\/><\/figure>\n\n\n\n<p><strong><mark style=\"background-color:rgba(0, 0, 0, 0)\" class=\"has-inline-color has-vivid-red-color\">\u00bfC\u00f3mo celebraron en Venezuela el D\u00eda del Orgullo?<\/mark><\/strong><\/p>\n\n\n\n<p>Asimismo, numerosas organizaciones no gubernamentales y algunas formaciones pol\u00edticas -como el Partido Comunista y el liberal Vente Venezuela- publicaron mensajes en las redes sociales manifestando su apoyo a la \u00ablucha\u00bb, que busca, entre otras cosas, que se legalice el matrimonio entre parejas del mismo sexo.<\/p>\n\n\n\n<p>En Venezuela, a un hombre homosexual no le permiten donar sangre por considerarlo un grupo de riesgo de contagio del VIH y una persona transg\u00e9nero est\u00e1 obligada a identificarse legalmente con un nombre que no la representa, pues las instituciones no autorizan el cambio de nombre a este colectivo.<\/p>\n\n\n\n<p>Tambi\u00e9n durante la jornada, el grupo de activistas que organiza la Marcha Nacional del Orgullo, a efectuarse el domingo 7 de julio, alert\u00f3 sobre el \u00abaumento de los discursos de odio de distintos actores de la esfera pol\u00edtica, religiosa y acad\u00e9mica en contra de la poblaci\u00f3n LGTBI\u00bb.<\/p>\n\n\n\n<figure class=\"wp-block-image size-large\"><img decoding=\"async\" src=\"https:\/\/cdn.bitlysdowssl-aws.com\/wp-content\/uploads\/2024\/06\/Orgullo-2.jpg\" alt=\"\"\/><\/figure>\n\n\n\n<p>\u00abLas consecuencias de estos discursos son la discriminaci\u00f3n, agresi\u00f3n y violencia basada en prejuicios por motivos de orientaci\u00f3n sexual, identidad y expresi\u00f3n de g\u00e9nero\u00bb, dijo el movimiento en un comunicado.<\/p>\n\n\n\n<figure class=\"wp-block-image size-large\"><img decoding=\"async\" src=\"https:\/\/cdn.bitlysdowssl-aws.com\/wp-content\/uploads\/2024\/06\/c00bf6002845dc0219c1942a9e73f527ad751b58w.jpg\" alt=\"\"\/><\/figure>\n\n\n\n<p>El grupo, adem\u00e1s, denunci\u00f3 que algunos funcionarios p\u00fablicos \u00aben puestos claves de poder y toma de decisiones anteponen sus creencias y dogmas a la Constituci\u00f3n y las leyes existentes\u00bb, en detrimento de los derechos de este colectivo.<\/p>\n\n\n\n<figure class=\"wp-block-image size-large\"><img decoding=\"async\" src=\"https:\/\/cdn.bitlysdowssl-aws.com\/wp-content\/uploads\/2024\/06\/Orgullo-1.jpg\" alt=\"\"\/><\/figure>\n\n\n\n<p class=\"has-text-align-center\"><strong><a href=\"https:\/\/chat.whatsapp.com\/KWkTmakY3I05kNdd2oZl6d\">\u00daNETE A NUESTRO GRUPO DE WHATSAPP PARA ESTAR INFORMADO<\/a><\/strong><\/p>\n\n\n\n<p class=\"has-text-align-right\"><strong><em>ElNacional.-<\/em><\/strong><\/p>\n","protected":false},"excerpt":{"rendered":"<p>Para celebrar la fecha, un grupo de activistas de derechos humanos organiz\u00f3 un concierto en una plaza del este de Caracas, donde se presentaron artistas y se profirieron discursos relacionados con las batallas por igualdad de derechos que libra esta poblaci\u00f3n, especialmente ante las instituciones del Estado<\/p>\n","protected":false},"author":3,"featured_media":56222,"comment_status":"open","ping_status":"open","sticky":false,"template":"","format":"standard","meta":{"jnews-multi-image_gallery":[],"jnews_single_post":{"subtitle":"","format":"standard","video":"","gallery":"","source_name":"","source_url":"","via_name":"","via_url":"","override_template":"0","override":[{"template":"4","single_blog_custom":"","parallax":"1","fullscreen":"1","layout":"right-sidebar","sidebar":"default-sidebar","second_sidebar":"default-sidebar","sticky_sidebar":"1","share_position":"top","share_float_style":"share-monocrhome","show_share_counter":"1","show_view_counter":"1","show_featured":"1","show_post_meta":"1","show_post_author":"1","show_post_author_image":"1","show_post_date":"1","post_date_format":"default","post_date_format_custom":"Y\/m\/d","show_post_category":"1","show_post_reading_time":"1","post_reading_time_wpm":"300","show_zoom_button":"1","zoom_button_out_step":"2","zoom_button_in_step":"3","show_post_tag":"1","show_prev_next_post":"1","show_popup_post":"1","number_popup_post":"1","show_author_box":"1","show_post_related":"1","show_inline_post_related":"0"}],"override_image_size":"0","image_override":[{"single_post_thumbnail_size":"crop-500","single_post_gallery_size":"crop-500"}],"trending_post":"0","trending_post_position":"meta","trending_post_label":"Trending","sponsored_post":"0","sponsored_post_label":"Sponsored by","sponsored_post_name":"","sponsored_post_url":"","sponsored_post_logo_enable":"0","sponsored_post_logo":"","sponsored_post_desc":"","disable_ad":"0"},"jnews_primary_category":{"id":"","hide":""},"jnews_social_meta":{"fb_title":"","fb_description":"","fb_image":"","twitter_title":"","twitter_description":"","twitter_image":""},"jnews_review":[],"enable_review":"0","type":"percentage","name":"","summary":"","brand":"","sku":"","good":[{"good_text":""}],"bad":[{"bad_text":""}],"score_override":"","override_value":"","rating":[{"rating_text":"","rating_number":"10"}],"price":[{"shop":"","price":"","link":"","icon":""}],"jnews_override_counter":{"override_view_counter":"0","view_counter_number":"0","override_share_counter":"0","share_counter_number":"0","override_like_counter":"0","like_counter_number":"0","override_dislike_counter":"0","dislike_counter_number":"0"},"jnews_post_split":{"enable_post_split":"0","post_split":[{"template":"1","tag":"h2","numbering":"asc","mode":"normal","first":"0","enable_toc":"0","toc_type":"normal"}]},"footnotes":""},"categories":[43,66],"tags":[16333,16322,45,2069,56],"class_list":["post-56221","post","type-post","status-publish","format-standard","has-post-thumbnail","hentry","category-actualidad","category-venezuela","tag-dia-del-orgullo-2","tag-dia-internacional-del-orgullo","tag-noticias","tag-reclamos","tag-venezuela"],"_links":{"self":[{"href":"https:\/\/esreviral.com\/index.php?rest_route=\/wp\/v2\/posts\/56221","targetHints":{"allow":["GET"]}}],"collection":[{"href":"https:\/\/esreviral.com\/index.php?rest_route=\/wp\/v2\/posts"}],"about":[{"href":"https:\/\/esreviral.com\/index.php?rest_route=\/wp\/v2\/types\/post"}],"author":[{"embeddable":true,"href":"https:\/\/esreviral.com\/index.php?rest_route=\/wp\/v2\/users\/3"}],"replies":[{"embeddable":true,"href":"https:\/\/esreviral.com\/index.php?rest_route=%2Fwp%2Fv2%2Fcomments&post=56221"}],"version-history":[{"count":0,"href":"https:\/\/esreviral.com\/index.php?rest_route=\/wp\/v2\/posts\/56221\/revisions"}],"wp:featuredmedia":[{"embeddable":true,"href":"https:\/\/esreviral.com\/index.php?rest_route=\/wp\/v2\/media\/56222"}],"wp:attachment":[{"href":"https:\/\/esreviral.com\/index.php?rest_route=%2Fwp%2Fv2%2Fmedia&parent=56221"}],"wp:term":[{"taxonomy":"category","embeddable":true,"href":"https:\/\/esreviral.com\/index.php?rest_route=%2Fwp%2Fv2%2Fcategories&post=56221"},{"taxonomy":"post_tag","embeddable":true,"href":"https:\/\/esreviral.com\/index.php?rest_route=%2Fwp%2Fv2%2Ftags&post=56221"}],"curies":[{"name":"wp","href":"https:\/\/api.w.org\/{rel}","templated":true}]}}