{"id":55994,"date":"2024-06-24T15:32:21","date_gmt":"2024-06-24T20:32:21","guid":{"rendered":"https:\/\/esreviral.com\/?p=55994"},"modified":"2024-06-24T15:32:22","modified_gmt":"2024-06-24T20:32:22","slug":"la-economia-cayo-51-en-el-primer-trimestre-de-2024","status":"publish","type":"post","link":"https:\/\/esreviral.com\/?p=55994","title":{"rendered":"La econom\u00eda cay\u00f3 5,1% en el primer trimestre de 2024"},"content":{"rendered":"\n<p>Es el dato que le puso&nbsp;<strong>cifra oficial a la recesi\u00f3n de comienzos de 2024<\/strong>. Hoy, el Indec confirm\u00f3 que el PBI cay\u00f3 5,1% interanual en el primer trimestre de este a\u00f1o, en un contexto de fuerte contracci\u00f3n del consumo, la producci\u00f3n industrial y la inversi\u00f3n.<\/p>\n\n\n\n<p>De hecho, esta variable fue la que mostr\u00f3 un peor registro en los primeros tres meses del a\u00f1o, con un desplome del 23,4% interanual que refleja las consecuencias negativas en el corto plazo de las medidas econ\u00f3micas aplicadas por el Gobierno sobre las empresas.<\/p>\n\n\n\n<figure class=\"wp-block-image size-large\"><img decoding=\"async\" src=\"https:\/\/resizer.glanacion.com\/resizer\/v2\/la-sede-del-indec-en-el-microcentro-EW23OB3WDVANJGVVTT7E23PUVI.jpg?auth=cba016580e58d4ad4e5ce85f81c8854ca145f4a8159d945dc41542cd5edfe090&amp;width=780&amp;height=520&amp;quality=70&amp;smart=true\" alt=\"\"\/><\/figure>\n\n\n\n<p>El escenario negativo en el primer trimestre, luego de la devaluaci\u00f3n del tipo de cambio, la aceleraci\u00f3n inflacionaria (57,3% en el per\u00edodo) y la ca\u00edda del poder adquisitivo de salarios y jubilaciones, tambi\u00e9n tuvo como consecuencia una baja del 6,7% interanual en el consumo privado, principal componente del PBI argentino.<\/p>\n\n\n\n<p>A su vez, el ajuste del gasto p\u00fablico, entre recorte de partidas y eliminaci\u00f3n de programas, se reflej\u00f3 en una contracci\u00f3n del 5% interanual en el consumo privado.<\/p>\n\n\n\n<p>La devaluaci\u00f3n de diciembre tambi\u00e9n cambi\u00f3 la ecuaci\u00f3n del sector externo: crecieron un 26,1% interanual las exportaciones, con un desplome del 20,1% en las importaciones, asociadas tambi\u00e9n a un menor nivel de actividad.<\/p>\n\n\n\n<figure class=\"wp-block-image size-large\"><img decoding=\"async\" src=\"https:\/\/resizer.glanacion.com\/resizer\/v2\/en-un-contexto-recesivo-las-exportaciones-T5HOIUR52NEPPFOOYFA67K2NWM.jpg?auth=166c26ddf1597df6ccecc9744bd2979f91909e4862294b5e272cb644dc842540&amp;width=780&amp;height=520&amp;quality=70&amp;smart=true\" alt=\"\"\/><\/figure>\n\n\n\n<p>El informe publicado hoy por el Indec confirma la tendencia negativa de los primeros tres meses que ya hab\u00edan anticipado n\u00fameros sectoriales (comercio, industria, construcci\u00f3n) y las propias cifras del organismo, que a trav\u00e9s del EMAE (Estimador mensual de actividad econ\u00f3mica) hab\u00eda informado una contracci\u00f3n del 5,3% en el per\u00edodo.<\/p>\n\n\n\n<p>En el an\u00e1lisis sectorial, la industria fue el sector m\u00e1s afectado y el de mayor preponderancia dentro de la ca\u00edda de la econom\u00eda. Este rubro cay\u00f3 un 13,7% interanual en el per\u00edodo y explic\u00f3 2,16 puntos porcentuales de la contracci\u00f3n general del PBI. Otras actividades con din\u00e1mica negativa fueron la construcci\u00f3n (-19,7% interanual), la intermediaci\u00f3n financiera (-13%), el comercio (-8,7%), transporte y comunicaciones (-1,1%) y el sector de las actividades inmobiliarias y de alquiler (-1,6%).<\/p>\n\n\n\n<figure class=\"wp-block-image size-large\"><img decoding=\"async\" src=\"https:\/\/resizer.glanacion.com\/resizer\/v2\/la-industria-fue-el-sector-mas-afectado-en-el-M54RBQA3EJD7RGRJOCFS7B4PDE.jpg?auth=1ae0fe628359696ff722ccc57d36046e50bd05e4a3ad0c1b78d099c58150618c&amp;width=780&amp;height=520&amp;quality=70&amp;smart=true\" alt=\"\"\/><\/figure>\n\n\n\n<p>Entre los ganadores del per\u00edodo se ubicaron agricultura y ganader\u00eda, que creci\u00f3 10,% interanual (luego de la sequ\u00eda que afect\u00f3 al sector en 2023), la explotaci\u00f3n de minas, canteras e hidrocarburos (creci\u00f3 8% interanual) y la pesca (3,2%), tres sectores a la vez de alto perfil exportador.<\/p>\n\n\n\n<p><strong><mark style=\"background-color:rgba(0, 0, 0, 0)\" class=\"has-inline-color has-vivid-red-color\">Recesi\u00f3n: del optimismo oficial a las advertencias del FMI<\/mark><\/strong><\/p>\n\n\n\n<p>Pese al entusiasmo oficial por un rebote en el nivel de actividad (\u201dla econom\u00eda va a subir como pedo de buzo\u201d, dijo semanas atr\u00e1s Milei), las proyecciones descartan una recuperaci\u00f3n en \u2018V\u2019 y espera, en el mejor de los casos, una paulatina suba durante la segunda mitad del a\u00f1o. De hecho, en sus \u00faltimos pron\u00f3sticos, tanto el Banco Mundial como el Fondo Monetario Internacional (FMI)\u00a0<strong>empeoraron su pron\u00f3stico.<\/strong><\/p>\n\n\n\n<p>El organismo que conduce\u00a0<strong>Kristalina Georgieva<\/strong>\u00a0anticipa ahora que<strong>\u00a0el producto bruto interno (PBI) argentino caer\u00e1 un 3,5% para este a\u00f1o,<\/strong>\u00a0(el desplome ser\u00eda del 6% sin considerar al sector agr\u00edcola y su recuperaci\u00f3n tras la sequ\u00eda de 2023). Fue en su \u00faltimo\u00a0<em>staff report\u00a0<\/em>sobre el pa\u00eds, donde el FMI, si bien espera un rebote del 5% para 2025, tambi\u00e9n advirti\u00f3 sobre los riesgos de una recesi\u00f3n m\u00e1s prolongada de lo esperado, que podr\u00eda generar tensiones sociales.<\/p>\n\n\n\n<p>Seg\u00fan Alejandro Giacoia, economista de Econviews, la econom\u00eda \u201cpuede haber hecho piso\u201d y podr\u00eda \u201cestabilizarse en el segundo semestre\u201d. \u201cEso implicar\u00eda que la econom\u00eda dej\u00f3 de caer. La mayor\u00eda de los indicadores adelantados muestran que en abril se apagaron muchas luces rojas y se prendieron varias verdes. Para mayo hay menos datos disponibles pero los que est\u00e1n van en la misma direcci\u00f3n\u201d, dijo el analista, que proyecta una ca\u00edda anual del 3,6%.<\/p>\n\n\n\n<p>\u201cCreemos que puede haber un repunte aunque no va a ser algo que se sienta muy fuerte en la calle. En el promedio del a\u00f1o la econom\u00eda va a terminar cayendo con respecto a 2023. De todas maneras, los pr\u00f3ximos meses deber\u00edan ser mejores en t\u00e9rminos de actividad. La clave va a estar en la recuperaci\u00f3n del salario real y a partir de eso la mejora del consumo. Y el resurgimiento del cr\u00e9dito tambi\u00e9n es algo que va a ayudar no solo por el lado del consumo de los hogares sino tambi\u00e9n de la inversi\u00f3n\u201d, concluye el analista.<\/p>\n\n\n\n<p class=\"has-text-align-right\"><strong><em>LN.-<\/em><\/strong><\/p>\n","protected":false},"excerpt":{"rendered":"<p>La din\u00e1mica se profundiz\u00f3 tras la devaluaci\u00f3n de diciembre, el menor poder adquisitivo de los ingresos y el ajuste fiscal; seg\u00fan proyecciones del FMI y el Banco Mundial, el PBI se contraer\u00e1 3,5% este a\u00f1o<\/p>\n","protected":false},"author":3,"featured_media":55995,"comment_status":"open","ping_status":"open","sticky":false,"template":"","format":"standard","meta":{"jnews-multi-image_gallery":[],"jnews_single_post":{"subtitle":"","format":"standard","video":"","gallery":"","source_name":"","source_url":"","via_name":"","via_url":"","override_template":"0","override":[{"template":"4","single_blog_custom":"","parallax":"1","fullscreen":"1","layout":"right-sidebar","sidebar":"default-sidebar","second_sidebar":"default-sidebar","sticky_sidebar":"1","share_position":"top","share_float_style":"share-monocrhome","show_share_counter":"1","show_view_counter":"1","show_featured":"1","show_post_meta":"1","show_post_author":"1","show_post_author_image":"1","show_post_date":"1","post_date_format":"default","post_date_format_custom":"Y\/m\/d","show_post_category":"1","show_post_reading_time":"1","post_reading_time_wpm":"300","show_zoom_button":"1","zoom_button_out_step":"2","zoom_button_in_step":"3","show_post_tag":"1","show_prev_next_post":"1","show_popup_post":"1","number_popup_post":"1","show_author_box":"1","show_post_related":"1","show_inline_post_related":"0"}],"override_image_size":"0","image_override":[{"single_post_thumbnail_size":"crop-500","single_post_gallery_size":"crop-500"}],"trending_post":"0","trending_post_position":"meta","trending_post_label":"Trending","sponsored_post":"0","sponsored_post_label":"Sponsored by","sponsored_post_name":"","sponsored_post_url":"","sponsored_post_logo_enable":"0","sponsored_post_logo":"","sponsored_post_desc":"","disable_ad":"0"},"jnews_primary_category":{"id":"","hide":""},"jnews_social_meta":{"fb_title":"","fb_description":"","fb_image":"","twitter_title":"","twitter_description":"","twitter_image":""},"jnews_review":[],"enable_review":"0","type":"percentage","name":"","summary":"","brand":"","sku":"","good":[{"good_text":""}],"bad":[{"bad_text":""}],"score_override":"","override_value":"","rating":[{"rating_text":"","rating_number":"10"}],"price":[{"shop":"","price":"","link":"","icon":""}],"jnews_override_counter":{"override_view_counter":"0","view_counter_number":"0","override_share_counter":"0","share_counter_number":"0","override_like_counter":"0","like_counter_number":"0","override_dislike_counter":"0","dislike_counter_number":"0"},"jnews_post_split":{"enable_post_split":"0","post_split":[{"template":"1","tag":"h2","numbering":"asc","mode":"normal","first":"0","enable_toc":"0","toc_type":"normal"}]},"footnotes":""},"categories":[58,61],"tags":[3874,44,2054,45],"class_list":["post-55994","post","type-post","status-publish","format-standard","has-post-thumbnail","hentry","category-argentina","category-economia","tag-actualidad-economica","tag-argentina","tag-indec","tag-noticias"],"amp_enabled":true,"_links":{"self":[{"href":"https:\/\/esreviral.com\/index.php?rest_route=\/wp\/v2\/posts\/55994"}],"collection":[{"href":"https:\/\/esreviral.com\/index.php?rest_route=\/wp\/v2\/posts"}],"about":[{"href":"https:\/\/esreviral.com\/index.php?rest_route=\/wp\/v2\/types\/post"}],"author":[{"embeddable":true,"href":"https:\/\/esreviral.com\/index.php?rest_route=\/wp\/v2\/users\/3"}],"replies":[{"embeddable":true,"href":"https:\/\/esreviral.com\/index.php?rest_route=%2Fwp%2Fv2%2Fcomments&post=55994"}],"version-history":[{"count":0,"href":"https:\/\/esreviral.com\/index.php?rest_route=\/wp\/v2\/posts\/55994\/revisions"}],"wp:featuredmedia":[{"embeddable":true,"href":"https:\/\/esreviral.com\/index.php?rest_route=\/wp\/v2\/media\/55995"}],"wp:attachment":[{"href":"https:\/\/esreviral.com\/index.php?rest_route=%2Fwp%2Fv2%2Fmedia&parent=55994"}],"wp:term":[{"taxonomy":"category","embeddable":true,"href":"https:\/\/esreviral.com\/index.php?rest_route=%2Fwp%2Fv2%2Fcategories&post=55994"},{"taxonomy":"post_tag","embeddable":true,"href":"https:\/\/esreviral.com\/index.php?rest_route=%2Fwp%2Fv2%2Ftags&post=55994"}],"curies":[{"name":"wp","href":"https:\/\/api.w.org\/{rel}","templated":true}]}}