{"id":55984,"date":"2024-06-24T13:49:48","date_gmt":"2024-06-24T18:49:48","guid":{"rendered":"https:\/\/esreviral.com\/?p=55984"},"modified":"2024-06-24T16:21:38","modified_gmt":"2024-06-24T21:21:38","slug":"desde-la-embajada-argentina-en-caracas-el-equipo-de-maria-corina-machado-envio-un-mensaje-a-la-legislatura-portena","status":"publish","type":"post","link":"https:\/\/esreviral.com\/?p=55984","title":{"rendered":"Comando ConVzla en Argentina Reafirma la Lucha por la Democracia desde la Legislatura Porte\u00f1a"},"content":{"rendered":"\n<p>Este lunes 24 de junio, en la Legislatura de la Ciudad de Buenos Aires se llev\u00f3 a cabo el foro <strong>Argentina con Venezuela organizado por el Comando Con Vzla en<br>Argentina.<\/strong><br><\/p>\n\n\n\n<p>El evento se centr\u00f3 en <strong>analizar el avance de la campa\u00f1a electoral venezolana de cara a las pr\u00f3ximas elecciones presidenciales del 28 de julio, <\/strong>en un contexto<br>marcado por obst\u00e1culos ilegales a la participaci\u00f3n democr\u00e1tica, especialmente contra la candidatura del ex embajador Edmundo Gonz\u00e1lez, representante de Mar\u00eda<br>Corina Machado, quien fue inhabilitada de manera inconstitucional por el r\u00e9gimen de Nicol\u00e1s Maduro.<br><\/p>\n\n\n\n<p>El foro cont\u00f3 con la presencia de senadores nacionales, diputados nacionales, legisladores porte\u00f1os, representantes de cuerpos diplom\u00e1ticos y activistas de<br>derechos humanos, junto con miembros destacados de la sociedad civil venezolana exiliada en Argentina.<\/p>\n\n\n\n<p><br>Comenz\u00f3 las intervenciones la legisladora de la ciudad Silvia Imas que dio a bienvenida al evento recalcando las historias relaciones que unen Argentina y<br>Venezuela y que se han fortalecido en el marco del proceso transicional que esta creciendo en Venezuela.<\/p>\n\n\n\n<figure class=\"wp-block-image size-large\"><img fetchpriority=\"high\" decoding=\"async\" width=\"768\" height=\"1024\" src=\"https:\/\/esreviral.com\/wp-content\/uploads\/2024\/06\/asilado-en-la-embajada-de-caracas-768x1024.webp\" alt=\"\" class=\"wp-image-55986\" srcset=\"https:\/\/esreviral.com\/wp-content\/uploads\/2024\/06\/asilado-en-la-embajada-de-caracas-768x1024.webp 768w, https:\/\/esreviral.com\/wp-content\/uploads\/2024\/06\/asilado-en-la-embajada-de-caracas-225x300.webp 225w, https:\/\/esreviral.com\/wp-content\/uploads\/2024\/06\/asilado-en-la-embajada-de-caracas-1152x1536.webp 1152w, https:\/\/esreviral.com\/wp-content\/uploads\/2024\/06\/asilado-en-la-embajada-de-caracas-750x1000.webp 750w, https:\/\/esreviral.com\/wp-content\/uploads\/2024\/06\/asilado-en-la-embajada-de-caracas-1140x1520.webp 1140w, https:\/\/esreviral.com\/wp-content\/uploads\/2024\/06\/asilado-en-la-embajada-de-caracas.webp 1200w\" sizes=\"(max-width: 768px) 100vw, 768px\" \/><\/figure>\n\n\n\n<p><br>Tras las palabras de Imas, le sigui\u00f3 la intervenci\u00f3n de la jefa de campa\u00f1a del Comando Nacional, Magali Meda y la del coordinador de asuntos exteriores de la<br>campa\u00f1a, Pedro Urruchurtu, <strong>ambos asilados en la embajada argentina en Caracas.<\/strong> Meda realiz\u00f3 un llamado a la comunidad venezolana local a ser parte activa de la<br>campa\u00f1a y ayudar a los equipos del comando el d\u00eda de los comicios, a su vez agradeci\u00f3 la acogida del gobierno argentino en un momento crucial. <\/p>\n\n\n\n<p><strong>\u201cLa embajada argentina en Caracas se ha transformado en un faro de libertad en nuestro pa\u00eds\u201d,<\/strong> afirm\u00f3 Pedro Urruchurtu, que destac\u00f3 la valiente decisi\u00f3n del gobierno nacional argentino. Tambi\u00e9n hizo \u00e9nfasis en el apoyo moral de la comunidad internacional en el clima electoral, <strong>\u201cnos sentimos acompa\u00f1ados, toda Venezuela sabe que cada vez hay m\u00e1s actores que nos lo van a dejar solos\u201d.<\/strong> Ambos al finiquitar sus intervenciones agradecieron a los funcionarios presentes por el apoyo pol\u00edtico del pa\u00eds al equipo del Comando Con Vzla.<br><\/p>\n\n\n\n<p>Tras concluir las declaraciones desde Caracas, la galardonada periodista Argentina Carolina Amoroso apertur\u00f3 el panel del foro y present\u00f3 a los participantes: la<br>legisladora Silvia Imas, el Diputado Nacional Richard Blanco y la jefa del Comando Con Vzla Argentina Adriana Flores Marquez. <\/p>\n\n\n\n<p>En el foro la jefa del comando, <strong>Adriana Flores Marquez, hizo hincapi\u00e9 en el rol que tiene la di\u00e1spora venezolana en el proceso electoral <\/strong>\u201cel esp\u00edritu patrio de la fecha de hoy (conmemoraci\u00f3n de la batalla de Carabobo en Venezuela) nos une a todos los venezolanos, en cada rinc\u00f3n del mundo es nuestro compromiso organizarnos para garantizar la victoria de nuestro candidato Edmundo Gonz\u00e1lez y garantizar la transici\u00f3n\u201d. <\/p>\n\n\n\n<p>Luego agradeci\u00f3 el liderazgo de Argentina y de Mar\u00eda Corina Machado, <strong>\u201cla Venezuela que se viene va ser una Venezuela en libertad gracias al enorme trabajo que est\u00e1 llevando hoy nuestra l\u00edder Maria Corina\u201d<\/strong>.<br><\/p>\n\n\n\n<p><strong>\u201cMaria Corina ha logrado despertar la fe en Venezuela, todos los venezolanos sin distinci\u00f3n de clase, sexo o religi\u00f3n estan con ella y el liderazgo que se ha formado\u201d <\/strong>explico el Diputado Richard Blanco. Tambi\u00e9n realiz\u00f3 un llamado por la liberaci\u00f3n de los presos pol\u00edticos que hay en Venezuela, tomando su caso personal cuando fue<br>preso pol\u00edtico durante la presidencia de Hugo Chavez. Al concluir el diputado hizo un llamado a la clase pol\u00edtica argentina de no abandonar la lucha por la libertad y<br>democracia en el pa\u00eds.<\/p>\n\n\n\n<p><br>Le sigui\u00f3 la intervenci\u00f3n de la legisladora Silvia Imas que reiter\u00f3 el compromiso de la ciudad de Buenos Aires con la causa en Venezuela. \u201cSon miles los venezolanos<br>que han escogido Buenos Aires como su segunda casa y esta ciudad nos los va dejar solos\u201d, afirm\u00f3 la representante porte\u00f1a.<br><\/p>\n\n\n\n<p>Tras las intervenciones del foro el equipo del Comando en su conjunto hizo un llamado a la comunidad venezolana a organizarse para las elecciones venideras del<br>28 de Julio y un agradecimiento a Argentina por ser uno de los principales aliados en el proceso transicional. El evento culmin\u00f3 en aplausos al coro de \u201chasta el final\u201d<br>la consigna con la que Maria Corina Machado ha levantado de vuelta el pa\u00eds.<\/p>\n\n\n\n<p><br>El enlace de comunicaciones Enrique Lozada Garc\u00eda llam\u00f3 a la comunidad y sobre todo a los j\u00f3venes a organizarse para el d\u00eda electoral. \u201cLas palabras de Magali y<br>Pedro nos dan fuerza para continuar con esta lucha, este 28 de julio vamos a conquistar la libertad y vamos a liberar a cada uno de los presos pol\u00edticos\u201d, reafirm\u00f3.<br>La enlace de activismo Veruska Hern\u00e1ndez comparti\u00f3 las declaraciones y solicit\u00f3 a la comunidad que acompa\u00f1ar\u00e1 el 28 de julio, \u201ceste 28 todos a la embajada a cuidar esos votos\u201d.<\/p>\n\n\n\n<p><br>El evento finaliz\u00f3 al coro de \u201cHasta el final\u201d de los asistentes, la consiga con la que Mar\u00eda Corina Machado ha logrado reconstruir la confianza ciudadana y darle<br>esperanza a todo un pa\u00eds.<\/p>\n\n\n\n<p class=\"has-text-align-right\"><strong><em>Comando CON VZLA ARGENTINA.-<br><\/em><\/strong><\/p>\n","protected":false},"excerpt":{"rendered":"<p>Este lunes 24 de junio, en la Legislatura de la Ciudad de Buenos Aires se llev\u00f3 a cabo el foro Argentina con Venezuela organizado por el Comando Con Vzla enArgentina. El evento se centr\u00f3 en analizar el avance de la campa\u00f1a electoral venezolana de cara a las pr\u00f3ximas elecciones presidenciales del 28 de julio, en [&hellip;]<\/p>\n","protected":false},"author":2,"featured_media":55985,"comment_status":"open","ping_status":"closed","sticky":false,"template":"","format":"standard","meta":{"jnews-multi-image_gallery":[],"jnews_single_post":{"subtitle":"","format":"standard","video":"","gallery":"","source_name":"","source_url":"","via_name":"","via_url":"","override_template":"0","override":[{"template":"4","single_blog_custom":"","parallax":"1","fullscreen":"1","layout":"right-sidebar","sidebar":"default-sidebar","second_sidebar":"default-sidebar","sticky_sidebar":"1","share_position":"top","share_float_style":"share-monocrhome","show_share_counter":"1","show_view_counter":"1","show_featured":"1","show_post_meta":"1","show_post_author":"1","show_post_author_image":"1","show_post_date":"1","post_date_format":"default","post_date_format_custom":"Y\/m\/d","show_post_category":"1","show_post_reading_time":"1","post_reading_time_wpm":"300","show_zoom_button":"1","zoom_button_out_step":"2","zoom_button_in_step":"3","show_post_tag":"1","show_prev_next_post":"1","show_popup_post":"1","number_popup_post":"1","show_author_box":"1","show_post_related":"1","show_inline_post_related":"0"}],"override_image_size":"0","image_override":[{"single_post_thumbnail_size":"crop-500","single_post_gallery_size":"crop-500"}],"trending_post":"0","trending_post_position":"meta","trending_post_label":"Trending","sponsored_post":"0","sponsored_post_label":"Sponsored by","sponsored_post_name":"","sponsored_post_url":"","sponsored_post_logo_enable":"0","sponsored_post_logo":"","sponsored_post_desc":"","disable_ad":"0"},"jnews_primary_category":{"id":"","hide":""},"jnews_social_meta":{"fb_title":"","fb_description":"","fb_image":"","twitter_title":"","twitter_description":"","twitter_image":""},"jnews_review":[],"enable_review":"0","type":"percentage","name":"","summary":"","brand":"","sku":"","good":[{"good_text":""}],"bad":[{"bad_text":""}],"score_override":"","override_value":"","rating":[{"rating_text":"","rating_number":"10"}],"price":[{"shop":"","price":"","link":"","icon":""}],"jnews_override_counter":{"override_view_counter":"0","view_counter_number":"0","override_share_counter":"0","share_counter_number":"0","override_like_counter":"0","like_counter_number":"0","override_dislike_counter":"0","dislike_counter_number":"0"},"jnews_post_split":{"enable_post_split":"0","post_split":[{"template":"1","tag":"h2","numbering":"asc","mode":"normal","first":"0","enable_toc":"0","toc_type":"normal"}]},"footnotes":""},"categories":[59,5892],"tags":[3266,44,3265,45,1132,67,56,864],"class_list":["post-55984","post","type-post","status-publish","format-standard","has-post-thumbnail","hentry","category-politica","category-venezolanos-en-argentina","tag-adriana-flores","tag-argentina","tag-maria-corina-machado-2","tag-noticias","tag-richard-blanco","tag-venezolanos-en-argentina","tag-venezuela","tag-vente-venezuela"],"amp_enabled":true,"_links":{"self":[{"href":"https:\/\/esreviral.com\/index.php?rest_route=\/wp\/v2\/posts\/55984"}],"collection":[{"href":"https:\/\/esreviral.com\/index.php?rest_route=\/wp\/v2\/posts"}],"about":[{"href":"https:\/\/esreviral.com\/index.php?rest_route=\/wp\/v2\/types\/post"}],"author":[{"embeddable":true,"href":"https:\/\/esreviral.com\/index.php?rest_route=\/wp\/v2\/users\/2"}],"replies":[{"embeddable":true,"href":"https:\/\/esreviral.com\/index.php?rest_route=%2Fwp%2Fv2%2Fcomments&post=55984"}],"version-history":[{"count":0,"href":"https:\/\/esreviral.com\/index.php?rest_route=\/wp\/v2\/posts\/55984\/revisions"}],"wp:featuredmedia":[{"embeddable":true,"href":"https:\/\/esreviral.com\/index.php?rest_route=\/wp\/v2\/media\/55985"}],"wp:attachment":[{"href":"https:\/\/esreviral.com\/index.php?rest_route=%2Fwp%2Fv2%2Fmedia&parent=55984"}],"wp:term":[{"taxonomy":"category","embeddable":true,"href":"https:\/\/esreviral.com\/index.php?rest_route=%2Fwp%2Fv2%2Fcategories&post=55984"},{"taxonomy":"post_tag","embeddable":true,"href":"https:\/\/esreviral.com\/index.php?rest_route=%2Fwp%2Fv2%2Ftags&post=55984"}],"curies":[{"name":"wp","href":"https:\/\/api.w.org\/{rel}","templated":true}]}}