{"id":55952,"date":"2024-06-24T08:31:52","date_gmt":"2024-06-24T13:31:52","guid":{"rendered":"https:\/\/esreviral.com\/?p=55952"},"modified":"2024-06-24T08:31:53","modified_gmt":"2024-06-24T13:31:53","slug":"reduccion-de-velocidad-de-los-trenes-como-funcionara-el-transporte-publico-este-martes","status":"publish","type":"post","link":"https:\/\/esreviral.com\/?p=55952","title":{"rendered":"Reducci\u00f3n de velocidad de los trenes: c\u00f3mo funcionar\u00e1 el transporte p\u00fablico este martes"},"content":{"rendered":"\n<p>La Fraternidad anunci\u00f3 una nueva medida gremial para este martes 25 de junio que consistir\u00e1 en<strong>&nbsp;reducir la velocidad de los trenes&nbsp;<\/strong>en todo el territorio nacional&nbsp;<strong>a 30 kil\u00f3metros por hora.&nbsp;<\/strong>La decisi\u00f3n generar\u00e1 demoras en las diferentes l\u00edneas, que suelen funcionar entre 60 y 80 kil\u00f3metros por hora de velocidad<\/p>\n\n\n\n<p><strong>Autobuses\u00a0y subtes funcionar\u00e1n con normalidad<\/strong>\u00a0en sus horarios habituales, aunque se prev\u00e9 una mayor cantidad de pasajeros, por lo que se aconseja salir con tiempo.<\/p>\n\n\n\n<p class=\"has-text-align-center\"><strong><em><mark style=\"background-color:rgba(0, 0, 0, 0)\" class=\"has-inline-color has-vivid-red-color\"><a href=\"https:\/\/esreviral.com\/medida-de-fuerza-como-funcionan-los-trenes-este-martes-25-de-junio\/\" data-type=\"link\" data-id=\"https:\/\/esreviral.com\/medida-de-fuerza-como-funcionan-los-trenes-este-martes-25-de-junio\/\">Lea Tambi\u00e9n: Medida de fuerza: c\u00f3mo funcionar\u00e1n los trenes este martes 25 de junio<\/a><\/mark><\/em><\/strong><\/p>\n\n\n\n<figure class=\"wp-block-image size-large\"><img decoding=\"async\" src=\"https:\/\/tn.com.ar\/resizer\/05FcHgcbPIQcdCjlOtEakH3KqD4=\/1440x0\/smart\/filters:format(webp)\/cloudfront-us-east-1.images.arcpublishing.com\/artear\/S337JUN5UZDOJBVF6CIZN2CJY4.jpg\" alt=\"\"\/><\/figure>\n\n\n\n<p>La medida est\u00e1 prevista para<strong>&nbsp;las 00:00 del martes y durar\u00eda 24 horas<\/strong>, seg\u00fan anunci\u00f3 el sindicato&nbsp;<strong>La Fraternidad<\/strong>&nbsp;el pasado 19 de junio.<\/p>\n\n\n\n<p><strong><mark style=\"background-color:rgba(0, 0, 0, 0)\" class=\"has-inline-color has-vivid-red-color\">Cu\u00e1les son las l\u00edneas afectadas<\/mark><\/strong><\/p>\n\n\n\n<ul class=\"wp-block-list\">\n<li><strong>Sarmiento<\/strong><\/li>\n\n\n\n<li><strong>Roca<\/strong><\/li>\n\n\n\n<li><strong>Mitre<\/strong><\/li>\n\n\n\n<li><strong>San Mart\u00edn<\/strong><\/li>\n\n\n\n<li><strong>Belgrano Sur<\/strong><\/li>\n\n\n\n<li><strong>Belgrano Norte<\/strong><\/li>\n\n\n\n<li><strong>Urquiza<\/strong><\/li>\n\n\n\n<li><strong>Tren de la Costa<\/strong><\/li>\n<\/ul>\n\n\n\n<p><strong><mark style=\"background-color:rgba(0, 0, 0, 0)\" class=\"has-inline-color has-vivid-red-color\">El comunicado de La Fraternidad<\/mark><\/strong><\/p>\n\n\n\n<p>El Sindicato La Fraternidad comunica a la opini\u00f3n p\u00fablica en general, que en el d\u00eda de la fecha se ha dispuesto aplicar para el d\u00eda martes 25 de junio y por el t\u00e9rmino de 24 horas, un tope de velocidad de hasta 30 kil\u00f3metros por hora en la circulaci\u00f3n de trenes en toda la Argentina.<\/p>\n\n\n\n<p>Esta decisi\u00f3n que toma el Secretariado Nacional tiene como origen la postergaci\u00f3n de la medida de fuerza anunciada para el d\u00eda 4 de junio pasado a solicitud del Gobierno nacional y el haber participado en cuatro reuniones consecutivas, mostrando la mejor de las predisposiciones para llegar a un acuerdo.<\/p>\n\n\n\n<figure class=\"wp-block-image size-large is-resized\"><img decoding=\"async\" src=\"https:\/\/tn.com.ar\/resizer\/RTJOkb-gfq212TKanh4DaD9yVJ8=\/1440x0\/smart\/filters:format(webp)\/cloudfront-us-east-1.images.arcpublishing.com\/artear\/53JXTH2AKBETDJOX4WAGQVRBYE.jfif\" alt=\"\" style=\"aspect-ratio:1;width:1035px;height:auto\"\/><\/figure>\n\n\n\n<p>Sin embargo, nuestra voluntad negociadora no fue efectiva, habida cuenta de que el sector empresarial ha tenido m\u00e1s de 15 d\u00edas para mejorar la propuesta salarial de forma que la misma reflejara los \u00edndices inflacionarios para mantener el poder adquisitivo alimentario, el cual viene siendo \u201clicuado\u201d sistem\u00e1ticamente desde enero de 2024.<\/p>\n\n\n\n<p>Por los motivos expuestos y habi\u00e9ndose agotado las instancias de di\u00e1logo, es que con la medida anunciada nuestro sindicato retoma su Plan de Lucha que fuera postergado.<\/p>\n\n\n\n<p class=\"has-text-align-center\"><strong><a href=\"https:\/\/chat.whatsapp.com\/KWkTmakY3I05kNdd2oZl6d\">\u00daNETE A NUESTRO GRUPO DE WHATSAPP PARA ESTAR INFORMADO<\/a><\/strong><\/p>\n\n\n\n<p class=\"has-text-align-right\"><strong><em>TN.-<\/em><\/strong><\/p>\n","protected":false},"excerpt":{"rendered":"<p>Conoc\u00e9 las opciones para poder viajar durante la medida gremial del sindicato La Fraternidad que afectar\u00e1 el normal funcionamiento de los trenes.<\/p>\n","protected":false},"author":3,"featured_media":55953,"comment_status":"open","ping_status":"open","sticky":false,"template":"","format":"standard","meta":{"jnews-multi-image_gallery":[],"jnews_single_post":{"subtitle":"","format":"standard","video":"","gallery":"","source_name":"","source_url":"","via_name":"","via_url":"","override_template":"0","override":[{"template":"4","single_blog_custom":"","parallax":"1","fullscreen":"1","layout":"right-sidebar","sidebar":"default-sidebar","second_sidebar":"default-sidebar","sticky_sidebar":"1","share_position":"top","share_float_style":"share-monocrhome","show_share_counter":"1","show_view_counter":"1","show_featured":"1","show_post_meta":"1","show_post_author":"1","show_post_author_image":"1","show_post_date":"1","post_date_format":"default","post_date_format_custom":"Y\/m\/d","show_post_category":"1","show_post_reading_time":"1","post_reading_time_wpm":"300","show_zoom_button":"1","zoom_button_out_step":"2","zoom_button_in_step":"3","show_post_tag":"1","show_prev_next_post":"1","show_popup_post":"1","number_popup_post":"1","show_author_box":"1","show_post_related":"1","show_inline_post_related":"0"}],"override_image_size":"0","image_override":[{"single_post_thumbnail_size":"crop-500","single_post_gallery_size":"crop-500"}],"trending_post":"0","trending_post_position":"meta","trending_post_label":"Trending","sponsored_post":"0","sponsored_post_label":"Sponsored by","sponsored_post_name":"","sponsored_post_url":"","sponsored_post_logo_enable":"0","sponsored_post_logo":"","sponsored_post_desc":"","disable_ad":"0"},"jnews_primary_category":{"id":"","hide":""},"jnews_social_meta":{"fb_title":"","fb_description":"","fb_image":"","twitter_title":"","twitter_description":"","twitter_image":""},"jnews_review":[],"enable_review":"0","type":"percentage","name":"","summary":"","brand":"","sku":"","good":[{"good_text":""}],"bad":[{"bad_text":""}],"score_override":"","override_value":"","rating":[{"rating_text":"","rating_number":"10"}],"price":[{"shop":"","price":"","link":"","icon":""}],"jnews_override_counter":{"override_view_counter":"0","view_counter_number":"0","override_share_counter":"0","share_counter_number":"0","override_like_counter":"0","like_counter_number":"0","override_dislike_counter":"0","dislike_counter_number":"0"},"jnews_post_split":{"enable_post_split":"0","post_split":[{"template":"1","tag":"h2","numbering":"asc","mode":"normal","first":"0","enable_toc":"0","toc_type":"normal"}]},"footnotes":""},"categories":[58],"tags":[44,15043,3818,45,16216,1712,1866],"class_list":["post-55952","post","type-post","status-publish","format-standard","has-post-thumbnail","hentry","category-argentina","tag-argentina","tag-autobuses","tag-la-fraternidad","tag-noticias","tag-paro-de-tren","tag-paro-de-trenes","tag-subtes"],"amp_enabled":true,"_links":{"self":[{"href":"https:\/\/esreviral.com\/index.php?rest_route=\/wp\/v2\/posts\/55952"}],"collection":[{"href":"https:\/\/esreviral.com\/index.php?rest_route=\/wp\/v2\/posts"}],"about":[{"href":"https:\/\/esreviral.com\/index.php?rest_route=\/wp\/v2\/types\/post"}],"author":[{"embeddable":true,"href":"https:\/\/esreviral.com\/index.php?rest_route=\/wp\/v2\/users\/3"}],"replies":[{"embeddable":true,"href":"https:\/\/esreviral.com\/index.php?rest_route=%2Fwp%2Fv2%2Fcomments&post=55952"}],"version-history":[{"count":0,"href":"https:\/\/esreviral.com\/index.php?rest_route=\/wp\/v2\/posts\/55952\/revisions"}],"wp:featuredmedia":[{"embeddable":true,"href":"https:\/\/esreviral.com\/index.php?rest_route=\/wp\/v2\/media\/55953"}],"wp:attachment":[{"href":"https:\/\/esreviral.com\/index.php?rest_route=%2Fwp%2Fv2%2Fmedia&parent=55952"}],"wp:term":[{"taxonomy":"category","embeddable":true,"href":"https:\/\/esreviral.com\/index.php?rest_route=%2Fwp%2Fv2%2Fcategories&post=55952"},{"taxonomy":"post_tag","embeddable":true,"href":"https:\/\/esreviral.com\/index.php?rest_route=%2Fwp%2Fv2%2Ftags&post=55952"}],"curies":[{"name":"wp","href":"https:\/\/api.w.org\/{rel}","templated":true}]}}