{"id":55948,"date":"2024-06-24T08:17:06","date_gmt":"2024-06-24T13:17:06","guid":{"rendered":"https:\/\/esreviral.com\/?p=55948"},"modified":"2024-06-24T08:33:48","modified_gmt":"2024-06-24T13:33:48","slug":"medida-de-fuerza-como-funcionan-los-trenes-este-martes-25-de-junio","status":"publish","type":"post","link":"https:\/\/esreviral.com\/?p=55948","title":{"rendered":"Medida de fuerza: c\u00f3mo funcionar\u00e1n los trenes este martes 25 de junio"},"content":{"rendered":"\n<p>El sindicato de maquinistas y trabajadores ferroviarios&nbsp;<strong>La Fraternidad<\/strong>&nbsp;anunci\u00f3 que este&nbsp;<strong>martes 25 de junio<\/strong>&nbsp;los&nbsp;<strong>trenes de todo el pa\u00eds<\/strong>&nbsp;volver\u00e1n a circular con un&nbsp;<strong>tope de velocidad de 30 kil\u00f3metros por hora<\/strong>, tal&nbsp;como ocurri\u00f3 el pasado 30 de mayo, en protesta por la falta de respuesta a una recomposici\u00f3n salarial para los empleados del sector.<\/p>\n\n\n\n<p>La medida de fuerza nuevamente se enfoca en una&nbsp;<strong>reducci\u00f3n de velocidad<\/strong>&nbsp;en las formaciones de todas las l\u00edneas de trenes del territorio nacional por el plazo de&nbsp;<strong>24 horas<\/strong>, desde las cero horas del martes 25 de junio.<\/p>\n\n\n\n<figure class=\"wp-block-image size-large\"><img decoding=\"async\" src=\"https:\/\/resizer.glanacion.com\/resizer\/v2\/los-trenes-funcionaran-pero-a-una-velocidad-de-30-BU4M42OHAFEM7PXBNKAZ7XBCAI.JPG?auth=ca2a56ecd2a1f6161f79d4bdeee68a7d9114b1495d4a3d18e63f2a7b037c601e&amp;width=780&amp;height=520&amp;quality=70&amp;smart=true\" alt=\"\"\/><\/figure>\n\n\n\n<p>Tras el comunicado oficial del gremio, este martes se implementar\u00e1 otra vez esta&nbsp;<strong>modalidad de protesta<\/strong>&nbsp;que consiste en la&nbsp;<strong>circulaci\u00f3n de las formaciones, pero a una velocidad menor<\/strong>&nbsp;a la habitual, lo que genera&nbsp;<strong>demoras a los pasajeros&nbsp;<\/strong>que utilicen el tren y aumenta la demanda en otros medios de transporte como los colectivos y los subtes.<\/p>\n\n\n\n<p>Esta afectaci\u00f3n del servicio alcanzar\u00e1 a las formaciones de las l\u00edneas&nbsp;<strong>Sarmiento, Roca, Mitre, San Mart\u00edn, Belgrano Sur, Belgrano Norte y Tren de la Costa<\/strong>, de las m\u00e1s usadas en el AMBA (\u00c1rea Metropolitana de Buenos Aires),<strong>&nbsp;<\/strong>y a los trenes de pasajeros y de cargas de todo el territorio nacional.<\/p>\n\n\n\n<p>Seg\u00fan el anticipo sindical, la medida de fuerza&nbsp;<strong>se extender\u00e1 por 24 horas y afecta a los trenes que transportan pasajeros y cargas&nbsp;<\/strong>en todo el pa\u00eds.<\/p>\n\n\n\n<p><strong><mark style=\"background-color:rgba(0, 0, 0, 0)\" class=\"has-inline-color has-vivid-red-color\">Qu\u00e9 dice el comunicado oficial sobre la medida de fuerza<\/mark><\/strong><\/p>\n\n\n\n<p>\u201cEl sindicato La Fraternidad comunica a la opini\u00f3n p\u00fablica en general, que se ha dispuesto aplicar para el d\u00eda&nbsp;<strong>martes 25 de junio<\/strong>&nbsp;y por el t\u00e9rmino de 24 horas, un&nbsp;<strong>tope de velocidad de hasta 30 km\/h<\/strong>&nbsp;en la circulaci\u00f3n de trenes en todo el territorio nacional. Esta decisi\u00f3n que toma el secretariado nacional tiene como origen la postergaci\u00f3n de la medida de fuerza anunciada para el d\u00eda 4 de junio pasado, a solicitud del gobierno nacional y el haber participado en&nbsp;<strong>cuatro reuniones consecutivas<\/strong>, mostrando la mejor de las predisposiciones para llegar a un acuerdo\u201d, explica el mensaje del sindicato.<\/p>\n\n\n\n<p>Seguidamente, el gremio remarca que transcurrido un tiempo prudencial, no recibieron nuevas ofertas salariales y por eso recurren a esta medida de protesta. \u201cSin embargo, nuestra voluntad negociadora no fue efectiva, habida cuenta de que el sector empresarial&nbsp;<strong>ha tenido m\u00e1s de 15 d\u00edas para mejorar la propuesta salarial<\/strong>, de forma que la misma reflejara los \u00edndices inflacionarios para mantener el poder adquisitivo alimentario, el cual viene siendo \u201clicuado\u201d sistem\u00e1ticamente desde enero de 2024\u2033.<\/p>\n\n\n\n<blockquote class=\"twitter-tweet\"><p lang=\"pt\" dir=\"ltr\">COMUNICADO DE PRENSA. <a href=\"https:\/\/t.co\/YkCxvclduw\">pic.twitter.com\/YkCxvclduw<\/a><\/p>&mdash; La Fraternidad (@FraternidadArg) <a href=\"https:\/\/twitter.com\/FraternidadArg\/status\/1803529339893584119?ref_src=twsrc%5Etfw\">June 19, 2024<\/a><\/blockquote> <script async src=\"https:\/\/platform.twitter.com\/widgets.js\" charset=\"utf-8\"><\/script>\n\n\n\n<p>En la parte final del mensaje, La Fraternidad anuncia la ruptura de las negociaciones y la reanudaci\u00f3n de su plan de lucha. \u201cPor los motivos expuestos y habi\u00e9ndose<strong>&nbsp;agotado las instancias de di\u00e1logo<\/strong>, es que con la medida anunciada, nuestro sindicato retoma su plan de lucha que fuera postergado por el secretariado nacional\u201d, se lee en el comunicado, con fecha del 19 de este mes.<\/p>\n\n\n\n<p><strong><mark style=\"background-color:rgba(0, 0, 0, 0)\" class=\"has-inline-color has-vivid-red-color\">Los antecedentes de la medida de fuerza<\/mark><\/strong><\/p>\n\n\n\n<p>Previamente, La Fraternidad hab\u00eda informado que el martes 28 hubo una reuni\u00f3n con la Secretar\u00eda de Trabajo, Empleo y Seguridad Social en la que recibieron un ofrecimiento, pero fue rechazado por&nbsp;<strong>el sindicato,&nbsp;<\/strong>ya que las empresas propon\u00edan incrementos del 2% en abril y del 7% en mayo, lo que result\u00f3 insuficiente para el gremio.<\/p>\n\n\n\n<p>En aquel momento estuvo latente la posibilidad de un&nbsp;<strong>paro total del servicio<\/strong>, que no se concret\u00f3, dado que los referentes del gremio fueron recibidos por el jefe de Gabinete,&nbsp;<strong>Guillermo Francos<\/strong>, con el objetivo de llegar a un acuerdo.<\/p>\n\n\n\n<figure class=\"wp-block-image size-large\"><img decoding=\"async\" src=\"https:\/\/resizer.glanacion.com\/resizer\/v2\/paro-de-MLVROCHXGNDEPMGVRE6SRYGXEA.jpg?auth=2884c8d89d28d27a66c1de041c80a51f3fbe11db6a1093f1e5e0e661ecfa3b3b&amp;width=780&amp;height=520&amp;quality=70&amp;smart=true\" alt=\"\"\/><\/figure>\n\n\n\n<p><strong><mark style=\"background-color:rgba(0, 0, 0, 0)\" class=\"has-inline-color has-vivid-red-color\">C\u00f3mo funcionan los trenes el 25 de junio<\/mark><\/strong><\/p>\n\n\n\n<p>Tomando como referencia la \u00faltima medida de fuerza de similares caracter\u00edsticas, los&nbsp;<strong>tiempos estimados de demora<\/strong>&nbsp;para las diferentes l\u00edneas ferroviarias, ser\u00edan los siguientes:<\/p>\n\n\n\n<ul class=\"wp-block-list\">\n<li><strong>L\u00ednea Roca<\/strong>: ramales La Plata, Bosques v\u00eda Temperley, Bosques v\u00eda Quilmes, entre 30 y 50 minutos de atraso; ramal a Ezeiza, 30 minutos; a Alejandro Korn, 45 minutos de atraso.<\/li>\n\n\n\n<li><strong>L\u00edneas Sarmiento y San Mart\u00edn<\/strong>: 45 minutos de atraso.<\/li>\n\n\n\n<li><strong>L\u00edneas Mitre y Belgrano Sur<\/strong>: 30 minutos de demoras.<\/li>\n<\/ul>\n\n\n\n<p class=\"has-text-align-center\"><strong><em><mark style=\"background-color:rgba(0, 0, 0, 0)\" class=\"has-inline-color has-vivid-red-color\"><a href=\"https:\/\/esreviral.com\/reduccion-de-velocidad-de-los-trenes-como-funcionara-el-transporte-publico-este-martes\/\" data-type=\"link\" data-id=\"https:\/\/esreviral.com\/reduccion-de-velocidad-de-los-trenes-como-funcionara-el-transporte-publico-este-martes\/\">Lea Tambi\u00e9n: Reducci\u00f3n de velocidad de los trenes: c\u00f3mo funcionar\u00e1 el transporte p\u00fablico este martes<\/a><\/mark><\/em><\/strong><\/p>\n\n\n\n<p class=\"has-text-align-center\"><strong><a href=\"https:\/\/chat.whatsapp.com\/KWkTmakY3I05kNdd2oZl6d\">\u00daNETE A NUESTRO GRUPO DE WHATSAPP PARA ESTAR INFORMADO<\/a><\/strong><\/p>\n\n\n\n<p class=\"has-text-align-right\"><em><strong>LA NACION<\/strong>.-<\/em><\/p>\n","protected":false},"excerpt":{"rendered":"<p>Las formaciones de todas las l\u00edneas del pa\u00eds circular\u00e1n con un tope de velocidad de 30 kil\u00f3metros por hora como medida de protesta por el reclamo salarial del gremio de los maquinistas<\/p>\n","protected":false},"author":3,"featured_media":55949,"comment_status":"open","ping_status":"open","sticky":false,"template":"","format":"standard","meta":{"jnews-multi-image_gallery":[],"jnews_single_post":{"subtitle":"","format":"standard","video":"","gallery":"","source_name":"","source_url":"","via_name":"","via_url":"","override_template":"0","override":[{"template":"4","single_blog_custom":"","parallax":"1","fullscreen":"1","layout":"right-sidebar","sidebar":"default-sidebar","second_sidebar":"default-sidebar","sticky_sidebar":"1","share_position":"top","share_float_style":"share-monocrhome","show_share_counter":"1","show_view_counter":"1","show_featured":"1","show_post_meta":"1","show_post_author":"1","show_post_author_image":"1","show_post_date":"1","post_date_format":"default","post_date_format_custom":"Y\/m\/d","show_post_category":"1","show_post_reading_time":"1","post_reading_time_wpm":"300","show_zoom_button":"1","zoom_button_out_step":"2","zoom_button_in_step":"3","show_post_tag":"1","show_prev_next_post":"1","show_popup_post":"1","number_popup_post":"1","show_author_box":"1","show_post_related":"1","show_inline_post_related":"0"}],"override_image_size":"0","image_override":[{"single_post_thumbnail_size":"crop-500","single_post_gallery_size":"crop-500"}],"trending_post":"0","trending_post_position":"meta","trending_post_label":"Trending","sponsored_post":"0","sponsored_post_label":"Sponsored by","sponsored_post_name":"","sponsored_post_url":"","sponsored_post_logo_enable":"0","sponsored_post_logo":"","sponsored_post_desc":"","disable_ad":"0"},"jnews_primary_category":{"id":"","hide":""},"jnews_social_meta":{"fb_title":"","fb_description":"","fb_image":"","twitter_title":"","twitter_description":"","twitter_image":""},"jnews_review":[],"enable_review":"0","type":"percentage","name":"","summary":"","brand":"","sku":"","good":[{"good_text":""}],"bad":[{"bad_text":""}],"score_override":"","override_value":"","rating":[{"rating_text":"","rating_number":"10"}],"price":[{"shop":"","price":"","link":"","icon":""}],"jnews_override_counter":{"override_view_counter":"0","view_counter_number":"0","override_share_counter":"0","share_counter_number":"0","override_like_counter":"0","like_counter_number":"0","override_dislike_counter":"0","dislike_counter_number":"0"},"jnews_post_split":{"enable_post_split":"0","post_split":[{"template":"1","tag":"h2","numbering":"asc","mode":"normal","first":"0","enable_toc":"0","toc_type":"normal"}]},"footnotes":""},"categories":[58],"tags":[5077,44,45,780,2125,4179],"class_list":["post-55948","post","type-post","status-publish","format-standard","has-post-thumbnail","hentry","category-argentina","tag-agenda","tag-argentina","tag-noticias","tag-paro-de-transporte","tag-trenes","tag-trenes-argentinos"],"amp_enabled":true,"_links":{"self":[{"href":"https:\/\/esreviral.com\/index.php?rest_route=\/wp\/v2\/posts\/55948"}],"collection":[{"href":"https:\/\/esreviral.com\/index.php?rest_route=\/wp\/v2\/posts"}],"about":[{"href":"https:\/\/esreviral.com\/index.php?rest_route=\/wp\/v2\/types\/post"}],"author":[{"embeddable":true,"href":"https:\/\/esreviral.com\/index.php?rest_route=\/wp\/v2\/users\/3"}],"replies":[{"embeddable":true,"href":"https:\/\/esreviral.com\/index.php?rest_route=%2Fwp%2Fv2%2Fcomments&post=55948"}],"version-history":[{"count":0,"href":"https:\/\/esreviral.com\/index.php?rest_route=\/wp\/v2\/posts\/55948\/revisions"}],"wp:featuredmedia":[{"embeddable":true,"href":"https:\/\/esreviral.com\/index.php?rest_route=\/wp\/v2\/media\/55949"}],"wp:attachment":[{"href":"https:\/\/esreviral.com\/index.php?rest_route=%2Fwp%2Fv2%2Fmedia&parent=55948"}],"wp:term":[{"taxonomy":"category","embeddable":true,"href":"https:\/\/esreviral.com\/index.php?rest_route=%2Fwp%2Fv2%2Fcategories&post=55948"},{"taxonomy":"post_tag","embeddable":true,"href":"https:\/\/esreviral.com\/index.php?rest_route=%2Fwp%2Fv2%2Ftags&post=55948"}],"curies":[{"name":"wp","href":"https:\/\/api.w.org\/{rel}","templated":true}]}}