{"id":55629,"date":"2024-06-17T08:28:53","date_gmt":"2024-06-17T13:28:53","guid":{"rendered":"https:\/\/esreviral.com\/?p=55629"},"modified":"2024-06-17T08:28:54","modified_gmt":"2024-06-17T13:28:54","slug":"milei-viajara-a-rosario-para-participar-de-los-festejos-por-el-dia-de-la-bandera","status":"publish","type":"post","link":"https:\/\/esreviral.com\/?p=55629","title":{"rendered":"Milei viajar\u00e1 a Rosario para participar de los festejos por el D\u00eda de la Bandera"},"content":{"rendered":"\n<p>Luego de su participaci\u00f3n en la&nbsp;<em><strong>Cumbre Global por la Paz<\/strong><\/em> celebrada en Suiza, donde&nbsp;<em><strong>se reuni\u00f3 con su par ucraniano Volodimir Zelensky<\/strong><\/em>, desde Presidencia de la Naci\u00f3n comunicaron anoche que&nbsp;<strong>Javier Milei participar\u00e1 el pr\u00f3ximo 20 de junio de los festejos por el D\u00eda de la Bandera<\/strong>&nbsp;que se realizar\u00e1n en la ciudad de Rosario, provincia de Santa Fe.<\/p>\n\n\n\n<p>\u201cEl pr\u00f3ximo 20 de junio el presidente de la Naci\u00f3n, Javier Milei, viajar\u00e1 a Rosario para conmemorar el d\u00eda de la Bandera\u201d, dice el escueto mensaje que el vocero presidencial,&nbsp;<strong>Manuel Adorni<\/strong>, difundi\u00f3 ayer domingo a trav\u00e9s de su canal de WhatsApp.<\/p>\n\n\n\n<p>Si bien la invitaci\u00f3n formal para que el mandatario participe del acto oficial por el D\u00eda de la Bandera en Rosario ya hab\u00eda sido cursada a trav\u00e9s de los canales protocolares, el municipio a\u00fan no hab\u00eda recibido.<\/p>\n\n\n\n<figure class=\"wp-block-image size-large\"><img decoding=\"async\" src=\"https:\/\/www.infobae.com\/new-resizer\/A45y_OTxtLB5-utpgnh-eWxPiLg=\/768x512\/filters:format(webp):quality(85)\/cloudfront-us-east-1.images.arcpublishing.com\/infobae\/W5GDOGWFF2KYK4RZ5TT7XEEGQY.jpg\" alt=\"\"\/><\/figure>\n\n\n\n<p>El martes pasado, en el marco de&nbsp;la presentaci\u00f3n de los avances logrados en materia de seguridad&nbsp;en la provincia de Santa Fe bajo el Plan Bandera, la ministra&nbsp;<strong>Patricia Bullrich<\/strong>&nbsp;hab\u00eda declarado que el presidente Milei \u201cseguramente\u201d ser\u00eda parte de la celebraci\u00f3n. Sin embargo, unos minutos despu\u00e9s la funcionaria recalcul\u00f3 y fue m\u00e1s cauta respecto a la agenda del Presidente.&nbsp;<strong>\u201cNo s\u00e9, es un d\u00eda importante, pero no tengo su agenda\u201d<\/strong>, respondi\u00f3 ante la repregunta de los periodistas presentes en la conferencia de prensa que ofreci\u00f3 junto al gobernador Pullaro.<\/p>\n\n\n\n<p>En tanto, se indic\u00f3 queentidades y asociaciones de Rosario convocaron a Milei, al intendente&nbsp;<strong>Pablo Javkin<\/strong>, y al gobernador&nbsp;<strong>Maximiliano Pullaro<\/strong>&nbsp;a participar en el Monumento del 204\u00ba aniversario del paso a la inmortalidad del general Manuel Belgrano.<\/p>\n\n\n\n<p>\u201cCelebremos al hombre, al pr\u00f3cer y a nuestra bandera nacional, s\u00edmbolo de uni\u00f3n e identidad\u201d, indicaron en un comunicado desde Valor Rosario, Foro Regional Rosario, Sociedad Rural de Rosario, Asociaci\u00f3n Rosarina de Entidades Deportivas Amateurs (Areda), Fundaci\u00f3n Apertura, Asociaci\u00f3n Pro Rosario y Movimiento Nacional Pyme (Monapy).<\/p>\n\n\n\n<p>De cara al acto que se realizar\u00e1 el pr\u00f3ximo 20 de junio, de 12 a 18, en el Monumento Hist\u00f3rico Nacional a Bandera Argentina, la Municipalidad de Rosario comunic\u00f3 que el evento se desarrollar\u00e1 entre las 12 y las 18, y la entrada ser\u00e1 gratuita. El evento contar\u00e1 con&nbsp;<strong>concursos gastron\u00f3micos<\/strong>&nbsp;de asadores, pastelitos y empanadas,&nbsp;<strong>ferias&nbsp;<\/strong>de artesanos y de econom\u00eda social, un&nbsp;<strong>espacio para las infancias<\/strong>&nbsp;con juegos, lecturas y otras propuestas, patios de&nbsp;<strong>baile&nbsp;<\/strong>y escenarios con&nbsp;<strong>m\u00fasica en vivo.<\/strong><\/p>\n\n\n\n<p>De esta manera, el presidente Milei volver\u00e1 a Rosario, una ciudad marcada por la violencia narco, luego de la visita que protagoniz\u00f3 el pasado 14 de noviembre, cuando&nbsp;<em><strong>encabez\u00f3 un multitudinario acto de campa\u00f1a<\/strong><\/em>&nbsp;antes de enfrentarse mano a mano con Sergio Massa en el balotaje. Cinco d\u00edas despu\u00e9s del encuentro con sus militantes a metros del Monumento a la Bandera, el referente libertario obtuvo un contundente triunfo en las urnas y se qued\u00f3 con la Presidencia.<\/p>\n\n\n\n<p>En esa oportunidad, y fiel a su estilo, el l\u00edder de La Libertad Avanza lleg\u00f3 al lugar a bordo de una camioneta de doble cabina, en la cual, adem\u00e1s de su hermana y actual secretaria general de Presidencia, Karina Milei, viajaban la ex candidata a gobernadora bonaerense de su espacio,&nbsp;<strong>Carolina P\u00edparo<\/strong>, y la diputada nacional electa en la provincia de Santa Fe,&nbsp;<strong>Romina Diez<\/strong>. Tambi\u00e9n estaba&nbsp;<strong>Nicol\u00e1s Mayoraz<\/strong>, otro de los diputados nacionales electos por su partido.<\/p>\n\n\n\n<p class=\"has-text-align-center\"><strong><a href=\"https:\/\/chat.whatsapp.com\/KWkTmakY3I05kNdd2oZl6d\">\u00daNETE A NUESTRO GRUPO DE WHATSAPP PARA ESTAR INFORMADO<\/a><\/strong><\/p>\n\n\n\n<p class=\"has-text-align-right\"><em><strong>Infobae.-<\/strong><\/em><\/p>\n","protected":false},"excerpt":{"rendered":"<p>La presencia del Presidente en el tradicional evento, que se realizar\u00e1 el pr\u00f3ximo mi\u00e9rcoles en la ciudad santafesina, fue confirmada por el vocero presidencial, Manuel Adorni<\/p>\n","protected":false},"author":3,"featured_media":55631,"comment_status":"open","ping_status":"open","sticky":false,"template":"","format":"standard","meta":{"jnews-multi-image_gallery":[],"jnews_single_post":{"subtitle":"","format":"standard","video":"","gallery":"","source_name":"","source_url":"","via_name":"","via_url":"","override_template":"0","override":[{"template":"4","single_blog_custom":"","parallax":"1","fullscreen":"1","layout":"right-sidebar","sidebar":"default-sidebar","second_sidebar":"default-sidebar","sticky_sidebar":"1","share_position":"top","share_float_style":"share-monocrhome","show_share_counter":"1","show_view_counter":"1","show_featured":"1","show_post_meta":"1","show_post_author":"1","show_post_author_image":"1","show_post_date":"1","post_date_format":"default","post_date_format_custom":"Y\/m\/d","show_post_category":"1","show_post_reading_time":"1","post_reading_time_wpm":"300","show_zoom_button":"1","zoom_button_out_step":"2","zoom_button_in_step":"3","show_post_tag":"1","show_prev_next_post":"1","show_popup_post":"1","number_popup_post":"1","show_author_box":"1","show_post_related":"1","show_inline_post_related":"0"}],"override_image_size":"0","image_override":[{"single_post_thumbnail_size":"crop-500","single_post_gallery_size":"crop-500"}],"trending_post":"0","trending_post_position":"meta","trending_post_label":"Trending","sponsored_post":"0","sponsored_post_label":"Sponsored by","sponsored_post_name":"","sponsored_post_url":"","sponsored_post_logo_enable":"0","sponsored_post_logo":"","sponsored_post_desc":"","disable_ad":"0"},"jnews_primary_category":{"id":"","hide":""},"jnews_social_meta":{"fb_title":"","fb_description":"","fb_image":"","twitter_title":"","twitter_description":"","twitter_image":""},"jnews_review":[],"enable_review":"0","type":"percentage","name":"","summary":"","brand":"","sku":"","good":[{"good_text":""}],"bad":[{"bad_text":""}],"score_override":"","override_value":"","rating":[{"rating_text":"","rating_number":"10"}],"price":[{"shop":"","price":"","link":"","icon":""}],"jnews_override_counter":{"override_view_counter":"0","view_counter_number":"0","override_share_counter":"0","share_counter_number":"0","override_like_counter":"0","like_counter_number":"0","override_dislike_counter":"0","dislike_counter_number":"0"},"jnews_post_split":{"enable_post_split":"0","post_split":[{"template":"1","tag":"h2","numbering":"asc","mode":"normal","first":"0","enable_toc":"0","toc_type":"normal"}]},"footnotes":""},"categories":[58,59],"tags":[44,2731,1158,12936,45,217],"class_list":["post-55629","post","type-post","status-publish","format-standard","has-post-thumbnail","hentry","category-argentina","category-politica","tag-argentina","tag-dia-de-la-bandera","tag-javier-milei","tag-manuel-adorni","tag-noticias","tag-rosario"],"amp_enabled":true,"_links":{"self":[{"href":"https:\/\/esreviral.com\/index.php?rest_route=\/wp\/v2\/posts\/55629"}],"collection":[{"href":"https:\/\/esreviral.com\/index.php?rest_route=\/wp\/v2\/posts"}],"about":[{"href":"https:\/\/esreviral.com\/index.php?rest_route=\/wp\/v2\/types\/post"}],"author":[{"embeddable":true,"href":"https:\/\/esreviral.com\/index.php?rest_route=\/wp\/v2\/users\/3"}],"replies":[{"embeddable":true,"href":"https:\/\/esreviral.com\/index.php?rest_route=%2Fwp%2Fv2%2Fcomments&post=55629"}],"version-history":[{"count":0,"href":"https:\/\/esreviral.com\/index.php?rest_route=\/wp\/v2\/posts\/55629\/revisions"}],"wp:featuredmedia":[{"embeddable":true,"href":"https:\/\/esreviral.com\/index.php?rest_route=\/wp\/v2\/media\/55631"}],"wp:attachment":[{"href":"https:\/\/esreviral.com\/index.php?rest_route=%2Fwp%2Fv2%2Fmedia&parent=55629"}],"wp:term":[{"taxonomy":"category","embeddable":true,"href":"https:\/\/esreviral.com\/index.php?rest_route=%2Fwp%2Fv2%2Fcategories&post=55629"},{"taxonomy":"post_tag","embeddable":true,"href":"https:\/\/esreviral.com\/index.php?rest_route=%2Fwp%2Fv2%2Ftags&post=55629"}],"curies":[{"name":"wp","href":"https:\/\/api.w.org\/{rel}","templated":true}]}}