{"id":55581,"date":"2024-06-15T09:19:19","date_gmt":"2024-06-15T14:19:19","guid":{"rendered":"https:\/\/esreviral.com\/?p=55581"},"modified":"2024-06-15T09:39:32","modified_gmt":"2024-06-15T14:39:32","slug":"aumentan-los-peajes-en-la-autopista-buenos-aires-la-plata-y-a-la-costa-cuanto-y-cuando-suben-las-tarifas","status":"publish","type":"post","link":"https:\/\/esreviral.com\/?p=55581","title":{"rendered":"Aumentan los peajes en la autopista Buenos Aires-La Plata y a la Costa: cu\u00e1nto y cu\u00e1ndo suben las tarifas"},"content":{"rendered":"\n<p>El gobierno bonaerense, a cargo de<strong>&nbsp;Axel Kicillof,&nbsp;<\/strong>avanza en un&nbsp;<strong>nuevo aumento<\/strong>&nbsp;de los&nbsp;<strong>peajes<\/strong>&nbsp;de la<strong>&nbsp;Autopista Buenos Aires-La Plata<\/strong>&nbsp;y en las<strong>&nbsp;autov\u00edas&nbsp;<\/strong>hacia la&nbsp;<strong>Costa Atl\u00e1ntica<\/strong>. El Ministerio de Infraestructura y Servicios P\u00fablicos convoc\u00f3 a una audiencia p\u00fablica para discutir el incremento del<strong>&nbsp;157%&nbsp;<\/strong>y<strong>&nbsp;137%&nbsp;<\/strong>para pasar por la<strong>&nbsp;Autopista Buenos Aires-La Plata<\/strong>&nbsp;y del Sistema Vial Integrado del<strong>&nbsp;Atl\u00e1ntico<\/strong>, que abarca las<strong>&nbsp;rutas&nbsp;<\/strong>2, 11, 36, 56, 63 y 74.<\/p>\n\n\n\n<p>Las autoridades llamaron a la consulta para el 22 de julio a las 12:00. Ah\u00ed la empresa concesionaria<strong>&nbsp;Aubasa<\/strong>&nbsp;\u201cpara que exponga los fundamentos t\u00e9cnicos, econ\u00f3micos, financieros y jur\u00eddicos de la propuesta de adecuaci\u00f3n de tarifas y la&nbsp;<strong>metodolog\u00eda de actualizaci\u00f3n trimestral<\/strong>\u201d que seguir\u00e1n la&nbsp;<strong>inflaci\u00f3n<\/strong> y el \u00edndice de&nbsp;<strong>salarios&nbsp;<\/strong>que publica el INDEC. El incremento impactar\u00e1<\/p>\n\n\n\n<p>Con la actualizaci\u00f3n, la tarifa m\u00ednima en hora pico para los autos superar\u00e1 los de&nbsp;<strong>$1300<\/strong>&nbsp;para autopista que conecta la Ciudad de Buenos Aires con el sur del conurbano.<strong>&nbsp;El alza se aplicar\u00e1 una vez finalizado el tr\u00e1mite&nbsp;<\/strong>administrativo de consulta ciudadana. Por eso&nbsp;<strong>se estima que regir\u00e1n desde agosto.<\/strong><\/p>\n\n\n\n<p><strong><mark style=\"background-color:rgba(0, 0, 0, 0)\" class=\"has-inline-color has-vivid-red-color\">Aumentar\u00e1n los peajes: las nuevas tarifas en autopista Buenos Aires-La Plata y a la Costa desde agosto<\/mark><\/strong><\/p>\n\n\n\n<p>La audiencia para discutir los aumentos de peajes bonaerenses se realizar\u00e1 el&nbsp;<strong>lunes 22 de julio&nbsp;<\/strong>en el sal\u00f3n Auditorio del ministerio de Infraestructura y Servicios P\u00fablicos en&nbsp;<strong>La Plata<\/strong>. Ser\u00e1 presidida por el subsecretario de Obras P\u00fablicas provincial, Carlos Rodr\u00edguez. La consultor\u00eda comenzar\u00e1 a partir de las&nbsp;<strong>12:00<\/strong>.<\/p>\n\n\n\n<p>En el caso de la Autopista Buenos Aires-La Plata el incremento ser\u00e1 del&nbsp;<strong>157%<\/strong>&nbsp;y para las autov\u00edas hacia la Costa Atl\u00e1ntica del&nbsp;<strong>137%<\/strong>. A continuaci\u00f3n, los&nbsp;<strong>valores&nbsp;<\/strong>para un<strong>&nbsp;veh\u00edculo liviano<\/strong>&nbsp;con dos ejes:<\/p>\n\n\n\n<p><strong>Sentido La Plata<\/strong><\/p>\n\n\n\n<ul class=\"wp-block-list\">\n<li>Peaje&nbsp;<strong>Dock Sud, Hudson, Guti\u00e9rrez y Villa Elisa<\/strong>:&nbsp;<strong>$1300&nbsp;<\/strong>y en hora pico&nbsp;<strong>$1600.<\/strong><\/li>\n\n\n\n<li>Peajes<strong>&nbsp;Bernal, Quilmes y Berazategui<\/strong>:<strong>&nbsp;$900<\/strong>&nbsp;y&nbsp;<strong>$1200<\/strong>&nbsp;hora pico<\/li>\n<\/ul>\n\n\n\n<p><strong>Sentido CABA<\/strong><\/p>\n\n\n\n<ul class=\"wp-block-list\">\n<li>Peaje<strong>&nbsp;Hudson<\/strong>: $2600 y<strong>&nbsp;$3200<\/strong>&nbsp;hora pico.<\/li>\n\n\n\n<li>Peajes<strong>&nbsp;Bernal, Quilmes y Berazategui<\/strong>:<strong>&nbsp;$2200<\/strong>&nbsp;y&nbsp;<strong>$2800<\/strong>&nbsp;hora pico.<\/li>\n<\/ul>\n\n\n\n<p><strong>Sentido a la Costa Atl\u00e1ntica<\/strong><\/p>\n\n\n\n<ul class=\"wp-block-list\">\n<li>Peaje<strong>&nbsp;Samboromb\u00f3n<\/strong>, Maip\u00fa y La Huella:&nbsp;<strong>$4300<\/strong><\/li>\n\n\n\n<li>Peaje&nbsp;<strong>General Madariaga<\/strong>:&nbsp;<strong>$1800<\/strong><\/li>\n\n\n\n<li>Peaje&nbsp;<strong>Mar Chiquita<\/strong>: $2000<\/li>\n\n\n\n<li><\/li>\n<\/ul>\n\n\n\n<p><strong><mark style=\"background-color:rgba(0, 0, 0, 0)\" class=\"has-inline-color has-vivid-red-color\">Peajes autopista Buenos Aires-La Plata y a la Costa: los precios en junio 2024<\/mark><\/strong><\/p>\n\n\n\n<p>Los&nbsp;<strong>valores actuales<\/strong>&nbsp;para un veh\u00edculo liviano con dos ejes de los&nbsp;<strong>peajes<\/strong>&nbsp;de la<strong>&nbsp;Autopista Buenos Aires-La Plata&nbsp;<\/strong>y en las autov\u00edas hacia la&nbsp;<strong>Costa Atl\u00e1ntica s<\/strong>on los siguientes:<\/p>\n\n\n\n<p><strong>Sentido La Plata<\/strong><\/p>\n\n\n\n<ul class=\"wp-block-list\">\n<li>Peaje&nbsp;<strong>Dock Sud, Hudson, Guti\u00e9rrez y Villa Elisa<\/strong>:&nbsp;<strong>$500&nbsp;<\/strong>y en hora pico&nbsp;<strong>$600.<\/strong><\/li>\n\n\n\n<li>Peajes<strong>&nbsp;Bernal, Quilmes y Berazategui<\/strong>:<strong>&nbsp;$400<\/strong>&nbsp;y&nbsp;<strong>$500<\/strong>&nbsp;hora pico<\/li>\n<\/ul>\n\n\n\n<p><strong>Sentido CABA<\/strong><\/p>\n\n\n\n<ul class=\"wp-block-list\">\n<li>Peaje<strong>&nbsp;Hudson<\/strong>: $1000 y<strong>&nbsp;$1200<\/strong>&nbsp;hora pico.<\/li>\n\n\n\n<li>Peajes<strong>&nbsp;Bernal, Quilmes y Berazategui<\/strong>:<strong>&nbsp;$900<\/strong>&nbsp;y&nbsp;<strong>$1000<\/strong>&nbsp;hora pico.<\/li>\n<\/ul>\n\n\n\n<p><strong>Sentido a la Costa Atl\u00e1ntica<\/strong><\/p>\n\n\n\n<ul class=\"wp-block-list\">\n<li>Peaje<strong>&nbsp;Samboromb\u00f3n<\/strong>&nbsp;y Maip\u00fa y La Huella:&nbsp;<strong>$1800.<\/strong><\/li>\n\n\n\n<li>Peaje\u00a0<strong>General Madariaga<\/strong>\u00a0y Mar Chiquita:\u00a0<strong>$800<\/strong>\u00a0y<strong>\u00a0$900<\/strong>.<\/li>\n<\/ul>\n\n\n\n<p class=\"has-text-align-center\"><strong><a href=\"https:\/\/chat.whatsapp.com\/KWkTmakY3I05kNdd2oZl6d\">\u00daNETE A NUESTRO GRUPO DE WHATSAPP PARA ESTAR INFORMADO<\/a><\/strong><\/p>\n\n\n\n<p class=\"has-text-align-right\"><strong><em>TN.-<\/em><\/strong><\/p>\n","protected":false},"excerpt":{"rendered":"<p>El gobierno bonaerense convoc\u00f3 para el 22 de julio a una audiencia p\u00fablica para actualizar el cuadro tarifario . La medida fue publicada en el Bolet\u00edn Oficial provincial.<\/p>\n","protected":false},"author":3,"featured_media":49875,"comment_status":"open","ping_status":"open","sticky":false,"template":"","format":"standard","meta":{"jnews-multi-image_gallery":[],"jnews_single_post":{"subtitle":"","format":"standard","video":"","gallery":"","source_name":"","source_url":"","via_name":"","via_url":"","override_template":"0","override":[{"template":"4","single_blog_custom":"","parallax":"1","fullscreen":"1","layout":"right-sidebar","sidebar":"default-sidebar","second_sidebar":"default-sidebar","sticky_sidebar":"1","share_position":"top","share_float_style":"share-monocrhome","show_share_counter":"1","show_view_counter":"1","show_featured":"1","show_post_meta":"1","show_post_author":"1","show_post_author_image":"1","show_post_date":"1","post_date_format":"default","post_date_format_custom":"Y\/m\/d","show_post_category":"1","show_post_reading_time":"1","post_reading_time_wpm":"300","show_zoom_button":"1","zoom_button_out_step":"2","zoom_button_in_step":"3","show_post_tag":"1","show_prev_next_post":"1","show_popup_post":"1","number_popup_post":"1","show_author_box":"1","show_post_related":"1","show_inline_post_related":"0"}],"override_image_size":"0","image_override":[{"single_post_thumbnail_size":"crop-500","single_post_gallery_size":"crop-500"}],"trending_post":"0","trending_post_position":"meta","trending_post_label":"Trending","sponsored_post":"0","sponsored_post_label":"Sponsored by","sponsored_post_name":"","sponsored_post_url":"","sponsored_post_logo_enable":"0","sponsored_post_logo":"","sponsored_post_desc":"","disable_ad":"0"},"jnews_primary_category":{"id":"","hide":""},"jnews_social_meta":{"fb_title":"","fb_description":"","fb_image":"","twitter_title":"","twitter_description":"","twitter_image":""},"jnews_review":[],"enable_review":"0","type":"percentage","name":"","summary":"","brand":"","sku":"","good":[{"good_text":""}],"bad":[{"bad_text":""}],"score_override":"","override_value":"","rating":[{"rating_text":"","rating_number":"10"}],"price":[{"shop":"","price":"","link":"","icon":""}],"jnews_override_counter":{"override_view_counter":"0","view_counter_number":"0","override_share_counter":"0","share_counter_number":"0","override_like_counter":"0","like_counter_number":"0","override_dislike_counter":"0","dislike_counter_number":"0"},"jnews_post_split":{"enable_post_split":"0","post_split":[{"template":"1","tag":"h2","numbering":"asc","mode":"normal","first":"0","enable_toc":"0","toc_type":"normal"}]},"footnotes":""},"categories":[58,61],"tags":[44,16038,12010,16037,6781,45,1427],"class_list":["post-55581","post","type-post","status-publish","format-standard","has-post-thumbnail","hentry","category-argentina","category-economia","tag-argentina","tag-aubasa","tag-autopista","tag-autopista-buenos-aires-la-plata","tag-costa-atlantica","tag-noticias","tag-peajes"],"amp_enabled":true,"_links":{"self":[{"href":"https:\/\/esreviral.com\/index.php?rest_route=\/wp\/v2\/posts\/55581"}],"collection":[{"href":"https:\/\/esreviral.com\/index.php?rest_route=\/wp\/v2\/posts"}],"about":[{"href":"https:\/\/esreviral.com\/index.php?rest_route=\/wp\/v2\/types\/post"}],"author":[{"embeddable":true,"href":"https:\/\/esreviral.com\/index.php?rest_route=\/wp\/v2\/users\/3"}],"replies":[{"embeddable":true,"href":"https:\/\/esreviral.com\/index.php?rest_route=%2Fwp%2Fv2%2Fcomments&post=55581"}],"version-history":[{"count":0,"href":"https:\/\/esreviral.com\/index.php?rest_route=\/wp\/v2\/posts\/55581\/revisions"}],"wp:featuredmedia":[{"embeddable":true,"href":"https:\/\/esreviral.com\/index.php?rest_route=\/wp\/v2\/media\/49875"}],"wp:attachment":[{"href":"https:\/\/esreviral.com\/index.php?rest_route=%2Fwp%2Fv2%2Fmedia&parent=55581"}],"wp:term":[{"taxonomy":"category","embeddable":true,"href":"https:\/\/esreviral.com\/index.php?rest_route=%2Fwp%2Fv2%2Fcategories&post=55581"},{"taxonomy":"post_tag","embeddable":true,"href":"https:\/\/esreviral.com\/index.php?rest_route=%2Fwp%2Fv2%2Ftags&post=55581"}],"curies":[{"name":"wp","href":"https:\/\/api.w.org\/{rel}","templated":true}]}}