{"id":55571,"date":"2024-06-15T08:52:59","date_gmt":"2024-06-15T13:52:59","guid":{"rendered":"https:\/\/esreviral.com\/?p=55571"},"modified":"2024-06-15T08:53:00","modified_gmt":"2024-06-15T13:53:00","slug":"la-ciudad-ayudara-economicamente-a-los-comerciantes-afectados-en-la-zona-del-congreso","status":"publish","type":"post","link":"https:\/\/esreviral.com\/?p=55571","title":{"rendered":"La Ciudad ayudar\u00e1 econ\u00f3micamente a los comerciantes afectados en la zona del Congreso"},"content":{"rendered":"\n<p>La Ciudad anunci\u00f3 un<strong>&nbsp;plan de apoyo econ\u00f3mico<\/strong>&nbsp;para los locales comerciales que sufrieron los da\u00f1os generados por un grupo de delincuentes el pasado mi\u00e9rcoles, en la<strong>&nbsp;zona del Congreso<\/strong>.&nbsp;<\/p>\n\n\n\n<p>\u00abMi compromiso es defender y cuidar a todas las personas que viven, trabajan y apuestan por la Ciudad de Buenos Aires. Por eso, no vamos a dejarlos solos.\u00a0A los comercios que sufrieron da\u00f1os, los vamos a acompa\u00f1ar con una ayuda econ\u00f3mica para que no tengan que cargar solos con todos los gastos.\u00a0<\/p>\n\n\n\n<p><br>En la Ciudad las prioridades est\u00e1n claras: el que delinque tiene consecuencias y al que trabaja, lo ayudamos\u00bb, declar\u00f3 el Jefe de Gobierno,\u00a0Jorge Macri.<\/p>\n\n\n\n<blockquote class=\"wp-block-quote is-layout-flow wp-block-quote-is-layout-flow\">\n<p><em>\u00abMi compromiso es defender y cuidar a todas las personas que viven, trabajan y apuestan por la Ciudad de Buenos Aires. Por eso, no vamos a dejarlos solos\u00bb.\u00a0<\/em><strong>(Jorge Macri)<\/strong><\/p>\n<\/blockquote>\n\n\n\n<p><\/p>\n\n\n\n<p>La medida se implementar\u00e1 a trav\u00e9s del&nbsp;<strong>Ministerio de Desarrollo Econ\u00f3mico<\/strong>, que ya relev\u00f3 la zona e identific\u00f3 locales con da\u00f1os en cristales, toldos y muebles dentro de sus instalaciones. En caso de comprobarse da\u00f1o cr\u00edtico, cada comerciante recibir\u00e1 un aporte no reembolsable de hasta 3 (tres) millones de pesos.&nbsp;<\/p>\n\n\n\n<p>\u00abLo que sucedi\u00f3 en las inmediaciones del Congreso es el ejemplo vivo de lo que representa la grieta. Esta es moral. Es de un lado una multitud financiada y sostenida por el aparato kirchnerista, que destruy\u00f3 bienes p\u00fablicos y privados; y del otro lado comerciantes con las persianas bajas, que perdieron un d\u00eda de facturaci\u00f3n y trabajo por lo mismos violentos de siempre,\u00bb afirm\u00f3\u00a0<strong>Roberto Garc\u00eda Morit\u00e1n<\/strong>, ministro de Desarrollo Econ\u00f3mico de la Ciudad.<\/p>\n\n\n\n<blockquote class=\"wp-block-quote is-layout-flow wp-block-quote-is-layout-flow\">\n<p><em>El beneficio podr\u00e1 ser solicitado contact\u00e1ndose con la Direcci\u00f3n General de Micro, Peque\u00f1as y Medianas Empresas, al mail pyme@buenosaires.gov.ar; o llamando al 5030-9200.<\/em><\/p>\n<\/blockquote>\n\n\n\n<p><\/p>\n\n\n\n<p>El beneficio podr\u00e1 ser solicitado contact\u00e1ndose con la&nbsp;<strong>Direcci\u00f3n General de Micro, Peque\u00f1as y Medianas Empresas<\/strong>, al mail&nbsp;<strong>pyme@buenosaires.gov.ar<\/strong>; o llamando al&nbsp;<strong>5030-9200<\/strong>. Para hacerlo, se pedir\u00e1 documentar los da\u00f1os con una denuncia policial, a lo que se sumar\u00e1 una constataci\u00f3n presencial que realizar\u00e1 el personal del Ministerio.&nbsp;<\/p>\n\n\n\n<p>Este acompa\u00f1amiento es\u00a0<strong>para locales que sufrieron da\u00f1o interno<\/strong>. La limpieza de pintadas y la reparaci\u00f3n del da\u00f1o en las veredas la est\u00e1 realizando personal del \u00e1rea de Gesti\u00f3n Comunal. \u00abVamos a invertir econ\u00f3micamente en cada uno de esos negocios para que puedan arreglar sus locales. Pero tambi\u00e9n, como dijo Jorge Macri, vamos a ir a la Justicia para que cada uno de los responsables de esto se haga cargo,\u00bb finaliz\u00f3 Morit\u00e1n.<\/p>\n\n\n\n<blockquote class=\"twitter-tweet\"><p lang=\"es\" dir=\"ltr\">SIEMPRE DEL LADO DE LOS QUE TRABAJAN, NUNCA CON LOS DELINCUENTES <br><br>El mi\u00e9rcoles los vecinos y comerciantes de la zona del Congreso sufrieron las consecuencias de los delincuentes que no saben vivir en democracia y solo saben romper y destruir. <br><br>Mi compromiso es defender y cuidar\u2026 <a href=\"https:\/\/t.co\/vlfqIAdC8m\">pic.twitter.com\/vlfqIAdC8m<\/a><\/p>&mdash; Jorge Macri (@jorgemacri) <a href=\"https:\/\/twitter.com\/jorgemacri\/status\/1801749968807457118?ref_src=twsrc%5Etfw\">June 14, 2024<\/a><\/blockquote> <script async src=\"https:\/\/platform.twitter.com\/widgets.js\" charset=\"utf-8\"><\/script>\n\n\n\n<p class=\"has-text-align-center\"><strong><a href=\"https:\/\/chat.whatsapp.com\/KWkTmakY3I05kNdd2oZl6d\">\u00daNETE A NUESTRO GRUPO DE WHATSAPP PARA ESTAR INFORMADO<\/a><\/strong><\/p>\n\n\n\n<p class=\"has-text-align-right\"><em>\u00a0<strong>Prensa GCBA<\/strong>.-<\/em><\/p>\n","protected":false},"excerpt":{"rendered":"<p>La Ciudad anunci\u00f3 un plan de apoyo econ\u00f3mico para los locales comerciales que sufrieron los da\u00f1os generados por un grupo de delincuentes el pasado mi\u00e9rcoles, en la zona del Congreso.<\/p>\n","protected":false},"author":3,"featured_media":55573,"comment_status":"open","ping_status":"open","sticky":false,"template":"","format":"standard","meta":{"jnews-multi-image_gallery":[],"jnews_single_post":{"subtitle":"","format":"standard","video":"","gallery":"","source_name":"","source_url":"","via_name":"","via_url":"","override_template":"0","override":[{"template":"4","single_blog_custom":"","parallax":"1","fullscreen":"1","layout":"right-sidebar","sidebar":"default-sidebar","second_sidebar":"default-sidebar","sticky_sidebar":"1","share_position":"top","share_float_style":"share-monocrhome","show_share_counter":"1","show_view_counter":"1","show_featured":"1","show_post_meta":"1","show_post_author":"1","show_post_author_image":"1","show_post_date":"1","post_date_format":"default","post_date_format_custom":"Y\/m\/d","show_post_category":"1","show_post_reading_time":"1","post_reading_time_wpm":"300","show_zoom_button":"1","zoom_button_out_step":"2","zoom_button_in_step":"3","show_post_tag":"1","show_prev_next_post":"1","show_popup_post":"1","number_popup_post":"1","show_author_box":"1","show_post_related":"1","show_inline_post_related":"0"}],"override_image_size":"0","image_override":[{"single_post_thumbnail_size":"crop-500","single_post_gallery_size":"crop-500"}],"trending_post":"0","trending_post_position":"meta","trending_post_label":"Trending","sponsored_post":"0","sponsored_post_label":"Sponsored by","sponsored_post_name":"","sponsored_post_url":"","sponsored_post_logo_enable":"0","sponsored_post_logo":"","sponsored_post_desc":"","disable_ad":"0"},"jnews_primary_category":{"id":"","hide":""},"jnews_social_meta":{"fb_title":"","fb_description":"","fb_image":"","twitter_title":"","twitter_description":"","twitter_image":""},"jnews_review":[],"enable_review":"0","type":"percentage","name":"","summary":"","brand":"","sku":"","good":[{"good_text":""}],"bad":[{"bad_text":""}],"score_override":"","override_value":"","rating":[{"rating_text":"","rating_number":"10"}],"price":[{"shop":"","price":"","link":"","icon":""}],"jnews_override_counter":{"override_view_counter":"0","view_counter_number":"0","override_share_counter":"0","share_counter_number":"0","override_like_counter":"0","like_counter_number":"0","override_dislike_counter":"0","dislike_counter_number":"0"},"jnews_post_split":{"enable_post_split":"0","post_split":[{"template":"1","tag":"h2","numbering":"asc","mode":"normal","first":"0","enable_toc":"0","toc_type":"normal"}]},"footnotes":""},"categories":[58,59],"tags":[44,16036,167,7886,1327,45],"class_list":["post-55571","post","type-post","status-publish","format-standard","has-post-thumbnail","hentry","category-argentina","category-politica","tag-argentina","tag-comerciantes-afectados","tag-congreso","tag-jefe-de-gobierno","tag-jorge-macri","tag-noticias"],"amp_enabled":true,"_links":{"self":[{"href":"https:\/\/esreviral.com\/index.php?rest_route=\/wp\/v2\/posts\/55571"}],"collection":[{"href":"https:\/\/esreviral.com\/index.php?rest_route=\/wp\/v2\/posts"}],"about":[{"href":"https:\/\/esreviral.com\/index.php?rest_route=\/wp\/v2\/types\/post"}],"author":[{"embeddable":true,"href":"https:\/\/esreviral.com\/index.php?rest_route=\/wp\/v2\/users\/3"}],"replies":[{"embeddable":true,"href":"https:\/\/esreviral.com\/index.php?rest_route=%2Fwp%2Fv2%2Fcomments&post=55571"}],"version-history":[{"count":0,"href":"https:\/\/esreviral.com\/index.php?rest_route=\/wp\/v2\/posts\/55571\/revisions"}],"wp:featuredmedia":[{"embeddable":true,"href":"https:\/\/esreviral.com\/index.php?rest_route=\/wp\/v2\/media\/55573"}],"wp:attachment":[{"href":"https:\/\/esreviral.com\/index.php?rest_route=%2Fwp%2Fv2%2Fmedia&parent=55571"}],"wp:term":[{"taxonomy":"category","embeddable":true,"href":"https:\/\/esreviral.com\/index.php?rest_route=%2Fwp%2Fv2%2Fcategories&post=55571"},{"taxonomy":"post_tag","embeddable":true,"href":"https:\/\/esreviral.com\/index.php?rest_route=%2Fwp%2Fv2%2Ftags&post=55571"}],"curies":[{"name":"wp","href":"https:\/\/api.w.org\/{rel}","templated":true}]}}