{"id":55505,"date":"2024-06-14T07:01:00","date_gmt":"2024-06-14T12:01:00","guid":{"rendered":"https:\/\/esreviral.com\/?p=55505"},"modified":"2024-06-14T07:01:01","modified_gmt":"2024-06-14T12:01:01","slug":"menos-migrantes-pueden-pedir-asilo-en-la-frontera-de-ee-uu-tras-nuevas-restricciones","status":"publish","type":"post","link":"https:\/\/esreviral.com\/?p=55505","title":{"rendered":"Menos migrantes pueden pedir asilo en la frontera de EE UU tras nuevas restricciones"},"content":{"rendered":"\n<p>Tras la entrada en vigor de una serie de restricciones en la frontera sur de Estados Unidos, se ha reducido la cantidad de\u00a0migrantes que pueden pedir asilo\u00a0o alg\u00fan tipo de protecci\u00f3n en el pa\u00eds, informaron este mi\u00e9rcoles varios funcionarios.<\/p>\n\n\n\n<p>Las medidas, que fueron activadas la semana pasada a trav\u00e9s de una orden ejecutiva del presidente, el dem\u00f3crata Joe Biden, proh\u00edben que la mayor\u00eda de personas que crucen de manera irregular a territorio estadounidense puedan acceder a esta protecci\u00f3n.<\/p>\n\n\n\n<p>Seg\u00fan indicaron los funcionarios a un grupo reducido de medios, entre ellos EFE, el n\u00famero de migrantes que han sido referidos para ser deportados de manera \u00abexpedita\u00bb a sus pa\u00edses o expulsados a M\u00e9xico tras ser detenidos en la frontera se ha duplicado en la \u00faltima semana.<\/p>\n\n\n\n<p>En concreto, del 5 al 12 de junio, \u00ab73% de las unidades familiares y de los adultos detenidos fueron procesados para retorno voluntario o deportaci\u00f3n expedita\u00bb.<\/p>\n\n\n\n<p>En comparaci\u00f3n, la semana anterior a que las restricciones entraran en efecto, esta cifra fue de 36%.<\/p>\n\n\n\n<p>Un funcionario del Departamento de Seguridad Nacional (DHS, en ingl\u00e9s) indic\u00f3 que \u00abel n\u00famero de arrestos en el sector de El Paso (Texas) han disminuido un poco\u00bb y que han visto \u00abse\u00f1ales tempranas que de que el n\u00famero de detenciones en toda la frontera est\u00e1 bajando\u00bb.<\/p>\n\n\n\n<p>A su vez, asegur\u00f3 que desde que entraron en pie las restricciones \u00abse ha duplicado el n\u00famero de adultos y de unidades familiares que son procesada y detenidas para deportaci\u00f3n expedita\u00bb.<\/p>\n\n\n\n<p>Al ser preguntados sobre el efecto de las restricciones en la cantidad de personas que son detenidas cada d\u00eda en la frontera, los funcionarios aseguraron que es \u00abmuy pronto\u00bb para evaluarlo.<\/p>\n\n\n\n<p>Sin embargo, un funcionario de la Oficina de Aduanas y Protecci\u00f3n Fronteriza (CBP) indic\u00f3 que \u00abel n\u00famero de arrestos en el sector de El Paso han disminuido un poco\u00bb y que ha visto \u00abse\u00f1ales tempranas que de que el n\u00famero de detenciones en toda la frontera est\u00e1 bajando\u00bb.<\/p>\n\n\n\n<p>En la zona de El Paso, donde las autoridades construyeron un gran centro de procesamiento con capacidad para 2.500 migrantes, la \u00abmayor\u00eda\u00bb de las personas que han sido detenidas no han podido solicitar asilo, seg\u00fan explic\u00f3 un oficial de la Patrulla Fronteriza.<\/p>\n\n\n\n<p>El motivo, se\u00f1al\u00f3 el oficial, es que no est\u00e1n expresando que sienten miedo de ser devueltos a sus pa\u00edses.<\/p>\n\n\n\n<p>Como parte de las nuevas medidas, las personas que son detenidas cruzando de manera irregular tienen que expresar por su propia cuenta que temen volver a sus pa\u00edses de origen.<\/p>\n\n\n\n<p>Las nuevas restricciones eliminaron el requisito a la Patrulla Fronteriza de preguntar a los migrantes si ten\u00edan miedo de ser retornados. Ahora deben ser ellos quienes lo expresen para poder tener una entrevista de \u00abmiedo cre\u00edble\u00bb, el filtro inicial para poder acceder a alg\u00fan tipo de protecci\u00f3n en Estados Unidos.<\/p>\n\n\n\n<p>El funcionario explic\u00f3 que en diferentes partes del centro, hay afiches explic\u00e1ndoles a los migrantes este cambio.\u00a0EFE\u00a0s\u00f3lo pudo ver uno, en la zona donde se les toman los datos iniciales.<\/p>\n\n\n\n<p>Las instalaciones, ubicadas en el medio del desierto, est\u00e1 compuesto por varias carpas y contenedores y se extiende por m\u00e1s de 300.00 pies cuadrados.<\/p>\n\n\n\n<p>Este jueves, m\u00e1s de 1.321 migrantes estaban retenidos en este centro, seg\u00fan indic\u00f3 el funcionario.<\/p>\n\n\n\n<p>Tiene capacidad para 2.500 personas y el d\u00eda de hoy hab\u00eda 1.320. En estas instalaciones, trabajan a diario unas 700 personas, entre funcionarios de CBP y contratistas.<\/p>\n\n\n\n<p>En este centro, hay detenidas tanto familias, como adultos que viajan solos y menores no acompa\u00f1ados.<\/p>\n\n\n\n<p>Los migrantes son retenidos en decenas de celdas, con puertas transparentes. En cada una de ellas, duermen y pasan el d\u00eda de 15 a 20 personas.<\/p>\n\n\n\n<p>Cada celda cuanta con tres sanitarios y dos lavamanos. Tambi\u00e9n hay varias colchonetas que las personas usan para dormir sobre el piso. Se les da una cobija de aluminio para que se cubran.<\/p>\n\n\n\n<p>Varias organizaciones en defensa de los derechos humanos interpusieron el mi\u00e9rcoles una demanda en contra de las nuevas restricciones impuestas por Biden.<\/p>\n\n\n\n<p>Las organizaciones argumentaron que las regulaciones son \u00abrotundamente inconsistentes con el estatuto de asilo que promulg\u00f3 el Congreso, que permite a los inmigrantes presentar solicitudes de asilo \u2018ya sea que entren o no\u2019 por un puerto de entrada\u00bb.<\/p>\n\n\n\n<p class=\"has-text-align-center\"><strong><a href=\"https:\/\/chat.whatsapp.com\/KWkTmakY3I05kNdd2oZl6d\">\u00daNETE A NUESTRO GRUPO DE WHATSAPP PARA ESTAR INFORMADO<\/a><\/strong><\/p>\n\n\n\n<p class=\"has-text-align-right\"><strong>ElNacional.-<\/strong><\/p>\n","protected":false},"excerpt":{"rendered":"<p>Tras la entrada en vigor de una serie de restricciones en la frontera sur de Estados Unidos, se ha reducido la cantidad de\u00a0migrantes que pueden pedir asilo\u00a0o alg\u00fan tipo de protecci\u00f3n en el pa\u00eds, informaron este mi\u00e9rcoles varios funcionarios. Las medidas, que fueron activadas la semana pasada a trav\u00e9s de una orden ejecutiva del presidente, [&hellip;]<\/p>\n","protected":false},"author":3,"featured_media":55506,"comment_status":"open","ping_status":"open","sticky":false,"template":"","format":"standard","meta":{"jnews-multi-image_gallery":[],"jnews_single_post":{"subtitle":"","format":"standard","video":"","gallery":"","source_name":"","source_url":"","via_name":"","via_url":"","override_template":"0","override":[{"template":"4","single_blog_custom":"","parallax":"1","fullscreen":"1","layout":"right-sidebar","sidebar":"default-sidebar","second_sidebar":"default-sidebar","sticky_sidebar":"1","share_position":"top","share_float_style":"share-monocrhome","show_share_counter":"1","show_view_counter":"1","show_featured":"1","show_post_meta":"1","show_post_author":"1","show_post_author_image":"1","show_post_date":"1","post_date_format":"default","post_date_format_custom":"Y\/m\/d","show_post_category":"1","show_post_reading_time":"1","post_reading_time_wpm":"300","show_zoom_button":"1","zoom_button_out_step":"2","zoom_button_in_step":"3","show_post_tag":"1","show_prev_next_post":"1","show_popup_post":"1","number_popup_post":"1","show_author_box":"1","show_post_related":"1","show_inline_post_related":"0"}],"override_image_size":"0","image_override":[{"single_post_thumbnail_size":"crop-500","single_post_gallery_size":"crop-500"}],"trending_post":"0","trending_post_position":"meta","trending_post_label":"Trending","sponsored_post":"0","sponsored_post_label":"Sponsored by","sponsored_post_name":"","sponsored_post_url":"","sponsored_post_logo_enable":"0","sponsored_post_logo":"","sponsored_post_desc":"","disable_ad":"0"},"jnews_primary_category":{"id":"","hide":""},"jnews_social_meta":{"fb_title":"","fb_description":"","fb_image":"","twitter_title":"","twitter_description":"","twitter_image":""},"jnews_review":[],"enable_review":"0","type":"percentage","name":"","summary":"","brand":"","sku":"","good":[{"good_text":""}],"bad":[{"bad_text":""}],"score_override":"","override_value":"","rating":[{"rating_text":"","rating_number":"10"}],"price":[{"shop":"","price":"","link":"","icon":""}],"jnews_override_counter":{"override_view_counter":"0","view_counter_number":"0","override_share_counter":"0","share_counter_number":"0","override_like_counter":"0","like_counter_number":"0","override_dislike_counter":"0","dislike_counter_number":"0"},"jnews_post_split":{"enable_post_split":"0","post_split":[{"template":"1","tag":"h2","numbering":"asc","mode":"normal","first":"0","enable_toc":"0","toc_type":"normal"}]},"footnotes":""},"categories":[88],"tags":[7360,16016,16018,136,3003,315,15861,16017],"class_list":["post-55505","post","type-post","status-publish","format-standard","has-post-thumbnail","hentry","category-internacionales","tag-asilo","tag-ee-uu","tag-entrada-en-vigor","tag-estados-unidos","tag-frontera","tag-migrantes","tag-nuevas-restricciones","tag-pedir-asilo"],"amp_enabled":true,"_links":{"self":[{"href":"https:\/\/esreviral.com\/index.php?rest_route=\/wp\/v2\/posts\/55505"}],"collection":[{"href":"https:\/\/esreviral.com\/index.php?rest_route=\/wp\/v2\/posts"}],"about":[{"href":"https:\/\/esreviral.com\/index.php?rest_route=\/wp\/v2\/types\/post"}],"author":[{"embeddable":true,"href":"https:\/\/esreviral.com\/index.php?rest_route=\/wp\/v2\/users\/3"}],"replies":[{"embeddable":true,"href":"https:\/\/esreviral.com\/index.php?rest_route=%2Fwp%2Fv2%2Fcomments&post=55505"}],"version-history":[{"count":0,"href":"https:\/\/esreviral.com\/index.php?rest_route=\/wp\/v2\/posts\/55505\/revisions"}],"wp:featuredmedia":[{"embeddable":true,"href":"https:\/\/esreviral.com\/index.php?rest_route=\/wp\/v2\/media\/55506"}],"wp:attachment":[{"href":"https:\/\/esreviral.com\/index.php?rest_route=%2Fwp%2Fv2%2Fmedia&parent=55505"}],"wp:term":[{"taxonomy":"category","embeddable":true,"href":"https:\/\/esreviral.com\/index.php?rest_route=%2Fwp%2Fv2%2Fcategories&post=55505"},{"taxonomy":"post_tag","embeddable":true,"href":"https:\/\/esreviral.com\/index.php?rest_route=%2Fwp%2Fv2%2Ftags&post=55505"}],"curies":[{"name":"wp","href":"https:\/\/api.w.org\/{rel}","templated":true}]}}