{"id":55388,"date":"2024-06-12T14:38:04","date_gmt":"2024-06-12T19:38:04","guid":{"rendered":"https:\/\/esreviral.com\/?p=55388"},"modified":"2024-06-12T14:38:04","modified_gmt":"2024-06-12T19:38:04","slug":"fotos-la-policia-desalojo-a-los-manifestantes-que-protestan-contra-la-ley-bases","status":"publish","type":"post","link":"https:\/\/esreviral.com\/?p=55388","title":{"rendered":"+FOTOS: La polic\u00eda desaloj\u00f3 a los manifestantes que protestan contra la Ley Bases"},"content":{"rendered":"\n<p>La Polic\u00eda Federal\u00a0<strong>desaloj\u00f3 a los manifestantes\u00a0<\/strong>que se movilizaron al Congreso para protestar en contra de la aprobaci\u00f3n de la <strong>Ley Bases<\/strong>, que contin\u00faa siendo debatida en el Senado, pero volvieron y\u00a0<strong>comenzaron a tirar botellas, piedras y baldosas<\/strong>.<\/p>\n\n\n\n<p>Ante esto, los agentes intentan contener la manifestaci\u00f3n con un cami\u00f3n hidrante y bombas de estruendo. Pasadas las 16 comenzaron a\u00a0<strong>prender fuego<\/strong>\u00a0en la plaza y en la calle. Hay m\u00e1xima tensi\u00f3n en la zona.<\/p>\n\n\n\n<p><strong><em><a href=\"https:\/\/esreviral.com\/diputados-nacionales-y-trabajadores-de-prensa-entre-las-victimas-de-la-represion-en-el-congreso\/\" data-type=\"link\" data-id=\"https:\/\/esreviral.com\/diputados-nacionales-y-trabajadores-de-prensa-entre-las-victimas-de-la-represion-en-el-congreso\/\">Lea Tambi\u00e9n: Diputados nacionales y trabajadores de prensa, entre las v\u00edctimas de la represi\u00f3n en el Congreso<\/a><\/em><\/strong><\/p>\n\n\n\n<figure class=\"wp-block-image size-large\"><img decoding=\"async\" src=\"https:\/\/tn.com.ar\/resizer\/gQm6WPqbnRDGAs_7gStn71d2-rc=\/1440x0\/smart\/filters:format(webp)\/cloudfront-us-east-1.images.arcpublishing.com\/artear\/AOEW5G2XIFBDFOHUW7TLAIQMSY.JPG\" alt=\"\"\/><\/figure>\n\n\n\n<p>Pasadas las 13.45, efectivos de la Polic\u00eda Federal y de la Prefectura<strong>&nbsp;avanzaron sobre los militantes&nbsp;<\/strong>que estaban dispersos en distintas calles cercanas al Congreso y los llevaron hasta Bartolom\u00e9 Mitre para despejar Callao desde Congreso.<\/p>\n\n\n\n<p>El avance se dio en pocos minutos, donde<strong>\u00a0se produjeron diferentes enfrentamientos\u00a0<\/strong>con manifestantes que revolearon botellas y otros proyectiles para amedrentar a los efectivos policiales.<\/p>\n\n\n\n<figure class=\"wp-block-image size-large\"><img decoding=\"async\" src=\"https:\/\/tn.com.ar\/resizer\/fNtPdv6DvGWWFaQgD6cdZFQiauY=\/1440x0\/smart\/filters:format(webp)\/cloudfront-us-east-1.images.arcpublishing.com\/artear\/D3MMV5FLBFB33C2HFFTFPCBNMQ.jpg\" alt=\"\"\/><\/figure>\n\n\n\n<p>Algunas&nbsp;<strong>personas resultaron heridas por el gas pimienta&nbsp;<\/strong>que utilizaron los efectivos policiales cuando avanzaban para despejar la calle y tuvieron que ser atendidas por distintos voluntarios de organizaciones de derechos humanos.<\/p>\n\n\n\n<p><strong>Minutos antes de las 14 qued\u00f3 completamente despejada la calle Callao<\/strong>&nbsp;y los manifestantes quedaron recluidos sobre la calle Bartolom\u00e9 Mitre. Un amplio cord\u00f3n policial qued\u00f3 vallando la intersecci\u00f3n entre ambas calles.<\/p>\n\n\n\n<p>Sin embargo, unos minutos despu\u00e9s\u00a0<strong>fue detenido un hombre de buzo verde que intent\u00f3 atravesar el cord\u00f3n policial.<\/strong>\u00a0Al menos cinco polic\u00edas fueron necesarios para reducir al hombre, al que agarraron del cuello y finalmente lo esposaron contra el piso.<\/p>\n\n\n\n<p>Mientras se daba la detenci\u00f3n del hombre, el resto de los efectivos que estaba<strong>&nbsp;en el mismo cord\u00f3n comenz\u00f3 a tirar gas pimienta<\/strong>&nbsp;contra el resto de las personas que estaban en el lugar.<\/p>\n\n\n\n<p>La dirigente pol\u00edtica\u00a0<strong>Manuela Casta\u00f1eira<\/strong>\u00a0estaba justo en ese lugar en el instante de la detenci\u00f3n y se\u00f1al\u00f3: \u201cLlevarse detenida a una persona mientras se est\u00e1 discutiendo una ley tan importante en el Congreso es una locura.\u00a0<strong>Parece un estado de sitio\u201d.<\/strong><\/p>\n\n\n\n<p>\u201cAc\u00e1 hay organizaciones sindicales, estudiantiles, jubilados, jubiladas, estudiantes, feministas. Nos encontramos con esta provocaci\u00f3n que son cordones tras cordones y gas pimienta por todos lados. Me vienen empujando hace cinco cuadras, est\u00e1bamos parados manifest\u00e1ndonos. Fue un cord\u00f3n atr\u00e1s de otro que nos empez\u00f3 a cerrar y tirar gases\u201d, explic\u00f3.<\/p>\n\n\n\n<p>El objetivo del operativo policial es\u00a0<strong>liberar la primera cuadra que rodea al Congreso<\/strong>\u00a0en todos los sentidos para que pueda funcionar con normalidad. Unas horas antes se despleg\u00f3 el mismo operativo sobre la calle Alsina.<\/p>\n\n\n\n<p><\/p>\n\n\n\n<p class=\"has-text-align-right\"><strong><em>TN.-<\/em><\/strong><\/p>\n","protected":false},"excerpt":{"rendered":"<p>Las fuerzas de seguridad pusieron en marcha el protocolo antipiquetes. Militantes marchan en contra del proyecto de Ley Bases.<\/p>\n","protected":false},"author":3,"featured_media":55389,"comment_status":"open","ping_status":"open","sticky":false,"template":"","format":"standard","meta":{"jnews-multi-image_gallery":[],"jnews_single_post":{"subtitle":"","format":"standard","video":"","gallery":"","source_name":"","source_url":"","via_name":"","via_url":"","override_template":"0","override":[{"template":"4","single_blog_custom":"","parallax":"1","fullscreen":"1","layout":"right-sidebar","sidebar":"default-sidebar","second_sidebar":"default-sidebar","sticky_sidebar":"1","share_position":"top","share_float_style":"share-monocrhome","show_share_counter":"1","show_view_counter":"1","show_featured":"1","show_post_meta":"1","show_post_author":"1","show_post_author_image":"1","show_post_date":"1","post_date_format":"default","post_date_format_custom":"Y\/m\/d","show_post_category":"1","show_post_reading_time":"1","post_reading_time_wpm":"300","show_zoom_button":"1","zoom_button_out_step":"2","zoom_button_in_step":"3","show_post_tag":"1","show_prev_next_post":"1","show_popup_post":"1","number_popup_post":"1","show_author_box":"1","show_post_related":"1","show_inline_post_related":"0"}],"override_image_size":"0","image_override":[{"single_post_thumbnail_size":"crop-500","single_post_gallery_size":"crop-500"}],"trending_post":"0","trending_post_position":"meta","trending_post_label":"Trending","sponsored_post":"0","sponsored_post_label":"Sponsored by","sponsored_post_name":"","sponsored_post_url":"","sponsored_post_logo_enable":"0","sponsored_post_logo":"","sponsored_post_desc":"","disable_ad":"0"},"jnews_primary_category":{"id":"","hide":""},"jnews_social_meta":{"fb_title":"","fb_description":"","fb_image":"","twitter_title":"","twitter_description":"","twitter_image":""},"jnews_review":[],"enable_review":"0","type":"percentage","name":"","summary":"","brand":"","sku":"","good":[{"good_text":""}],"bad":[{"bad_text":""}],"score_override":"","override_value":"","rating":[{"rating_text":"","rating_number":"10"}],"price":[{"shop":"","price":"","link":"","icon":""}],"jnews_override_counter":{"override_view_counter":"0","view_counter_number":"0","override_share_counter":"0","share_counter_number":"0","override_like_counter":"0","like_counter_number":"0","override_dislike_counter":"0","dislike_counter_number":"0"},"jnews_post_split":{"enable_post_split":"0","post_split":[{"template":"1","tag":"h2","numbering":"asc","mode":"normal","first":"0","enable_toc":"0","toc_type":"normal"}]},"footnotes":""},"categories":[58,59],"tags":[44,1301,167,14969,45,3115,15978],"class_list":["post-55388","post","type-post","status-publish","format-standard","has-post-thumbnail","hentry","category-argentina","category-politica","tag-argentina","tag-bombas-molotov","tag-congreso","tag-ley-bases","tag-noticias","tag-policia-2","tag-protocolo-antipiquete"],"amp_enabled":true,"_links":{"self":[{"href":"https:\/\/esreviral.com\/index.php?rest_route=\/wp\/v2\/posts\/55388"}],"collection":[{"href":"https:\/\/esreviral.com\/index.php?rest_route=\/wp\/v2\/posts"}],"about":[{"href":"https:\/\/esreviral.com\/index.php?rest_route=\/wp\/v2\/types\/post"}],"author":[{"embeddable":true,"href":"https:\/\/esreviral.com\/index.php?rest_route=\/wp\/v2\/users\/3"}],"replies":[{"embeddable":true,"href":"https:\/\/esreviral.com\/index.php?rest_route=%2Fwp%2Fv2%2Fcomments&post=55388"}],"version-history":[{"count":0,"href":"https:\/\/esreviral.com\/index.php?rest_route=\/wp\/v2\/posts\/55388\/revisions"}],"wp:featuredmedia":[{"embeddable":true,"href":"https:\/\/esreviral.com\/index.php?rest_route=\/wp\/v2\/media\/55389"}],"wp:attachment":[{"href":"https:\/\/esreviral.com\/index.php?rest_route=%2Fwp%2Fv2%2Fmedia&parent=55388"}],"wp:term":[{"taxonomy":"category","embeddable":true,"href":"https:\/\/esreviral.com\/index.php?rest_route=%2Fwp%2Fv2%2Fcategories&post=55388"},{"taxonomy":"post_tag","embeddable":true,"href":"https:\/\/esreviral.com\/index.php?rest_route=%2Fwp%2Fv2%2Ftags&post=55388"}],"curies":[{"name":"wp","href":"https:\/\/api.w.org\/{rel}","templated":true}]}}