{"id":5532,"date":"2021-04-08T19:31:06","date_gmt":"2021-04-08T22:31:06","guid":{"rendered":"http:\/\/esreviral.com\/?p=5532"},"modified":"2021-04-08T19:31:06","modified_gmt":"2021-04-08T22:31:06","slug":"negaron-recurso-de-queja-y-careo-a-garzon-martinez-acusado-de-violacion","status":"publish","type":"post","link":"https:\/\/esreviral.com\/?p=5532","title":{"rendered":"Negaron recurso de queja y careo a Garz\u00f3n Mart\u00ednez, acusado de violaci\u00f3n"},"content":{"rendered":"\n<p><strong><em>CIS.- <\/em><\/strong>La justicia argentina deneg\u00f3 la petici\u00f3n de queja, as\u00ed como la reconstrucci\u00f3n de los hechos y el careo que solicit\u00f3 la defensa de Irineo Garz\u00f3n Mart\u00ednez, acusado de violar a una joven venezolana de tan s\u00f3lo 18 a\u00f1os de edad. <\/p>\n\n\n\n<p>El doctor Pablo Baqu\u00e9, abogado acusador confirm\u00f3 la informaci\u00f3n, con lo cual se cierran las investigaciones del caso y ahora se espera que se decida el pase a juicio y la fecha del inicio, en el cual pudieran condenar a Garz\u00f3n Mart\u00ednez debido a las pruebas suficientes que se tienen y que la detenci\u00f3n fue casi en flagrancia. <\/p>\n\n\n\n<p>Mientras tanto, el hombre permanece privado de su libertad en una c\u00e1rcel com\u00fan, mientras que la joven Milagros espera que se haga justicia. <\/p>\n","protected":false},"excerpt":{"rendered":"<p>El hombre permanece preso y se espera que pronto la causa pase a juicio donde podr\u00eda ser condenado<\/p>\n","protected":false},"author":2,"featured_media":5534,"comment_status":"open","ping_status":"open","sticky":false,"template":"","format":"standard","meta":{"jnews-multi-image_gallery":[],"jnews_single_post":[],"jnews_primary_category":[],"jnews_social_meta":[],"jnews_review":[],"enable_review":"","type":"","name":"","summary":"","brand":"","sku":"","good":[],"bad":[],"score_override":"","override_value":"","rating":[],"price":[],"jnews_override_counter":[],"jnews_post_split":[],"footnotes":""},"categories":[43,64],"tags":[526,528,518],"class_list":["post-5532","post","type-post","status-publish","format-standard","has-post-thumbnail","hentry","category-actualidad","category-sucesos","tag-garzon","tag-garzon-violador","tag-violacion-sexual"],"amp_enabled":true,"_links":{"self":[{"href":"https:\/\/esreviral.com\/index.php?rest_route=\/wp\/v2\/posts\/5532"}],"collection":[{"href":"https:\/\/esreviral.com\/index.php?rest_route=\/wp\/v2\/posts"}],"about":[{"href":"https:\/\/esreviral.com\/index.php?rest_route=\/wp\/v2\/types\/post"}],"author":[{"embeddable":true,"href":"https:\/\/esreviral.com\/index.php?rest_route=\/wp\/v2\/users\/2"}],"replies":[{"embeddable":true,"href":"https:\/\/esreviral.com\/index.php?rest_route=%2Fwp%2Fv2%2Fcomments&post=5532"}],"version-history":[{"count":0,"href":"https:\/\/esreviral.com\/index.php?rest_route=\/wp\/v2\/posts\/5532\/revisions"}],"wp:featuredmedia":[{"embeddable":true,"href":"https:\/\/esreviral.com\/index.php?rest_route=\/"}],"wp:attachment":[{"href":"https:\/\/esreviral.com\/index.php?rest_route=%2Fwp%2Fv2%2Fmedia&parent=5532"}],"wp:term":[{"taxonomy":"category","embeddable":true,"href":"https:\/\/esreviral.com\/index.php?rest_route=%2Fwp%2Fv2%2Fcategories&post=5532"},{"taxonomy":"post_tag","embeddable":true,"href":"https:\/\/esreviral.com\/index.php?rest_route=%2Fwp%2Fv2%2Ftags&post=5532"}],"curies":[{"name":"wp","href":"https:\/\/api.w.org\/{rel}","templated":true}]}}