{"id":55312,"date":"2024-06-12T07:25:33","date_gmt":"2024-06-12T12:25:33","guid":{"rendered":"https:\/\/esreviral.com\/?p=55312"},"modified":"2024-06-12T07:25:33","modified_gmt":"2024-06-12T12:25:33","slug":"la-oms-confirma-un-caso-de-gripe-aviar-en-un-nino-en-la-india","status":"publish","type":"post","link":"https:\/\/esreviral.com\/?p=55312","title":{"rendered":"La OMS confirma un caso de gripe aviar en un ni\u00f1o en la India"},"content":{"rendered":"\n<p>La\u00a0Organizaci\u00f3n Mundial de la Salud\u00a0(OMS) confirm\u00f3 un caso de gripe aviar (H9N2) en un ni\u00f1o de cuatro a\u00f1os de edad en el este de la India, un anuncio que se produce una semana despu\u00e9s de que el organismo mundial informara de otro caso de la enfermedad en una ni\u00f1a australiana que hab\u00eda viajado a la India.<\/p>\n\n\n\n<p>La OMS indic\u00f3, en un comunicado con fecha del martes y difundido el mi\u00e9rcoles por los medios indios, que hab\u00eda sido notificada el pasado 22 de mayo \u00abde un caso de infecci\u00f3n humana por el\u00a0virus de la influenza aviar A (H9N2)\u00a0detectado en un ni\u00f1o residente del estado de Bengala Occidental\u00bb.<\/p>\n\n\n\n<p>El ni\u00f1o, que ya se recuper\u00f3 y recibi\u00f3 el alta del hospital,<strong>&nbsp;comenz\u00f3 a sentir malestar a finales de enero, y fue ingresado en febrero en la unidad de cuidados intensivos<\/strong>&nbsp;(UCI) pedi\u00e1trica de un hospital local \u00abdebido a la persistencia de dificultad respiratoria grave, fiebre alta recurrente y calambres abdominales\u00bb.<\/p>\n\n\n\n<p>Aunque inicialmente fue diagnosticado con una bronquiolitis y recibi\u00f3 el alta, ingres\u00f3 de nuevo en la UCI de otro hospital el 3 de marzo y dio positivo en influenza A (H9N2). No fue hasta el 1 de mayo que el paciente fue dado de alta.<\/p>\n\n\n\n<p>Seg\u00fan la OMS,&nbsp;<strong>el ni\u00f1o estuvo expuesto a aves de corral en su domicilio y alrededores<\/strong>. Sin embargo, no se han reportado s\u00edntomas similares de la enfermedad entre su familia o personas de su entorno.<\/p>\n\n\n\n<p>Se trata de la segunda infecci\u00f3n humana por gripe aviar en el pa\u00eds asi\u00e1tico, que registr\u00f3 su primer caso de esta enfermedad en humanos en 2019.<\/p>\n\n\n\n<p>La OMS confirm\u00f3 la semana pasada el primer caso humano de la gripe aviar en Australia en una ni\u00f1a de dos a\u00f1os que hab\u00eda viajado en febrero a Bengala Occidental.<\/p>\n\n\n\n<p>Ella, sin embargo, fue diagnosticada con el subtipo H5N1 del virus.<\/p>\n\n\n\n<p>A la vuelta del viaje, la ni\u00f1a fue ingresada en el hospital con s\u00edntomas de la gripe y posteriormente pas\u00f3 a la UCI, pero se recuper\u00f3 tras dos semanas y medias.<\/p>\n\n\n\n<p>Seg\u00fan la OMS, el virus de la gripe de origen animal se transmite normalmente entre animales, aunque tambi\u00e9n es posible que los humanos se contagien.<\/p>\n\n\n\n<p>La gripe aviar en los humanos puede provocar enfermedades que van desde una infecci\u00f3n leve en las v\u00edas superiores respiratorias hasta enfermedades m\u00e1s graves que pueden ser mortales.<\/p>\n\n\n\n<p>Tambi\u00e9n se han detectado casos de conjuntivitis, s\u00edntomas gastrointestinales, encefalitis y encefalopat\u00eda en personas contagiadas.<\/p>\n\n\n\n<p>Entre 2003 y noviembre de 2023 se han detectado 880 casos humanos de la gripe aviar (H5N1) en 23 pa\u00edses, con un total de 460 muertes, seg\u00fan datos de la agencia de la ONU.<\/p>\n\n\n\n<p><strong><a href=\"https:\/\/chat.whatsapp.com\/KWkTmakY3I05kNdd2oZl6d\">\u00daNETE A NUESTRO GRUPO DE WHATSAPP PARA ESTAR INFORMADO<\/a><\/strong><\/p>\n\n\n\n<p class=\"has-text-align-right\"><strong><em>ElNacional.-<\/em><\/strong><\/p>\n","protected":false},"excerpt":{"rendered":"<p>El ni\u00f1o, que ya se recuper\u00f3 y recibi\u00f3 el alta del hospital, comenz\u00f3 a sentir malestar a finales de enero, y fue ingresado en febrero en la unidad de cuidados intensivos (UCI) pedi\u00e1trica de un hospital local \u00abdebido a la persistencia de dificultad respiratoria grave, fiebre alta recurrente y calambres abdominales\u00bb<\/p>\n","protected":false},"author":3,"featured_media":55313,"comment_status":"open","ping_status":"open","sticky":false,"template":"","format":"standard","meta":{"jnews-multi-image_gallery":[],"jnews_single_post":{"subtitle":"","format":"standard","video":"","gallery":"","source_name":"","source_url":"","via_name":"","via_url":"","override_template":"0","override":[{"template":"4","single_blog_custom":"","parallax":"1","fullscreen":"1","layout":"right-sidebar","sidebar":"default-sidebar","second_sidebar":"default-sidebar","sticky_sidebar":"1","share_position":"top","share_float_style":"share-monocrhome","show_share_counter":"1","show_view_counter":"1","show_featured":"1","show_post_meta":"1","show_post_author":"1","show_post_author_image":"1","show_post_date":"1","post_date_format":"default","post_date_format_custom":"Y\/m\/d","show_post_category":"1","show_post_reading_time":"1","post_reading_time_wpm":"300","show_zoom_button":"1","zoom_button_out_step":"2","zoom_button_in_step":"3","show_post_tag":"1","show_prev_next_post":"1","show_popup_post":"1","number_popup_post":"1","show_author_box":"1","show_post_related":"1","show_inline_post_related":"0"}],"override_image_size":"0","image_override":[{"single_post_thumbnail_size":"crop-500","single_post_gallery_size":"crop-500"}],"trending_post":"0","trending_post_position":"meta","trending_post_label":"Trending","sponsored_post":"0","sponsored_post_label":"Sponsored by","sponsored_post_name":"","sponsored_post_url":"","sponsored_post_logo_enable":"0","sponsored_post_logo":"","sponsored_post_desc":"","disable_ad":"0"},"jnews_primary_category":{"id":"","hide":""},"jnews_social_meta":{"fb_title":"","fb_description":"","fb_image":"","twitter_title":"","twitter_description":"","twitter_image":""},"jnews_review":[],"enable_review":"0","type":"percentage","name":"","summary":"","brand":"","sku":"","good":[{"good_text":""}],"bad":[{"bad_text":""}],"score_override":"","override_value":"","rating":[{"rating_text":"","rating_number":"10"}],"price":[{"shop":"","price":"","link":"","icon":""}],"jnews_override_counter":{"override_view_counter":"0","view_counter_number":"0","override_share_counter":"0","share_counter_number":"0","override_like_counter":"0","like_counter_number":"0","override_dislike_counter":"0","dislike_counter_number":"0"},"jnews_post_split":{"enable_post_split":"0","post_split":[{"template":"1","tag":"h2","numbering":"asc","mode":"normal","first":"0","enable_toc":"0","toc_type":"normal"}]},"footnotes":""},"categories":[88],"tags":[868,553,45,1162,2230],"class_list":["post-55312","post","type-post","status-publish","format-standard","has-post-thumbnail","hentry","category-internacionales","tag-gripe-aviar","tag-india","tag-noticias","tag-oms","tag-organizacion-mundial-de-la-salud"],"amp_enabled":true,"_links":{"self":[{"href":"https:\/\/esreviral.com\/index.php?rest_route=\/wp\/v2\/posts\/55312"}],"collection":[{"href":"https:\/\/esreviral.com\/index.php?rest_route=\/wp\/v2\/posts"}],"about":[{"href":"https:\/\/esreviral.com\/index.php?rest_route=\/wp\/v2\/types\/post"}],"author":[{"embeddable":true,"href":"https:\/\/esreviral.com\/index.php?rest_route=\/wp\/v2\/users\/3"}],"replies":[{"embeddable":true,"href":"https:\/\/esreviral.com\/index.php?rest_route=%2Fwp%2Fv2%2Fcomments&post=55312"}],"version-history":[{"count":0,"href":"https:\/\/esreviral.com\/index.php?rest_route=\/wp\/v2\/posts\/55312\/revisions"}],"wp:featuredmedia":[{"embeddable":true,"href":"https:\/\/esreviral.com\/index.php?rest_route=\/wp\/v2\/media\/55313"}],"wp:attachment":[{"href":"https:\/\/esreviral.com\/index.php?rest_route=%2Fwp%2Fv2%2Fmedia&parent=55312"}],"wp:term":[{"taxonomy":"category","embeddable":true,"href":"https:\/\/esreviral.com\/index.php?rest_route=%2Fwp%2Fv2%2Fcategories&post=55312"},{"taxonomy":"post_tag","embeddable":true,"href":"https:\/\/esreviral.com\/index.php?rest_route=%2Fwp%2Fv2%2Ftags&post=55312"}],"curies":[{"name":"wp","href":"https:\/\/api.w.org\/{rel}","templated":true}]}}