{"id":55290,"date":"2024-06-11T11:36:49","date_gmt":"2024-06-11T16:36:49","guid":{"rendered":"https:\/\/esreviral.com\/?p=55290"},"modified":"2024-06-11T11:36:50","modified_gmt":"2024-06-11T16:36:50","slug":"evacuaron-el-palacio-de-versalles-por-un-incendio-en-el-techo","status":"publish","type":"post","link":"https:\/\/esreviral.com\/?p=55290","title":{"rendered":"Evacuaron el palacio de Versalles por un incendio en el techo"},"content":{"rendered":"\n<p>El hist\u00f3rico&nbsp;<strong>Palacio de Versalles<\/strong>&nbsp;fue evacuado brevemente durante la tarde de este martes debido a un&nbsp;<strong>peque\u00f1o incendio<\/strong>&nbsp;que fue controlado de forma r\u00e1pida y sin que hubiera v\u00edctimas ni da\u00f1os materiales.<\/p>\n\n\n\n<p>La alerta surgi\u00f3 al\u00a0<strong>detectarse humo<\/strong>\u00a0en el interior del palacio, aparentemente debido a\u00a0<strong>unas obras que se est\u00e1n realizando en el techo<\/strong>, anunciaron las autoridades.<\/p>\n\n\n\n<p>\u201cEl incidente fue controlado r\u00e1pidamente y el p\u00fablico fue evacuado por seguridad. El Palacio y los jardines ya est\u00e1n abiertos\u201d, indica la cuenta oficial del Palacio de Versalles.<\/p>\n\n\n\n<figure class=\"wp-block-image size-large\"><img decoding=\"async\" src=\"https:\/\/tn.com.ar\/resizer\/yDLvu7BqUzPNlUkpEvrdZFgxTxM=\/1440x0\/smart\/filters:format(webp)\/cloudfront-us-east-1.images.arcpublishing.com\/artear\/ICADP2BNONDX7C5OSQS22T6VJ4.jpg\" alt=\"\"\/><\/figure>\n\n\n\n<p>El incendio se hab\u00eda iniciado en una obra cerca del tejado del edificio principal. Los bomberos, que llegaron r\u00e1pidamente al lugar, lograron apagar el fuego<strong>&nbsp;\u201ccon un par de baldes de agua\u201d<\/strong>, seg\u00fan indicaron en un comunicado.<\/p>\n\n\n\n<p>El sitio&nbsp;<em>France Info<\/em>&nbsp;indic\u00f3 que se movilizaron unos&nbsp;<strong>97 bomberos<\/strong>&nbsp;y los equipos permanecieron en el lugar para evitar posibles nuevos incendios en el \u00e1tico.<\/p>\n\n\n\n<p>El palacio, cuyo edificio primitivo cumpli\u00f3 su 400 aniversario el a\u00f1o pasado, es el tercer lugar m\u00e1s visitado de Francia, detr\u00e1s de Disneyland Par\u00eds y el Museo del Louvre, con 8,1 millones de visitas en 2023.<\/p>\n\n\n\n<figure class=\"wp-block-image size-large\"><img decoding=\"async\" src=\"https:\/\/tn.com.ar\/resizer\/ZLqBe50DKiPdPiZj5y4TduHBe-g=\/1440x0\/smart\/filters:format(webp)\/cloudfront-us-east-1.images.arcpublishing.com\/artear\/AUN5PQWKE5FL5MEKDRTFZPEPWI.jpg\" alt=\"\"\/><\/figure>\n\n\n\n<p><strong><mark style=\"background-color:rgba(0, 0, 0, 0)\" class=\"has-inline-color has-vivid-red-color\">Versalles, un palacio de 400 a\u00f1os<\/mark><\/strong><\/p>\n\n\n\n<p>El palacio festej\u00f3 el a\u00f1o pasado su&nbsp;<strong>400\u00ba aniversario&nbsp;<\/strong>con nuevas propuestas, como la restauraci\u00f3n y reapertura de los apartamentos privados de&nbsp;<strong>Mar\u00eda Antonieta<\/strong>.<\/p>\n\n\n\n<p>La construcci\u00f3n del palacio, en un terreno de 800 hect\u00e1reas, remonta a septiembre de 1623, cuando el rey Luis XIII orden\u00f3 ampliar un\u00a0<strong>peque\u00f1o pabell\u00f3n de caza<\/strong>. El palacio es famoso por sus jardines y su imponente Galer\u00eda de los Espejos, una suntuosa galer\u00eda construida con el objetivo de deslumbrar a los visitantes de Luis XIV.<\/p>\n\n\n\n<figure class=\"wp-block-image size-large\"><img decoding=\"async\" src=\"https:\/\/tn.com.ar\/resizer\/cXlK0hAB56e5c0WOyk9yaemJKy4=\/1440x0\/smart\/filters:format(webp)\/cloudfront-us-east-1.images.arcpublishing.com\/artear\/UE5RRXRXLJBJ7LI6Z3WEDKPXQY.jpg\" alt=\"\"\/><\/figure>\n\n\n\n<p>\u201cEste aniversario quiere ante todo expresar la continuidad de la historia de Versalles durante estos 400 a\u00f1os y demostrar no solamente que no se interrumpi\u00f3, sino que continuamos abriendo salas, restaurando, reviviendo\u201d el enorme complejo, explic\u00f3 a la agencia&nbsp;<em>AFP&nbsp;<\/em><strong>Catherine P\u00e9gard<\/strong>, presidenta del organismo p\u00fablico que rige el palacio y el dominio de Versalles desde 2011. \u201c<strong>Es como un delgado cord\u00f3n que nunca se rompi\u00f3 en la historia de Francia<\/strong>\u201d, a\u00f1adi\u00f3.<\/p>\n\n\n\n<p>El monumento ser\u00e1 la<strong>\u00a0sede de las pruebas ol\u00edmpicas<\/strong>\u00a0<strong>de equitaci\u00f3n<\/strong>\u00a0del 27 de julio al 6 de agosto, de las pruebas de doma de los Juegos Paral\u00edmpicos del 3 al 7 de septiembre y de las cinco pruebas del pentatl\u00f3n moderno.<\/p>\n\n\n\n<p class=\"has-text-align-center\"><strong><a href=\"https:\/\/chat.whatsapp.com\/KWkTmakY3I05kNdd2oZl6d\">\u00daNETE A NUESTRO GRUPO DE WHATSAPP PARA ESTAR INFORMADO<\/a><\/strong><\/p>\n\n\n\n<p class=\"has-text-align-right\"><strong><em>TN.-<\/em><\/strong><\/p>\n","protected":false},"excerpt":{"rendered":"<p>El principio de incendio ocurri\u00f3 durante unas obras. Se pudo ver una humareda que provoc\u00f3 preocupaci\u00f3n entre los visitantes y las autoridades.<\/p>\n","protected":false},"author":3,"featured_media":55291,"comment_status":"open","ping_status":"open","sticky":false,"template":"","format":"standard","meta":{"jnews-multi-image_gallery":[],"jnews_single_post":{"subtitle":"","format":"standard","video":"","gallery":"","source_name":"","source_url":"","via_name":"","via_url":"","override_template":"0","override":[{"template":"4","single_blog_custom":"","parallax":"1","fullscreen":"1","layout":"right-sidebar","sidebar":"default-sidebar","second_sidebar":"default-sidebar","sticky_sidebar":"1","share_position":"top","share_float_style":"share-monocrhome","show_share_counter":"1","show_view_counter":"1","show_featured":"1","show_post_meta":"1","show_post_author":"1","show_post_author_image":"1","show_post_date":"1","post_date_format":"default","post_date_format_custom":"Y\/m\/d","show_post_category":"1","show_post_reading_time":"1","post_reading_time_wpm":"300","show_zoom_button":"1","zoom_button_out_step":"2","zoom_button_in_step":"3","show_post_tag":"1","show_prev_next_post":"1","show_popup_post":"1","number_popup_post":"1","show_author_box":"1","show_post_related":"1","show_inline_post_related":"0"}],"override_image_size":"0","image_override":[{"single_post_thumbnail_size":"crop-500","single_post_gallery_size":"crop-500"}],"trending_post":"0","trending_post_position":"meta","trending_post_label":"Trending","sponsored_post":"0","sponsored_post_label":"Sponsored by","sponsored_post_name":"","sponsored_post_url":"","sponsored_post_logo_enable":"0","sponsored_post_logo":"","sponsored_post_desc":"","disable_ad":"0"},"jnews_primary_category":{"id":"","hide":""},"jnews_social_meta":{"fb_title":"","fb_description":"","fb_image":"","twitter_title":"","twitter_description":"","twitter_image":""},"jnews_review":[],"enable_review":"0","type":"percentage","name":"","summary":"","brand":"","sku":"","good":[{"good_text":""}],"bad":[{"bad_text":""}],"score_override":"","override_value":"","rating":[{"rating_text":"","rating_number":"10"}],"price":[{"shop":"","price":"","link":"","icon":""}],"jnews_override_counter":{"override_view_counter":"0","view_counter_number":"0","override_share_counter":"0","share_counter_number":"0","override_like_counter":"0","like_counter_number":"0","override_dislike_counter":"0","dislike_counter_number":"0"},"jnews_post_split":{"enable_post_split":"0","post_split":[{"template":"1","tag":"h2","numbering":"asc","mode":"normal","first":"0","enable_toc":"0","toc_type":"normal"}]},"footnotes":""},"categories":[88],"tags":[179,87,933,45,15932,15424],"class_list":["post-55290","post","type-post","status-publish","format-standard","has-post-thumbnail","hentry","category-internacionales","tag-bomberos","tag-francia","tag-incendio","tag-noticias","tag-palacio-de-versalles","tag-versalles"],"_links":{"self":[{"href":"https:\/\/esreviral.com\/index.php?rest_route=\/wp\/v2\/posts\/55290","targetHints":{"allow":["GET"]}}],"collection":[{"href":"https:\/\/esreviral.com\/index.php?rest_route=\/wp\/v2\/posts"}],"about":[{"href":"https:\/\/esreviral.com\/index.php?rest_route=\/wp\/v2\/types\/post"}],"author":[{"embeddable":true,"href":"https:\/\/esreviral.com\/index.php?rest_route=\/wp\/v2\/users\/3"}],"replies":[{"embeddable":true,"href":"https:\/\/esreviral.com\/index.php?rest_route=%2Fwp%2Fv2%2Fcomments&post=55290"}],"version-history":[{"count":0,"href":"https:\/\/esreviral.com\/index.php?rest_route=\/wp\/v2\/posts\/55290\/revisions"}],"wp:featuredmedia":[{"embeddable":true,"href":"https:\/\/esreviral.com\/index.php?rest_route=\/wp\/v2\/media\/55291"}],"wp:attachment":[{"href":"https:\/\/esreviral.com\/index.php?rest_route=%2Fwp%2Fv2%2Fmedia&parent=55290"}],"wp:term":[{"taxonomy":"category","embeddable":true,"href":"https:\/\/esreviral.com\/index.php?rest_route=%2Fwp%2Fv2%2Fcategories&post=55290"},{"taxonomy":"post_tag","embeddable":true,"href":"https:\/\/esreviral.com\/index.php?rest_route=%2Fwp%2Fv2%2Ftags&post=55290"}],"curies":[{"name":"wp","href":"https:\/\/api.w.org\/{rel}","templated":true}]}}