{"id":5526,"date":"2021-04-08T17:21:24","date_gmt":"2021-04-08T20:21:24","guid":{"rendered":"http:\/\/esreviral.com\/?p=5526"},"modified":"2021-04-08T17:21:24","modified_gmt":"2021-04-08T20:21:24","slug":"por-tercer-dia-consecutivo-se-registro-un-record-de-nuevos-contagios-de-coronavirus-23-683-casos-en-las-ultimas-24-horas","status":"publish","type":"post","link":"https:\/\/esreviral.com\/?p=5526","title":{"rendered":"Por tercer d\u00eda consecutivo se registr\u00f3 un r\u00e9cord de nuevos contagios de coronavirus: 23.683 casos en las \u00faltimas 24 horas"},"content":{"rendered":"\n<p>Nuevamente Argentina marc\u00f3 un nuevo r\u00e9cord de casos de coronavirus, y es que, este jueves fueron 23.683 positivos lo que se registraron en el pa\u00eds, con lo cual la cifra total lleg\u00f3 a 2.473.751 y mantiene a la Naci\u00f3n como la cuarta del continente con m\u00e1s contagiados detr\u00e1s de Estados Unidos, Brasil y Colombia. <\/p>\n\n\n\n<p>Asimismo el Ministerio de Salud inform\u00f3 que hubo 290 muertes y es as\u00ed como se arrib\u00f3 a 57.122 v\u00edctimas fatales desde el inicio de la pandemia.  <\/p>\n\n\n\n<p>Seg\u00fan el presidente Alberto Fern\u00e1ndez, en los \u00faltimos siete d\u00edas los casos subieron 36 % en todo el pa\u00eds, raz\u00f3n por la cual hicieron <a href=\"http:\/\/esreviral.com\/2021\/04\/08\/ya-es-decreto-ve-aqui-todos-los-detalles-del-nuevo-dnu-que-regira-hasta-el-30-de-abril\/\">el nuevo decreto con diversas restricciones. <\/a><\/p>\n\n\n\n<p>Las medidas comenzar\u00e1n a regir a partir de ma\u00f1ana a las 00 horas y se extender\u00e1n hasta el viernes 30 de abril.\u00a0<a href=\"http:\/\/esreviral.com\/2021\/04\/08\/kicillof-anuncia-multas-para-quienes-no-cumplan-las-medidas-y-afirma-que-boicotearon\/\">Regir\u00e1n para el AMBA y las localidades con m\u00e1s contagios. <\/a><\/p>\n\n\n\n<p>Seg\u00fan el\u00a0Monitor P\u00fablico de Vacunaci\u00f3n ya son 4.771.214 las vacunas aplicadas: 4.064.154 personas recibieron la primera dosis y 707.060 ambas, a pesar de la promesa que para marzo ser\u00edan 10 millones los inoculados. <\/p>\n","protected":false},"excerpt":{"rendered":"<p>Adem\u00e1s, se reportaron 290 muertes. Con estas cifras, el total de infectados desde que comenz\u00f3 la pandemia asciende a 2.473.751 y las v\u00edctimas fatales son 57.122<\/p>\n","protected":false},"author":2,"featured_media":5527,"comment_status":"open","ping_status":"open","sticky":false,"template":"","format":"standard","meta":{"jnews-multi-image_gallery":[],"jnews_single_post":[],"jnews_primary_category":[],"jnews_social_meta":[],"jnews_review":[],"enable_review":"","type":"","name":"","summary":"","brand":"","sku":"","good":[],"bad":[],"score_override":"","override_value":"","rating":[],"price":[],"jnews_override_counter":[],"jnews_post_split":[],"footnotes":""},"categories":[43,76],"tags":[44,77],"class_list":["post-5526","post","type-post","status-publish","format-standard","has-post-thumbnail","hentry","category-actualidad","category-coronavirus","tag-argentina","tag-coronavirus"],"amp_enabled":true,"_links":{"self":[{"href":"https:\/\/esreviral.com\/index.php?rest_route=\/wp\/v2\/posts\/5526"}],"collection":[{"href":"https:\/\/esreviral.com\/index.php?rest_route=\/wp\/v2\/posts"}],"about":[{"href":"https:\/\/esreviral.com\/index.php?rest_route=\/wp\/v2\/types\/post"}],"author":[{"embeddable":true,"href":"https:\/\/esreviral.com\/index.php?rest_route=\/wp\/v2\/users\/2"}],"replies":[{"embeddable":true,"href":"https:\/\/esreviral.com\/index.php?rest_route=%2Fwp%2Fv2%2Fcomments&post=5526"}],"version-history":[{"count":0,"href":"https:\/\/esreviral.com\/index.php?rest_route=\/wp\/v2\/posts\/5526\/revisions"}],"wp:featuredmedia":[{"embeddable":true,"href":"https:\/\/esreviral.com\/index.php?rest_route=\/"}],"wp:attachment":[{"href":"https:\/\/esreviral.com\/index.php?rest_route=%2Fwp%2Fv2%2Fmedia&parent=5526"}],"wp:term":[{"taxonomy":"category","embeddable":true,"href":"https:\/\/esreviral.com\/index.php?rest_route=%2Fwp%2Fv2%2Fcategories&post=5526"},{"taxonomy":"post_tag","embeddable":true,"href":"https:\/\/esreviral.com\/index.php?rest_route=%2Fwp%2Fv2%2Ftags&post=5526"}],"curies":[{"name":"wp","href":"https:\/\/api.w.org\/{rel}","templated":true}]}}