{"id":55241,"date":"2024-06-10T17:11:29","date_gmt":"2024-06-10T22:11:29","guid":{"rendered":"https:\/\/esreviral.com\/?p=55241"},"modified":"2024-06-10T17:11:30","modified_gmt":"2024-06-10T22:11:30","slug":"venezolano-fue-amenazado-cuando-quiso-abandonar-la-habitacion-que-alquilo-video","status":"publish","type":"post","link":"https:\/\/esreviral.com\/?p=55241","title":{"rendered":"Venezolano fue amenazado cuando quiso abandonar la habitaci\u00f3n que alquil\u00f3 (+VIDEO)"},"content":{"rendered":"\n<p>Jos\u00e9 Efra\u00edn Garc\u00eda, tiene un mes aproximadamente en Argentina, alquil\u00f3 una habitaci\u00f3n en la calle Yapey\u00fa de Quilmes y el contrato venc\u00eda este lunes 10 de junio<\/p>\n\n\n\n<p><strong>El fin de semana avis\u00f3 a sus arrendatarios que no seguir\u00eda en el lugar por razones laborales y de seguridad.<\/strong><\/p>\n\n\n\n<p>Cuando quiso sacar sus pertenencias, <strong>lo privaron de libertad en la habitaci\u00f3n porque pretend\u00edan que pagara otro mes <\/strong>a\u00fan y cuando no usar\u00eda la habitaci\u00f3n.<\/p>\n\n\n\n<p>El venezolano de 31 a\u00f1os de edad, llam\u00f3 a un Uber para que le hiciera la mudanza y ante la injusticia, el conductor grab\u00f3 el momento en que ten\u00edan al muchacho encerrado (se le observan las manos en las rejas en la parte izquierda del video).<\/p>\n\n\n\n<p>El violento arrendatario sac\u00f3 un bate y hasta un cuchillo y amenaz\u00f3 de muerte a los criollos, quienes entre los dos unieron el dinero y le pagaron al sujeto para que lo dejara irse.<\/p>\n\n\n\n<p>Las victimas se comunicaron a la polic\u00eda pero no llegaron en ning\u00fan momento los funcionarios.<\/p>\n\n\n\n<blockquote class=\"twitter-tweet\" data-media-max-width=\"560\"><p lang=\"es\" dir=\"ltr\">Lo amenazaron en Quilmes cuando quiso abandonar la habitaci\u00f3n que alquil\u00f3 <a href=\"https:\/\/t.co\/YDmzYVdNPQ\">pic.twitter.com\/YDmzYVdNPQ<\/a><\/p>&mdash; ES RE VIRAL (@esreviral) <a href=\"https:\/\/twitter.com\/esreviral\/status\/1800289186911748321?ref_src=twsrc%5Etfw\">June 10, 2024<\/a><\/blockquote> <script async src=\"https:\/\/platform.twitter.com\/widgets.js\" charset=\"utf-8\"><\/script>\n","protected":false},"excerpt":{"rendered":"<p>Jos\u00e9 Efra\u00edn Garc\u00eda, tiene un mes aproximadamente en Argentina, alquil\u00f3 una habitaci\u00f3n en la calle Yapey\u00fa de Quilmes y el contrato venc\u00eda este lunes 10 de junio El fin de semana avis\u00f3 a sus arrendatarios que no seguir\u00eda en el lugar por razones laborales y de seguridad. Cuando quiso sacar sus pertenencias, lo privaron de [&hellip;]<\/p>\n","protected":false},"author":2,"featured_media":55242,"comment_status":"open","ping_status":"closed","sticky":false,"template":"","format":"standard","meta":{"jnews-multi-image_gallery":[],"jnews_single_post":{"subtitle":"","format":"standard","video":"","gallery":"","source_name":"","source_url":"","via_name":"","via_url":"","override_template":"0","override":[{"template":"4","single_blog_custom":"","parallax":"1","fullscreen":"1","layout":"right-sidebar","sidebar":"default-sidebar","second_sidebar":"default-sidebar","sticky_sidebar":"1","share_position":"top","share_float_style":"share-monocrhome","show_share_counter":"1","show_view_counter":"1","show_featured":"1","show_post_meta":"1","show_post_author":"1","show_post_author_image":"1","show_post_date":"1","post_date_format":"default","post_date_format_custom":"Y\/m\/d","show_post_category":"1","show_post_reading_time":"1","post_reading_time_wpm":"300","show_zoom_button":"1","zoom_button_out_step":"2","zoom_button_in_step":"3","show_post_tag":"1","show_prev_next_post":"1","show_popup_post":"1","number_popup_post":"1","show_author_box":"1","show_post_related":"1","show_inline_post_related":"0"}],"override_image_size":"0","image_override":[{"single_post_thumbnail_size":"crop-500","single_post_gallery_size":"crop-500"}],"trending_post":"0","trending_post_position":"meta","trending_post_label":"Trending","sponsored_post":"0","sponsored_post_label":"Sponsored by","sponsored_post_name":"","sponsored_post_url":"","sponsored_post_logo_enable":"0","sponsored_post_logo":"","sponsored_post_desc":"","disable_ad":"0"},"jnews_primary_category":{"id":"","hide":""},"jnews_social_meta":{"fb_title":"","fb_description":"","fb_image":"","twitter_title":"","twitter_description":"","twitter_image":""},"jnews_review":[],"enable_review":"0","type":"percentage","name":"","summary":"","brand":"","sku":"","good":[{"good_text":""}],"bad":[{"bad_text":""}],"score_override":"","override_value":"","rating":[{"rating_text":"","rating_number":"10"}],"price":[{"shop":"","price":"","link":"","icon":""}],"jnews_override_counter":{"override_view_counter":"0","view_counter_number":"0","override_share_counter":"0","share_counter_number":"0","override_like_counter":"0","like_counter_number":"0","override_dislike_counter":"0","dislike_counter_number":"0"},"jnews_post_split":{"enable_post_split":"0","post_split":[{"template":"1","tag":"h2","numbering":"asc","mode":"normal","first":"0","enable_toc":"0","toc_type":"normal"}]},"footnotes":""},"categories":[54,5892],"tags":[44,45,1296,67],"class_list":["post-55241","post","type-post","status-publish","format-standard","has-post-thumbnail","hentry","category-inmigracion","category-venezolanos-en-argentina","tag-argentina","tag-noticias","tag-quilmes","tag-venezolanos-en-argentina"],"amp_enabled":true,"_links":{"self":[{"href":"https:\/\/esreviral.com\/index.php?rest_route=\/wp\/v2\/posts\/55241"}],"collection":[{"href":"https:\/\/esreviral.com\/index.php?rest_route=\/wp\/v2\/posts"}],"about":[{"href":"https:\/\/esreviral.com\/index.php?rest_route=\/wp\/v2\/types\/post"}],"author":[{"embeddable":true,"href":"https:\/\/esreviral.com\/index.php?rest_route=\/wp\/v2\/users\/2"}],"replies":[{"embeddable":true,"href":"https:\/\/esreviral.com\/index.php?rest_route=%2Fwp%2Fv2%2Fcomments&post=55241"}],"version-history":[{"count":0,"href":"https:\/\/esreviral.com\/index.php?rest_route=\/wp\/v2\/posts\/55241\/revisions"}],"wp:featuredmedia":[{"embeddable":true,"href":"https:\/\/esreviral.com\/index.php?rest_route=\/wp\/v2\/media\/55242"}],"wp:attachment":[{"href":"https:\/\/esreviral.com\/index.php?rest_route=%2Fwp%2Fv2%2Fmedia&parent=55241"}],"wp:term":[{"taxonomy":"category","embeddable":true,"href":"https:\/\/esreviral.com\/index.php?rest_route=%2Fwp%2Fv2%2Fcategories&post=55241"},{"taxonomy":"post_tag","embeddable":true,"href":"https:\/\/esreviral.com\/index.php?rest_route=%2Fwp%2Fv2%2Ftags&post=55241"}],"curies":[{"name":"wp","href":"https:\/\/api.w.org\/{rel}","templated":true}]}}