{"id":55163,"date":"2024-06-08T10:56:03","date_gmt":"2024-06-08T15:56:03","guid":{"rendered":"https:\/\/esreviral.com\/?p=55163"},"modified":"2024-06-08T11:11:55","modified_gmt":"2024-06-08T16:11:55","slug":"inverti-mis-ahorros-en-el-ba-celebra-y-lo-suspendieron-a-menos-de-48-horas-del-evento-emprendedora-venezolana","status":"publish","type":"post","link":"https:\/\/esreviral.com\/?p=55163","title":{"rendered":"\u00abInvert\u00ed mis ahorros en el BA Celebra y lo suspendieron a menos de 48 horas del evento\u00bb: emprendedora venezolana"},"content":{"rendered":"\n<p><strong>Molestos. Indignados. Angustiados.<\/strong> As\u00ed se encuentran los emprendedores de las seis colectividades de migrantes que participar\u00edan este fin de semana en el BA Celebra, que se hace por primera vez bajo el Gobierno de Jorge Macri y los nuevos integrantes de la Direcci\u00f3n de Colectividades. <\/p>\n\n\n\n<p><strong>\u00abInvert\u00ed mis ahorros, 450 d\u00f3lares que ten\u00eda y no he logrado vender ni recuperar 100\u00bb<\/strong>, expres\u00f3 Yisel Hern\u00e1ndez, propietaria del emprendimiento de La Taguara, quien qued\u00f3 sorprendida cuando recibi\u00f3 un mensaje a las 17 horas del jueves, a menos de 48 del evento, donde se le informaba que hab\u00edan suspendido por segundo fin de semana consecutivo.<\/p>\n\n\n\n<p>\u00abNo sabes lo mal que me siento con tanto sacrificio y esfuerzo hice y mira lo que pas\u00f3\u00bb, expres\u00f3 Hern\u00e1ndez, en medio de la tristeza, por lo que este s\u00e1bado se ir\u00e1 a para el obelisco de Buenos Aires a partir de las 17 horas a vender sus bollos de chicharr\u00f3n para tratar de recuperar algo del dinero invertido. \u00abPens\u00e9 que <strong>por su irresponsabilidad el Gobierno de la Ciudad<\/strong> iba a pagarnos est\u00e1 p\u00e9rdida pero nada hasta ahora, ni las disculpas. Nada\u00bb.<\/p>\n\n\n\n<p>Recuerda que el \u00fanico dinero que le devolvieron fueron 60 mil pesos que hab\u00eda pagado por el staff. <\/p>\n\n\n\n<p><strong><a href=\"https:\/\/chat.whatsapp.com\/KWkTmakY3I05kNdd2oZl6d\">\u00daNETE A NUESTRO GRUPO DE WHATSAPP PARA ESTAR INFORMADO<\/a><\/strong><\/p>\n\n\n\n<p>La raz\u00f3n de la suspensi\u00f3n ser\u00eda <strong>el supuesto mal clima<\/strong> que habr\u00edan pronosticado los meteor\u00f3logos del Gobierno de la Ciudad. \u00abEl jueves desde la ma\u00f1ana estuvimos pregunt\u00e1ndole a la directora, la llam\u00e1bamos por privado, escrib\u00edamos por los grupos y no hab\u00eda confirmaci\u00f3n de nada hasta la tarde que dijeron que <strong>ten\u00edan que esperar el pronostico del clima de su equipo,<\/strong> <strong>a\u00fan y cuando en todas partes se dec\u00eda que habr\u00eda un fin de semana hasta con sol\u00bb<\/strong>, explic\u00f3 el integrante de una ONG que prefiri\u00f3 mantenerse en el anonimato por miedo a represiones en un futuro. <\/p>\n\n\n\n<p><strong>Los artistas que estaban pautados para este d\u00eda, de igual manera perdieron su inversi\u00f3n de tiempo en ensayos,<\/strong> as\u00ed como el dinero en las salas que deben alquilar para las pr\u00e1cticas y todo lo que eso implica, aunado que fue un d\u00eda comprometido y en el que no hab\u00edan hecho otros contratos para sus presentaciones, debido a que de esa manera le rendir\u00edan tributo a su patria y agradecerle a la Ciudad por el recibimiento, <strong>como ocurr\u00eda a\u00f1os atr\u00e1s, sin que hubiesen suspensiones.<\/strong><\/p>\n\n\n\n<figure class=\"wp-block-image size-large\"><img fetchpriority=\"high\" decoding=\"async\" width=\"1024\" height=\"550\" src=\"https:\/\/esreviral.com\/wp-content\/uploads\/2024\/06\/ba-suspendido-1024x550.webp\" alt=\"\" class=\"wp-image-55164\" srcset=\"https:\/\/esreviral.com\/wp-content\/uploads\/2024\/06\/ba-suspendido-1024x550.webp 1024w, https:\/\/esreviral.com\/wp-content\/uploads\/2024\/06\/ba-suspendido-300x161.webp 300w, https:\/\/esreviral.com\/wp-content\/uploads\/2024\/06\/ba-suspendido-768x413.webp 768w, https:\/\/esreviral.com\/wp-content\/uploads\/2024\/06\/ba-suspendido-1536x825.webp 1536w, https:\/\/esreviral.com\/wp-content\/uploads\/2024\/06\/ba-suspendido-2048x1100.webp 2048w, https:\/\/esreviral.com\/wp-content\/uploads\/2024\/06\/ba-suspendido-750x403.webp 750w, https:\/\/esreviral.com\/wp-content\/uploads\/2024\/06\/ba-suspendido-1140x612.webp 1140w\" sizes=\"(max-width: 1024px) 100vw, 1024px\" \/><figcaption class=\"wp-element-caption\">No fue sino hasta el viernes, cuando oficialmente se comunic\u00f3 en la p\u00e1gina del Gobierno de la Ciudad la suspensi\u00f3n del evento <\/figcaption><\/figure>\n\n\n\n<p>As\u00ed como los integrantes de la colectividad venezolana tambi\u00e9n se encuentran<strong> los de M\u00e9xico y Cuba, adem\u00e1s los de Bolivia, Ecuador y Paraguay,<\/strong> quienes celebrar\u00edan su evento el domingo. Incluso, desde la cuenta <strong>@cantaynollores.arg<\/strong> expresaron su molestia y denuncia contra el Gobierno de la Ciudad, Jorge Macri, Clara Muzio y la direcci\u00f3n de Colectividades, a quienes etiquetaron en un posteo y reclamaron que la Feria del Migrante no fue suspendida y en la que participar\u00edan otras colectividades.<\/p>\n\n\n\n<figure class=\"wp-block-image size-large\"><img decoding=\"async\" width=\"593\" height=\"1024\" src=\"https:\/\/esreviral.com\/wp-content\/uploads\/2024\/06\/7287ca6e-bcc0-45d7-9028-d13c82cc40d0-593x1024.jpg\" alt=\"\" class=\"wp-image-55165\" srcset=\"https:\/\/esreviral.com\/wp-content\/uploads\/2024\/06\/7287ca6e-bcc0-45d7-9028-d13c82cc40d0-593x1024.jpg 593w, https:\/\/esreviral.com\/wp-content\/uploads\/2024\/06\/7287ca6e-bcc0-45d7-9028-d13c82cc40d0-174x300.jpg 174w, https:\/\/esreviral.com\/wp-content\/uploads\/2024\/06\/7287ca6e-bcc0-45d7-9028-d13c82cc40d0.jpg 720w\" sizes=\"(max-width: 593px) 100vw, 593px\" \/><\/figure>\n\n\n\n<p>La mayor\u00eda de los emprendedores, tuvieron p\u00e9rdidas monetarias y de tiempo por la tard\u00eda comunicaci\u00f3n de los organizadores. Cabe destacar que intentamos comunicarnos con <strong>Christian S\u00e1nchez, presidente de la FOCVA, dijo que \u00abes una decisi\u00f3n absurda que perjudica a todos los emprendedores y artistas que est\u00e1n siendo parte de este evento<\/strong> <strong>(&#8230;) Estoy en total desacuerdo con la suspensi\u00f3n y es indignante que hagan la Feria del Migrante\u00bb. <\/strong><\/p>\n\n\n\n<p>Por su parte del <strong>presidente de AVBA, Rafael Monsalve, <\/strong>quien <strong>no fue critico a la situaci\u00f3n de suspensi\u00f3n<\/strong> <strong>y p\u00e9rdida de dinero de los emprendedores<\/strong>, por el contrario, afirm\u00f3 que ha hecho la propuesta que el evento se realice el pr\u00f3ximo 13 de julio. <\/p>\n\n\n\n<p>El a\u00f1o pasado, el actual Jefe de Gobierno, cuando era candidato, estuvo presente en el evento y manifest\u00f3 su agrado por conocer m\u00e1s de la cultura venezolana, de hecho, envi\u00f3 un mensaje de uni\u00f3n y buen recibimiento. <\/p>\n\n\n\n<blockquote class=\"instagram-media\" data-instgrm-captioned data-instgrm-permalink=\"https:\/\/www.instagram.com\/reel\/Crt6iYVtGrW\/?utm_source=ig_embed&amp;utm_campaign=loading\" data-instgrm-version=\"14\" style=\" background:#FFF; border:0; border-radius:3px; box-shadow:0 0 1px 0 rgba(0,0,0,0.5),0 1px 10px 0 rgba(0,0,0,0.15); margin: 1px; max-width:540px; min-width:326px; padding:0; width:99.375%; width:-webkit-calc(100% - 2px); width:calc(100% - 2px);\"><div style=\"padding:16px;\"> <a href=\"https:\/\/www.instagram.com\/reel\/Crt6iYVtGrW\/?utm_source=ig_embed&amp;utm_campaign=loading\" style=\" background:#FFFFFF; line-height:0; padding:0 0; text-align:center; text-decoration:none; width:100%;\" target=\"_blank\" rel=\"noopener\"> <div style=\" display: flex; flex-direction: row; align-items: center;\"> <div style=\"background-color: #F4F4F4; border-radius: 50%; flex-grow: 0; height: 40px; margin-right: 14px; width: 40px;\"><\/div> <div style=\"display: flex; flex-direction: column; flex-grow: 1; justify-content: center;\"> <div style=\" background-color: #F4F4F4; border-radius: 4px; flex-grow: 0; height: 14px; margin-bottom: 6px; width: 100px;\"><\/div> <div style=\" background-color: #F4F4F4; border-radius: 4px; flex-grow: 0; height: 14px; width: 60px;\"><\/div><\/div><\/div><div style=\"padding: 19% 0;\"><\/div> <div style=\"display:block; height:50px; margin:0 auto 12px; width:50px;\"><svg width=\"50px\" height=\"50px\" viewBox=\"0 0 60 60\" version=\"1.1\" xmlns=\"https:\/\/www.w3.org\/2000\/svg\" xmlns:xlink=\"https:\/\/www.w3.org\/1999\/xlink\"><g stroke=\"none\" stroke-width=\"1\" fill=\"none\" fill-rule=\"evenodd\"><g transform=\"translate(-511.000000, -20.000000)\" fill=\"#000000\"><g><path d=\"M556.869,30.41 C554.814,30.41 553.148,32.076 553.148,34.131 C553.148,36.186 554.814,37.852 556.869,37.852 C558.924,37.852 560.59,36.186 560.59,34.131 C560.59,32.076 558.924,30.41 556.869,30.41 M541,60.657 C535.114,60.657 530.342,55.887 530.342,50 C530.342,44.114 535.114,39.342 541,39.342 C546.887,39.342 551.658,44.114 551.658,50 C551.658,55.887 546.887,60.657 541,60.657 M541,33.886 C532.1,33.886 524.886,41.1 524.886,50 C524.886,58.899 532.1,66.113 541,66.113 C549.9,66.113 557.115,58.899 557.115,50 C557.115,41.1 549.9,33.886 541,33.886 M565.378,62.101 C565.244,65.022 564.756,66.606 564.346,67.663 C563.803,69.06 563.154,70.057 562.106,71.106 C561.058,72.155 560.06,72.803 558.662,73.347 C557.607,73.757 556.021,74.244 553.102,74.378 C549.944,74.521 548.997,74.552 541,74.552 C533.003,74.552 532.056,74.521 528.898,74.378 C525.979,74.244 524.393,73.757 523.338,73.347 C521.94,72.803 520.942,72.155 519.894,71.106 C518.846,70.057 518.197,69.06 517.654,67.663 C517.244,66.606 516.755,65.022 516.623,62.101 C516.479,58.943 516.448,57.996 516.448,50 C516.448,42.003 516.479,41.056 516.623,37.899 C516.755,34.978 517.244,33.391 517.654,32.338 C518.197,30.938 518.846,29.942 519.894,28.894 C520.942,27.846 521.94,27.196 523.338,26.654 C524.393,26.244 525.979,25.756 528.898,25.623 C532.057,25.479 533.004,25.448 541,25.448 C548.997,25.448 549.943,25.479 553.102,25.623 C556.021,25.756 557.607,26.244 558.662,26.654 C560.06,27.196 561.058,27.846 562.106,28.894 C563.154,29.942 563.803,30.938 564.346,32.338 C564.756,33.391 565.244,34.978 565.378,37.899 C565.522,41.056 565.552,42.003 565.552,50 C565.552,57.996 565.522,58.943 565.378,62.101 M570.82,37.631 C570.674,34.438 570.167,32.258 569.425,30.349 C568.659,28.377 567.633,26.702 565.965,25.035 C564.297,23.368 562.623,22.342 560.652,21.575 C558.743,20.834 556.562,20.326 553.369,20.18 C550.169,20.033 549.148,20 541,20 C532.853,20 531.831,20.033 528.631,20.18 C525.438,20.326 523.257,20.834 521.349,21.575 C519.376,22.342 517.703,23.368 516.035,25.035 C514.368,26.702 513.342,28.377 512.574,30.349 C511.834,32.258 511.326,34.438 511.181,37.631 C511.035,40.831 511,41.851 511,50 C511,58.147 511.035,59.17 511.181,62.369 C511.326,65.562 511.834,67.743 512.574,69.651 C513.342,71.625 514.368,73.296 516.035,74.965 C517.703,76.634 519.376,77.658 521.349,78.425 C523.257,79.167 525.438,79.673 528.631,79.82 C531.831,79.965 532.853,80.001 541,80.001 C549.148,80.001 550.169,79.965 553.369,79.82 C556.562,79.673 558.743,79.167 560.652,78.425 C562.623,77.658 564.297,76.634 565.965,74.965 C567.633,73.296 568.659,71.625 569.425,69.651 C570.167,67.743 570.674,65.562 570.82,62.369 C570.966,59.17 571,58.147 571,50 C571,41.851 570.966,40.831 570.82,37.631\"><\/path><\/g><\/g><\/g><\/svg><\/div><div style=\"padding-top: 8px;\"> <div style=\" color:#3897f0; font-family:Arial,sans-serif; font-size:14px; font-style:normal; font-weight:550; line-height:18px;\">Ver esta publicaci\u00f3n en Instagram<\/div><\/div><div style=\"padding: 12.5% 0;\"><\/div> <div style=\"display: flex; flex-direction: row; margin-bottom: 14px; align-items: center;\"><div> <div style=\"background-color: #F4F4F4; border-radius: 50%; height: 12.5px; width: 12.5px; transform: translateX(0px) translateY(7px);\"><\/div> <div style=\"background-color: #F4F4F4; height: 12.5px; transform: rotate(-45deg) translateX(3px) translateY(1px); width: 12.5px; flex-grow: 0; margin-right: 14px; margin-left: 2px;\"><\/div> <div style=\"background-color: #F4F4F4; border-radius: 50%; height: 12.5px; width: 12.5px; transform: translateX(9px) translateY(-18px);\"><\/div><\/div><div style=\"margin-left: 8px;\"> <div style=\" background-color: #F4F4F4; border-radius: 50%; flex-grow: 0; height: 20px; width: 20px;\"><\/div> <div style=\" width: 0; height: 0; border-top: 2px solid transparent; border-left: 6px solid #f4f4f4; border-bottom: 2px solid transparent; transform: translateX(16px) translateY(-4px) rotate(30deg)\"><\/div><\/div><div style=\"margin-left: auto;\"> <div style=\" width: 0px; border-top: 8px solid #F4F4F4; border-right: 8px solid transparent; transform: translateY(16px);\"><\/div> <div style=\" background-color: #F4F4F4; flex-grow: 0; height: 12px; width: 16px; transform: translateY(-4px);\"><\/div> <div style=\" width: 0; height: 0; border-top: 8px solid #F4F4F4; border-left: 8px solid transparent; transform: translateY(-4px) translateX(8px);\"><\/div><\/div><\/div> <div style=\"display: flex; flex-direction: column; flex-grow: 1; justify-content: center; margin-bottom: 24px;\"> <div style=\" background-color: #F4F4F4; border-radius: 4px; flex-grow: 0; height: 14px; margin-bottom: 6px; width: 224px;\"><\/div> <div style=\" background-color: #F4F4F4; border-radius: 4px; flex-grow: 0; height: 14px; width: 144px;\"><\/div><\/div><\/a><p style=\" color:#c9c8cd; font-family:Arial,sans-serif; font-size:14px; line-height:17px; margin-bottom:0; margin-top:8px; overflow:hidden; padding:8px 0 7px; text-align:center; text-overflow:ellipsis; white-space:nowrap;\"><a href=\"https:\/\/www.instagram.com\/reel\/Crt6iYVtGrW\/?utm_source=ig_embed&amp;utm_campaign=loading\" style=\" color:#c9c8cd; font-family:Arial,sans-serif; font-size:14px; font-style:normal; font-weight:normal; line-height:17px; text-decoration:none;\" target=\"_blank\" rel=\"noopener\">Una publicaci\u00f3n compartida de FICU (@somosficu)<\/a><\/p><\/div><\/blockquote> <script async src=\"\/\/www.instagram.com\/embed.js\"><\/script>\n","protected":false},"excerpt":{"rendered":"<p>Molestos. Indignados. Angustiados. As\u00ed se encuentran los emprendedores de las seis colectividades de migrantes que participar\u00edan este fin de semana en el BA Celebra, que se hace por primera vez bajo el Gobierno de Jorge Macri y los nuevos integrantes de la Direcci\u00f3n de Colectividades. \u00abInvert\u00ed mis ahorros, 450 d\u00f3lares que ten\u00eda y no he [&hellip;]<\/p>\n","protected":false},"author":2,"featured_media":55166,"comment_status":"open","ping_status":"closed","sticky":false,"template":"","format":"standard","meta":{"jnews-multi-image_gallery":[],"jnews_single_post":{"subtitle":"","format":"standard","video":"","gallery":"","source_name":"","source_url":"","via_name":"","via_url":"","override_template":"0","override":[{"template":"4","single_blog_custom":"","parallax":"1","fullscreen":"1","layout":"right-sidebar","sidebar":"default-sidebar","second_sidebar":"default-sidebar","sticky_sidebar":"1","share_position":"top","share_float_style":"share-monocrhome","show_share_counter":"1","show_view_counter":"1","show_featured":"1","show_post_meta":"1","show_post_author":"1","show_post_author_image":"1","show_post_date":"1","post_date_format":"default","post_date_format_custom":"Y\/m\/d","show_post_category":"1","show_post_reading_time":"1","post_reading_time_wpm":"300","show_zoom_button":"1","zoom_button_out_step":"2","zoom_button_in_step":"3","show_post_tag":"1","show_prev_next_post":"1","show_popup_post":"1","number_popup_post":"1","show_author_box":"1","show_post_related":"1","show_inline_post_related":"0"}],"override_image_size":"0","image_override":[{"single_post_thumbnail_size":"crop-500","single_post_gallery_size":"crop-500"}],"trending_post":"0","trending_post_position":"meta","trending_post_label":"Trending","sponsored_post":"0","sponsored_post_label":"Sponsored by","sponsored_post_name":"","sponsored_post_url":"","sponsored_post_logo_enable":"0","sponsored_post_logo":"","sponsored_post_desc":"","disable_ad":"0"},"jnews_primary_category":{"id":"","hide":""},"jnews_social_meta":{"fb_title":"","fb_description":"","fb_image":"","twitter_title":"","twitter_description":"","twitter_image":""},"jnews_review":[],"enable_review":"0","type":"percentage","name":"","summary":"","brand":"","sku":"","good":[{"good_text":""}],"bad":[{"bad_text":""}],"score_override":"","override_value":"","rating":[{"rating_text":"","rating_number":"10"}],"price":[{"shop":"","price":"","link":"","icon":""}],"jnews_override_counter":{"override_view_counter":"0","view_counter_number":"0","override_share_counter":"0","share_counter_number":"0","override_like_counter":"0","like_counter_number":"0","override_dislike_counter":"0","dislike_counter_number":"0"},"jnews_post_split":{"enable_post_split":"0","post_split":[{"template":"1","tag":"h2","numbering":"asc","mode":"normal","first":"0","enable_toc":"0","toc_type":"normal"}]},"footnotes":""},"categories":[5892],"tags":[9249,8846,894,1327,45,15890,67],"class_list":["post-55163","post","type-post","status-publish","format-standard","has-post-thumbnail","hentry","category-venezolanos-en-argentina","tag-ba-celebra","tag-ba-celebra-venezuela","tag-ciudad-de-buenos-aires","tag-jorge-macri","tag-noticias","tag-perdidas","tag-venezolanos-en-argentina"],"amp_enabled":true,"_links":{"self":[{"href":"https:\/\/esreviral.com\/index.php?rest_route=\/wp\/v2\/posts\/55163"}],"collection":[{"href":"https:\/\/esreviral.com\/index.php?rest_route=\/wp\/v2\/posts"}],"about":[{"href":"https:\/\/esreviral.com\/index.php?rest_route=\/wp\/v2\/types\/post"}],"author":[{"embeddable":true,"href":"https:\/\/esreviral.com\/index.php?rest_route=\/wp\/v2\/users\/2"}],"replies":[{"embeddable":true,"href":"https:\/\/esreviral.com\/index.php?rest_route=%2Fwp%2Fv2%2Fcomments&post=55163"}],"version-history":[{"count":0,"href":"https:\/\/esreviral.com\/index.php?rest_route=\/wp\/v2\/posts\/55163\/revisions"}],"wp:featuredmedia":[{"embeddable":true,"href":"https:\/\/esreviral.com\/index.php?rest_route=\/wp\/v2\/media\/55166"}],"wp:attachment":[{"href":"https:\/\/esreviral.com\/index.php?rest_route=%2Fwp%2Fv2%2Fmedia&parent=55163"}],"wp:term":[{"taxonomy":"category","embeddable":true,"href":"https:\/\/esreviral.com\/index.php?rest_route=%2Fwp%2Fv2%2Fcategories&post=55163"},{"taxonomy":"post_tag","embeddable":true,"href":"https:\/\/esreviral.com\/index.php?rest_route=%2Fwp%2Fv2%2Ftags&post=55163"}],"curies":[{"name":"wp","href":"https:\/\/api.w.org\/{rel}","templated":true}]}}