{"id":55149,"date":"2024-06-07T16:47:55","date_gmt":"2024-06-07T21:47:55","guid":{"rendered":"https:\/\/esreviral.com\/?p=55149"},"modified":"2024-06-08T08:57:25","modified_gmt":"2024-06-08T13:57:25","slug":"docentes-universitarios-anunciaron-que-haran-un-paro-por-48-horas-y-se-movilizaran-contra-la-ley-bases","status":"publish","type":"post","link":"https:\/\/esreviral.com\/?p=55149","title":{"rendered":"Docentes universitarios anunciaron que har\u00e1n un paro por 48 horas y se movilizar\u00e1n contra la Ley Bases"},"content":{"rendered":"\n<p>Docentes y no docentes universitarios realizar\u00e1n un\u00a0<strong>paro por 48 horas<\/strong>\u00a0para el\u00a0<strong>martes 11 y mi\u00e9rcoles 12 de junio<\/strong>, mientras que ese \u00faltimo d\u00eda participar\u00e1n de la\u00a0<strong>movilizaci\u00f3n de gremios de la CGT y las dos CTA contra la Ley Bases<\/strong>, que ser\u00e1 tratada en la C\u00e1mara de Senadores.<\/p>\n\n\n\n<p>La medida fue convocada este viernes por la&nbsp;<strong>Federaci\u00f3n de Docentes de las Universidades (FEDUN)&nbsp;<\/strong>junto a la&nbsp;<strong>Federaci\u00f3n Argentina del Trabajador de las Universidades Nacionales (FATUN)&nbsp;<\/strong>tras un plenario de secretarios generales de todo el pa\u00eds.<\/p>\n\n\n\n<p>Esa protesta es parte de un plan de lucha que incluir\u00e1 participar de la marcha del mi\u00e9rcoles frente al Congreso \u201cpara manifestar el absoluto rechazo a la Ley Bases y exigirle a los senadores y las senadoras que voten en contra\u201d.<\/p>\n\n\n\n<p class=\"has-text-align-center\"><strong><a href=\"https:\/\/chat.whatsapp.com\/KWkTmakY3I05kNdd2oZl6d\">\u00daNETE A NUESTRO GRUPO DE WHATSAPP PARA ESTAR INFORMADO<\/a><\/strong><\/p>\n\n\n\n<p><strong>Esta reacci\u00f3n lleg\u00f3 despu\u00e9s de la falta de una propuesta salarial por parte del Gobierno.<\/strong>&nbsp;\u201cDesde la multitudinaria marcha en la que todos los argentinos y las argentinas se expresaron en defensa de la Universidad P\u00fablica, ya pas\u00f3 m\u00e1s de un mes y&nbsp;<strong>a\u00fan no tuvimos ninguna respuesta del gobierno<\/strong>\u201d, asegur\u00f3 el secretario General de la FEDUN, Daniel Ricci.<\/p>\n\n\n\n<p>\u201cEn el \u00faltimo tiempo nuestros salarios siguen deterior\u00e1ndose mes a mes,&nbsp;<strong>ya llevamos perdido m\u00e1s de un 60 por ciento de poder adquisitivo<\/strong>&nbsp;frente a la inflaci\u00f3n y no vamos a seguir tolerando este deterioro y&nbsp;<strong>falta de respeto<\/strong>\u201d, reclam\u00f3 la FEDUN en un comunicado. Tambi\u00e9n advirtieron que \u201csi no hay respuesta, profundizaremos el plan de lucha y convocaremos nuevas medidas.\u201d<\/p>\n\n\n\n<figure class=\"wp-block-image size-large\"><img decoding=\"async\" src=\"https:\/\/tn.com.ar\/resizer\/8fBW7HxPjuc8SdWFGBRTBPkYBx4=\/1440x0\/smart\/filters:format(webp)\/cloudfront-us-east-1.images.arcpublishing.com\/artear\/QZR6DSA4ARGIXCVN2CWEABLF4E.jpg\" alt=\"\"\/><\/figure>\n\n\n\n<p><strong><mark style=\"background-color:rgba(0, 0, 0, 0)\" class=\"has-inline-color has-vivid-red-color\">Fuerte advertencia de la CGT a los senadores antes de la votaci\u00f3n por la Ley Bases<\/mark><\/strong><\/p>\n\n\n\n<p>La central obrera anunci\u00f3 para el mi\u00e9rcoles una marcha frente al Congreso\u00a0cuando el Senado trate la Ley Bases\u00a0y el paquete fiscal.\u00a0<strong>Pablo Moyano<\/strong>\u00a0les pidi\u00f3 a los senadores que \u201cpiensen que tienen una oportunidad hist\u00f3rica\u201d porque\u00a0<strong>se pueden convertir en \u201ch\u00e9roes o traidores de la patria\u201d<\/strong>.<\/p>\n\n\n\n<p>\u201cEl mi\u00e9rcoles a partir de las 9 de la ma\u00f1ana nos concentramos en la Plaza del Congreso\u201d, dijo. \u201cEs una necesidad y una obligaci\u00f3n estar ese d\u00eda rechazando esta Ley Bases que destruye a las industrias; va a destruir al transporte y los trabajadores vuelve nuevamente a pagar Ganancias\u201d, sostuvo.<\/p>\n\n\n\n<p>\u201cEs una obsesi\u00f3n de los gobiernos de derecha de que lo primero que quieren hacer es vender Aerol\u00edneas Argentinas y todas las empresas del Estado\u201d, agreg\u00f3 Moyano.<\/p>\n\n\n\n<p>Sobre el presidente\u00a0<strong>Javier Milei<\/strong>, Moyano dijo que\u00a0<strong>\u201cse ha convertido en el hazmerre\u00edr del mundo\u201d<\/strong>, por el\u00a0video en el que se compara con\u00a0<strong>Terminator<\/strong>, y mientras \u201cse hace el estadista afuera del pa\u00eds, ac\u00e1 adentro se ha perdido todo el respeto por la investidura presidencial\u201d.<\/p>\n\n\n\n<p class=\"has-text-align-right\"><strong><em>TN.-<\/em><\/strong><\/p>\n","protected":false},"excerpt":{"rendered":"<p>La medida de fuerza tendr\u00e1 lugar entre el martes 11 y mi\u00e9rcoles 12 de junio. Adem\u00e1s, participar\u00e1n de la marcha de los gremios contra el proyecto del Gobierno.<\/p>\n","protected":false},"author":3,"featured_media":55150,"comment_status":"open","ping_status":"open","sticky":false,"template":"","format":"standard","meta":{"jnews-multi-image_gallery":[],"jnews_single_post":{"subtitle":"","format":"standard","video":"","gallery":"","source_name":"","source_url":"","via_name":"","via_url":"","override_template":"0","override":[{"template":"4","single_blog_custom":"","parallax":"1","fullscreen":"1","layout":"right-sidebar","sidebar":"default-sidebar","second_sidebar":"default-sidebar","sticky_sidebar":"1","share_position":"top","share_float_style":"share-monocrhome","show_share_counter":"1","show_view_counter":"1","show_featured":"1","show_post_meta":"1","show_post_author":"1","show_post_author_image":"1","show_post_date":"1","post_date_format":"default","post_date_format_custom":"Y\/m\/d","show_post_category":"1","show_post_reading_time":"1","post_reading_time_wpm":"300","show_zoom_button":"1","zoom_button_out_step":"2","zoom_button_in_step":"3","show_post_tag":"1","show_prev_next_post":"1","show_popup_post":"1","number_popup_post":"1","show_author_box":"1","show_post_related":"1","show_inline_post_related":"0"}],"override_image_size":"0","image_override":[{"single_post_thumbnail_size":"crop-500","single_post_gallery_size":"crop-500"}],"trending_post":"0","trending_post_position":"meta","trending_post_label":"Trending","sponsored_post":"0","sponsored_post_label":"Sponsored by","sponsored_post_name":"","sponsored_post_url":"","sponsored_post_logo_enable":"0","sponsored_post_logo":"","sponsored_post_desc":"","disable_ad":"0"},"jnews_primary_category":{"id":"","hide":""},"jnews_social_meta":{"fb_title":"","fb_description":"","fb_image":"","twitter_title":"","twitter_description":"","twitter_image":""},"jnews_review":[],"enable_review":"0","type":"percentage","name":"","summary":"","brand":"","sku":"","good":[{"good_text":""}],"bad":[{"bad_text":""}],"score_override":"","override_value":"","rating":[{"rating_text":"","rating_number":"10"}],"price":[{"shop":"","price":"","link":"","icon":""}],"jnews_override_counter":{"override_view_counter":"0","view_counter_number":"0","override_share_counter":"0","share_counter_number":"0","override_like_counter":"0","like_counter_number":"0","override_dislike_counter":"0","dislike_counter_number":"0"},"jnews_post_split":{"enable_post_split":"0","post_split":[{"template":"1","tag":"h2","numbering":"asc","mode":"normal","first":"0","enable_toc":"0","toc_type":"normal"}]},"footnotes":""},"categories":[58],"tags":[44,15886,14969,45,1387],"class_list":["post-55149","post","type-post","status-publish","format-standard","has-post-thumbnail","hentry","category-argentina","tag-argentina","tag-docentes-universitarios","tag-ley-bases","tag-noticias","tag-paro"],"amp_enabled":true,"_links":{"self":[{"href":"https:\/\/esreviral.com\/index.php?rest_route=\/wp\/v2\/posts\/55149"}],"collection":[{"href":"https:\/\/esreviral.com\/index.php?rest_route=\/wp\/v2\/posts"}],"about":[{"href":"https:\/\/esreviral.com\/index.php?rest_route=\/wp\/v2\/types\/post"}],"author":[{"embeddable":true,"href":"https:\/\/esreviral.com\/index.php?rest_route=\/wp\/v2\/users\/3"}],"replies":[{"embeddable":true,"href":"https:\/\/esreviral.com\/index.php?rest_route=%2Fwp%2Fv2%2Fcomments&post=55149"}],"version-history":[{"count":0,"href":"https:\/\/esreviral.com\/index.php?rest_route=\/wp\/v2\/posts\/55149\/revisions"}],"wp:featuredmedia":[{"embeddable":true,"href":"https:\/\/esreviral.com\/index.php?rest_route=\/wp\/v2\/media\/55150"}],"wp:attachment":[{"href":"https:\/\/esreviral.com\/index.php?rest_route=%2Fwp%2Fv2%2Fmedia&parent=55149"}],"wp:term":[{"taxonomy":"category","embeddable":true,"href":"https:\/\/esreviral.com\/index.php?rest_route=%2Fwp%2Fv2%2Fcategories&post=55149"},{"taxonomy":"post_tag","embeddable":true,"href":"https:\/\/esreviral.com\/index.php?rest_route=%2Fwp%2Fv2%2Ftags&post=55149"}],"curies":[{"name":"wp","href":"https:\/\/api.w.org\/{rel}","templated":true}]}}