{"id":55146,"date":"2024-06-08T08:39:37","date_gmt":"2024-06-08T13:39:37","guid":{"rendered":"https:\/\/esreviral.com\/?p=55146"},"modified":"2024-06-08T08:39:37","modified_gmt":"2024-06-08T13:39:37","slug":"joaquina-cantara-con-andrea-bocelli-en-londres","status":"publish","type":"post","link":"https:\/\/esreviral.com\/?p=55146","title":{"rendered":"Joaquina cantar\u00e1 con Andrea Bocelli en Londres"},"content":{"rendered":"\n<p><strong>Joaquina cantar\u00e1 junto a Andrea Bocelli.<\/strong>&nbsp;La cantante venezolana anunci\u00f3 que fue invitada a formar parte del concierto que ofrecer\u00e1 el cantante italiano el pr\u00f3ximo 5 de julio en el Hyde Park en Londres.<\/p>\n\n\n\n<p>El jueves,<strong>&nbsp;Joaquina comparti\u00f3 la buena noticia a trav\u00e9s de sus&nbsp;redes sociales.<\/strong>&nbsp;\u201cEsta ma\u00f1ana me despert\u00e9 con una noticia alucinante\u2026 He estado esperando mucho tiempo para poder por fin contarles esto y no puedo creer que lo estoy escribiendo\u201d, comenz\u00f3.<\/p>\n\n\n\n<p>\u201cEste 5 de julio en el Hyde Park en Londres tendr\u00e9 la dicha y el honor de parte del maestro @andreabocelliofficial de formar parte de su concierto. Voy a estar cantando con \u00e9l y tambi\u00e9n cantando una de mis canciones\u2026 Qu\u00e9 locura\u201d, agreg\u00f3 emocionada.<\/p>\n\n\n\n<p><strong>La cantante indic\u00f3 que se siente honrada de cantar junto a Bocelli<\/strong>. \u201cQue honor. Los voy a hacer a todos ustedes muy orgullosos, se los prometo\u201d, dijo.<\/p>\n\n\n\n<figure class=\"wp-block-image size-large\"><img decoding=\"async\" src=\"https:\/\/cdn.bitlysdowssl-aws.com\/wp-content\/uploads\/2024\/06\/Captura-3.jpg\" alt=\"\"\/><\/figure>\n\n\n\n<p><strong>En el espect\u00e1culo tambi\u00e9n participar\u00e1n Hans Zimmer, Seal, Zucchero, Nadine Sierra, Esabel Leonard, entre muchos otros.<\/strong><\/p>\n\n\n\n<p><strong>Joaquina est\u00e1 en un buen momento de su ascendente carrera<\/strong>. El a\u00f1o pasado, la joven venezolana&nbsp;<strong>se llev\u00f3 el gram\u00f3fono a&nbsp;Mejor Nuevo Artista<\/strong>&nbsp;de los Latin Grammy, los primeros celebrados en Sevilla, Espa\u00f1a.<\/p>\n\n\n\n<p>Antes de llevarse el premio,<strong>&nbsp;Joaquina form\u00f3 parte de la primera promoci\u00f3n de egresados \u200b\u200bde la Academia Art House del productor Julio Reyes Copello<\/strong>, firm\u00f3 un contrato discogr\u00e1fico con Universal Music Latin y fue telonera de artistas como Alejandro Sanz y Fonseca. Tambi\u00e9n fue destacada como la Artista Latina en Ascenso de Billboard en noviembre.<\/p>\n\n\n\n<p>Asimismo,&nbsp;<strong>al poco tiempo, la cantante firm\u00f3 un acuerdo de gesti\u00f3n con la compa\u00f1\u00eda Global Talent Services<\/strong>, perteneciente a Universal Music Group.<\/p>\n\n\n\n<p>Hija de Camila Canabal, una de las animadoras m\u00e1s queridas de RCTV, y del periodista deportivo Francisco Blavia,&nbsp;<strong>la joven de 19 a\u00f1os de edad ha estado vinculada con la m\u00fasica desde peque\u00f1a.<\/strong><\/p>\n\n\n\n<p>Su primer acercamiento a la m\u00fasica fue con el viol\u00edn, un instrumento que aprendi\u00f3 a tocar cuando ten\u00eda 3 a\u00f1os.<\/p>\n\n\n\n<p>En 2020,&nbsp;<strong>Joaquina se atrevi\u00f3 a materializar ese sue\u00f1o que empez\u00f3 cuando solo era una ni\u00f1a sentada frente a un piano<\/strong>&nbsp;descubriendo que las melod\u00edas cl\u00e1sicas que tocaba le gustaban e inspiraban: decidi\u00f3 estrenar su primer sencillo, \u201cPrimer amor\u201d.<\/p>\n\n\n\n<p>Al a\u00f1o siguiente estren\u00f3 su segundo sencillo, \u201cNo te pude soltar\u201d. Ese mismo a\u00f1o llegar\u00eda el tercero, \u201c16\u201d, un tema personal en el que cuenta c\u00f3mo ha vivido su adolescencia. As\u00ed, poco a poco, la cantautora empez\u00f3 a publicar sus primeras canciones hasta lanzar su primer disco,&nbsp;<em>Los mejores a\u00f1os<\/em>.<\/p>\n\n\n\n<p class=\"has-text-align-center\"><strong><a href=\"https:\/\/chat.whatsapp.com\/KWkTmakY3I05kNdd2oZl6d\">\u00daNETE A NUESTRO GRUPO DE WHATSAPP PARA ESTAR INFORMADO<\/a><\/strong><\/p>\n\n\n\n<p class=\"has-text-align-right\"><strong><em>ElNacional.-<\/em><\/strong><\/p>\n","protected":false},"excerpt":{"rendered":"<p>La cantante venezolana fue invitada a formar parte del concierto que ofrecer\u00e1 el cantante italiano el pr\u00f3ximo 5 de julio en el Hyde Park, donde tambi\u00e9n participar\u00e1n Hans Zimmer, Seal, Zucchero, Nadine Sierra, Isabel Leonard, entre muchos otros<\/p>\n","protected":false},"author":3,"featured_media":55148,"comment_status":"open","ping_status":"open","sticky":false,"template":"","format":"standard","meta":{"jnews-multi-image_gallery":[],"jnews_single_post":{"subtitle":"","format":"standard","video":"","gallery":"","source_name":"","source_url":"","via_name":"","via_url":"","override_template":"0","override":[{"template":"4","single_blog_custom":"","parallax":"1","fullscreen":"1","layout":"right-sidebar","sidebar":"default-sidebar","second_sidebar":"default-sidebar","sticky_sidebar":"1","share_position":"top","share_float_style":"share-monocrhome","show_share_counter":"1","show_view_counter":"1","show_featured":"1","show_post_meta":"1","show_post_author":"1","show_post_author_image":"1","show_post_date":"1","post_date_format":"default","post_date_format_custom":"Y\/m\/d","show_post_category":"1","show_post_reading_time":"1","post_reading_time_wpm":"300","show_zoom_button":"1","zoom_button_out_step":"2","zoom_button_in_step":"3","show_post_tag":"1","show_prev_next_post":"1","show_popup_post":"1","number_popup_post":"1","show_author_box":"1","show_post_related":"1","show_inline_post_related":"0"}],"override_image_size":"0","image_override":[{"single_post_thumbnail_size":"crop-500","single_post_gallery_size":"crop-500"}],"trending_post":"0","trending_post_position":"meta","trending_post_label":"Trending","sponsored_post":"0","sponsored_post_label":"Sponsored by","sponsored_post_name":"","sponsored_post_url":"","sponsored_post_logo_enable":"0","sponsored_post_logo":"","sponsored_post_desc":"","disable_ad":"0"},"jnews_primary_category":{"id":"","hide":""},"jnews_social_meta":{"fb_title":"","fb_description":"","fb_image":"","twitter_title":"","twitter_description":"","twitter_image":""},"jnews_review":[],"enable_review":"0","type":"percentage","name":"","summary":"","brand":"","sku":"","good":[{"good_text":""}],"bad":[{"bad_text":""}],"score_override":"","override_value":"","rating":[{"rating_text":"","rating_number":"10"}],"price":[{"shop":"","price":"","link":"","icon":""}],"jnews_override_counter":{"override_view_counter":"0","view_counter_number":"0","override_share_counter":"0","share_counter_number":"0","override_like_counter":"0","like_counter_number":"0","override_dislike_counter":"0","dislike_counter_number":"0"},"jnews_post_split":{"enable_post_split":"0","post_split":[{"template":"1","tag":"h2","numbering":"asc","mode":"normal","first":"0","enable_toc":"0","toc_type":"normal"}]},"footnotes":""},"categories":[50],"tags":[13899,7997,2064,45,1714],"class_list":["post-55146","post","type-post","status-publish","format-standard","has-post-thumbnail","hentry","category-entretenimiento","tag-andrea-bocelli","tag-joaquina","tag-londres","tag-noticias","tag-redes-sociales"],"amp_enabled":true,"_links":{"self":[{"href":"https:\/\/esreviral.com\/index.php?rest_route=\/wp\/v2\/posts\/55146"}],"collection":[{"href":"https:\/\/esreviral.com\/index.php?rest_route=\/wp\/v2\/posts"}],"about":[{"href":"https:\/\/esreviral.com\/index.php?rest_route=\/wp\/v2\/types\/post"}],"author":[{"embeddable":true,"href":"https:\/\/esreviral.com\/index.php?rest_route=\/wp\/v2\/users\/3"}],"replies":[{"embeddable":true,"href":"https:\/\/esreviral.com\/index.php?rest_route=%2Fwp%2Fv2%2Fcomments&post=55146"}],"version-history":[{"count":0,"href":"https:\/\/esreviral.com\/index.php?rest_route=\/wp\/v2\/posts\/55146\/revisions"}],"wp:featuredmedia":[{"embeddable":true,"href":"https:\/\/esreviral.com\/index.php?rest_route=\/wp\/v2\/media\/55148"}],"wp:attachment":[{"href":"https:\/\/esreviral.com\/index.php?rest_route=%2Fwp%2Fv2%2Fmedia&parent=55146"}],"wp:term":[{"taxonomy":"category","embeddable":true,"href":"https:\/\/esreviral.com\/index.php?rest_route=%2Fwp%2Fv2%2Fcategories&post=55146"},{"taxonomy":"post_tag","embeddable":true,"href":"https:\/\/esreviral.com\/index.php?rest_route=%2Fwp%2Fv2%2Ftags&post=55146"}],"curies":[{"name":"wp","href":"https:\/\/api.w.org\/{rel}","templated":true}]}}