{"id":55143,"date":"2024-06-08T08:43:41","date_gmt":"2024-06-08T13:43:41","guid":{"rendered":"https:\/\/esreviral.com\/?p=55143"},"modified":"2024-06-08T08:43:42","modified_gmt":"2024-06-08T13:43:42","slug":"venezolanos-siguen-cruzando-la-selva-del-darien","status":"publish","type":"post","link":"https:\/\/esreviral.com\/?p=55143","title":{"rendered":"Venezolanos siguen cruzando la selva del Dari\u00e9n"},"content":{"rendered":"\n<p>Miles de migrantes, en su mayor\u00eda venezolanos, cruzan la selva del Dari\u00e9n, de Colombia hacia Panam\u00e1, con la esperanza de llegar a Estados Unidos para tener una vida distinta a la que llevaban en su pa\u00eds de origen.<\/p>\n\n\n\n<p>El Servicio Nacional de Migraci\u00f3n de Panam\u00e1, inform\u00f3 a trav\u00e9s de un comunicado, que desde enero hasta el 6 de junio de este a\u00f1o han transitado 174.513 personas por la selva de Dari\u00e9n; a\u00f1adiendo que solo los primeros d\u00edas del mes de junio han cruzado 4.499 personas, entre ellos 901 menores de edad.<\/p>\n\n\n\n<p>Las cifras entregadas entre el 1 de enero y el 6 de junio del a\u00f1o en curso, expone que el 68% de las personas que cruzan la selva del Dari\u00e9n son venezolanos con un n\u00famero de 113.244 migrantes, en segundo lugar est\u00e1n los migrantes provenientes de Ecuador con 12.300 personas, es decir, el 7% del total.<\/p>\n\n\n\n<p>En tercero, los migrantes colombianos que cruzan la selva del Dari\u00e9n, con 11.219 personas, que abarca el 6,4% del total. El otro 18% lo ocupan migrantes de distintos pa\u00edses, entre ellos Hait\u00ed, China, India y Cuba.<\/p>\n\n\n\n<p><strong><mark style=\"background-color:rgba(0, 0, 0, 0)\" class=\"has-inline-color has-vivid-red-color\">Ni\u00f1os cruzando la selva del Dari\u00e9n<\/mark><\/strong><\/p>\n\n\n\n<p>El Fondo de las Nacionalidades Unidas para la Infancia (UNICEF), inform\u00f3 hace varias semanas, que el n\u00famero de ni\u00f1os que cruzan esta peligrosa selva aument\u00f3 un 40% en lo que va de a\u00f1o, situando la selva del Dari\u00e9n por quinto a\u00f1o consecutivo con niveles r\u00e9cord de migraci\u00f3n infantil.<\/p>\n\n\n\n<p>En lo que va de a\u00f1o, m\u00e1s de 30.000 ni\u00f1os atravesaron la selva del Dari\u00e9n y, seg\u00fan datos de organismos de la ONU, 2.000 ni\u00f1os cruzaron solos o fueron separados de sus familiares.<\/p>\n\n\n\n<p>UNICEF detalla que la mayor\u00eda de estos ni\u00f1os y adolescentes, que cruzan este peligroso camino en busca de un mejor futuro, necesitan una asistencia humanitaria urgente.<\/p>\n\n\n\n<p><strong><mark style=\"background-color:rgba(0, 0, 0, 0)\" class=\"has-inline-color has-vivid-red-color\">106 kil\u00f3metros de camino en el Dari\u00e9n<\/mark><\/strong><\/p>\n\n\n\n<p>Hace varias d\u00e9cadas esta selva era vista imposible y dif\u00edcil de cruzar, sin embargo, las situaciones pol\u00edticas y sociales de varios pa\u00edses impulsaron a miles de personas en atravesar esta peligrosa selva que une la frontera entre Colombia y Panam\u00e1, arriesg\u00e1ndose para llegar a los Estados Unidos.<\/p>\n\n\n\n<p>Las personas, en su mayor\u00eda venezolanos, que se arriesgan en cruzar la selva, en un promedio de 5 a 7 d\u00edas, corren el riesgo de robos, asaltos, secuestros, enfermedades y ataques de los animales silvestres que se encuentran en la zona.<\/p>\n\n\n\n<p><strong><mark style=\"background-color:rgba(0, 0, 0, 0)\" class=\"has-inline-color has-vivid-red-color\">Gobierno paname\u00f1o y el Dari\u00e9n<\/mark><\/strong><\/p>\n\n\n\n<p>La proyecci\u00f3n del gobierno paname\u00f1o estima que al concluir el a\u00f1o la migraci\u00f3n por la selva del Dari\u00e9n suba un 20% a lo registrado en el a\u00f1o 2023.<\/p>\n\n\n\n<p>Panam\u00e1 se prepara para un cambio de gobierno tras la llegada el primero de julio de Jos\u00e9 Ra\u00fal Mulino, que aplicar\u00e1 nuevas pol\u00edticas de migraci\u00f3n en el pa\u00eds.<\/p>\n\n\n\n<p>Asimismo, el presidente electo, Jos\u00e9 Mulino, anunci\u00f3 que cerrar\u00e1 la frontera y har\u00e1 deportaciones masivas para frenar el flujo de migrantes irregulares por la frontera.<\/p>\n\n\n\n<p class=\"has-text-align-center\"><strong><a href=\"https:\/\/chat.whatsapp.com\/KWkTmakY3I05kNdd2oZl6d\">\u00daNETE A NUESTRO GRUPO DE WHATSAPP PARA ESTAR INFORMADO<\/a><\/strong><\/p>\n\n\n\n<p class=\"has-text-align-right\"><strong><em>ElNacional.-<\/em><\/strong><\/p>\n","protected":false},"excerpt":{"rendered":"<p>El Servicio Nacional de Migraci\u00f3n de Panam\u00e1, inform\u00f3 a trav\u00e9s de un comunicado, que desde enero hasta el 6 de junio de este a\u00f1o han transitado 174.513 personas por la selva de Dari\u00e9n<\/p>\n","protected":false},"author":3,"featured_media":55144,"comment_status":"open","ping_status":"open","sticky":false,"template":"","format":"standard","meta":{"jnews-multi-image_gallery":[],"jnews_single_post":{"subtitle":"","format":"standard","video":"","gallery":"","source_name":"","source_url":"","via_name":"","via_url":"","override_template":"0","override":[{"template":"4","single_blog_custom":"","parallax":"1","fullscreen":"1","layout":"right-sidebar","sidebar":"default-sidebar","second_sidebar":"default-sidebar","sticky_sidebar":"1","share_position":"top","share_float_style":"share-monocrhome","show_share_counter":"1","show_view_counter":"1","show_featured":"1","show_post_meta":"1","show_post_author":"1","show_post_author_image":"1","show_post_date":"1","post_date_format":"default","post_date_format_custom":"Y\/m\/d","show_post_category":"1","show_post_reading_time":"1","post_reading_time_wpm":"300","show_zoom_button":"1","zoom_button_out_step":"2","zoom_button_in_step":"3","show_post_tag":"1","show_prev_next_post":"1","show_popup_post":"1","number_popup_post":"1","show_author_box":"1","show_post_related":"1","show_inline_post_related":"0"}],"override_image_size":"0","image_override":[{"single_post_thumbnail_size":"crop-500","single_post_gallery_size":"crop-500"}],"trending_post":"0","trending_post_position":"meta","trending_post_label":"Trending","sponsored_post":"0","sponsored_post_label":"Sponsored by","sponsored_post_name":"","sponsored_post_url":"","sponsored_post_logo_enable":"0","sponsored_post_logo":"","sponsored_post_desc":"","disable_ad":"0"},"jnews_primary_category":{"id":"","hide":""},"jnews_social_meta":{"fb_title":"","fb_description":"","fb_image":"","twitter_title":"","twitter_description":"","twitter_image":""},"jnews_review":[],"enable_review":"0","type":"percentage","name":"","summary":"","brand":"","sku":"","good":[{"good_text":""}],"bad":[{"bad_text":""}],"score_override":"","override_value":"","rating":[{"rating_text":"","rating_number":"10"}],"price":[{"shop":"","price":"","link":"","icon":""}],"jnews_override_counter":{"override_view_counter":"0","view_counter_number":"0","override_share_counter":"0","share_counter_number":"0","override_like_counter":"0","like_counter_number":"0","override_dislike_counter":"0","dislike_counter_number":"0"},"jnews_post_split":{"enable_post_split":"0","post_split":[{"template":"1","tag":"h2","numbering":"asc","mode":"normal","first":"0","enable_toc":"0","toc_type":"normal"}]},"footnotes":""},"categories":[54],"tags":[2300,4573,15885,3253,2162],"class_list":["post-55143","post","type-post","status-publish","format-standard","has-post-thumbnail","hentry","category-inmigracion","tag-darien","tag-migracion","tag-ninos-cruzando-la-selva-del-darien","tag-selva-del-darien","tag-venezolanos"],"amp_enabled":true,"_links":{"self":[{"href":"https:\/\/esreviral.com\/index.php?rest_route=\/wp\/v2\/posts\/55143"}],"collection":[{"href":"https:\/\/esreviral.com\/index.php?rest_route=\/wp\/v2\/posts"}],"about":[{"href":"https:\/\/esreviral.com\/index.php?rest_route=\/wp\/v2\/types\/post"}],"author":[{"embeddable":true,"href":"https:\/\/esreviral.com\/index.php?rest_route=\/wp\/v2\/users\/3"}],"replies":[{"embeddable":true,"href":"https:\/\/esreviral.com\/index.php?rest_route=%2Fwp%2Fv2%2Fcomments&post=55143"}],"version-history":[{"count":0,"href":"https:\/\/esreviral.com\/index.php?rest_route=\/wp\/v2\/posts\/55143\/revisions"}],"wp:featuredmedia":[{"embeddable":true,"href":"https:\/\/esreviral.com\/index.php?rest_route=\/wp\/v2\/media\/55144"}],"wp:attachment":[{"href":"https:\/\/esreviral.com\/index.php?rest_route=%2Fwp%2Fv2%2Fmedia&parent=55143"}],"wp:term":[{"taxonomy":"category","embeddable":true,"href":"https:\/\/esreviral.com\/index.php?rest_route=%2Fwp%2Fv2%2Fcategories&post=55143"},{"taxonomy":"post_tag","embeddable":true,"href":"https:\/\/esreviral.com\/index.php?rest_route=%2Fwp%2Fv2%2Ftags&post=55143"}],"curies":[{"name":"wp","href":"https:\/\/api.w.org\/{rel}","templated":true}]}}