{"id":55105,"date":"2024-06-07T07:48:43","date_gmt":"2024-06-07T12:48:43","guid":{"rendered":"https:\/\/esreviral.com\/?p=55105"},"modified":"2024-06-07T07:48:44","modified_gmt":"2024-06-07T12:48:44","slug":"venezuela-sera-el-pais-invitado-en-el-sexto-festival-hispanoamericano-de-escritores","status":"publish","type":"post","link":"https:\/\/esreviral.com\/?p=55105","title":{"rendered":"Venezuela ser\u00e1 el pa\u00eds invitado en el sexto Festival Hispanoamericano de Escritores"},"content":{"rendered":"\n<p>Con\u00a0Venezuela\u00a0como pa\u00eds invitado se realizar\u00e1 del 23 al 28 de septiembre el sexto Festival Hispanoamericano de Escritores, inform\u00f3 el Instituto Cervantes en su sede central en la calle Alcal\u00e1 de Madrid, en Espa\u00f1a. El encuentro ser\u00e1 en Los Llanos de Aridane, isla de La Palma, Canarias.<\/p>\n\n\n\n<p>\u201cLa edici\u00f3n de este a\u00f1o es de sumo inter\u00e9s, dado que est\u00e1 centrada en Venezuela, una de las literaturas m\u00e1s vivas en nuestros d\u00edas y muy presente en Espa\u00f1a, como muestra la antolog\u00eda recientemente publicada&nbsp;<em>Venezuela en Espa\u00f1a: cap\u00edtulos de una historia literaria extraterritorial<\/em>\u201d, expres\u00f3 durante la presentaci\u00f3n del festival Raquel Caleya, directora de cultura del Instituto Cervantes.<\/p>\n\n\n\n<p>Nicol\u00e1s Melini, director del encuentro, record\u00f3 que m\u00e1s de mil estudiantes de ense\u00f1anza media de La Palma se beneficiar\u00e1n este a\u00f1o de la programaci\u00f3n y dio a conocer la lista de escritores venezolanos invitados en esta edici\u00f3n: m\u00e1s de 20 entre narradores, poetas, cr\u00edticos y periodistas.<\/p>\n\n\n\n<p>Entre los escritores que acudir\u00e1n desde Venezuela se encuentran el narrador Jos\u00e9 Balza, los poetas \u00cdgor Barreto y Yolanda Pantin, la cuentista Silda Cordoliani, el fot\u00f3grafo de escritores Vasco Szinetar, la narradora Ana Teresa Torres y la poeta y ensayista Carmen Verde Arocha.<\/p>\n\n\n\n<p>Entre los autores venezolanos que viven en Espa\u00f1a participar\u00e1n narradores como Juan Carlos Chirinos, Juan Carlos M\u00e9ndez Gu\u00e9dez y Rodrigo Blanco Calder\u00f3n, ensayistas como Francisco Javier P\u00e9rez, autores y autoras que se desempe\u00f1an en el periodismo, el ensayo y la novela, como Michelle Roche Rodr\u00edguez, Karina Sainz Borgo y Dom\u00e9nico Chiappe, o que a\u00fan incursionan en m\u00e1s g\u00e9neros, como la microficci\u00f3n y el g\u00e9nero epistolar, en el caso de Antonio L\u00f3pez Ortega. Tambi\u00e9n residentes en Espa\u00f1a son la escritora especializada en cocina Lena Yau, el autor de libros de cuentos Slavko Zupcic, el profesor y cr\u00edtico Carlos Sandoval, la fot\u00f3grafa de escritores Lisbeth Salas y el periodista, investigador y director del\u00a0<em>Papel Literario<\/em>, suplemento del peri\u00f3dico\u00a0<em>El Nacional<\/em>, Nelson Rivera.<\/p>\n\n\n\n<p>La lista de\u00a0participantes\u00a0venezolanos se completa con los ubicados en lugares como EE UU, M\u00e9xico, Argentina y Francia, como es el caso del narrador Israel Centeno, el poeta Adalber Salas Hern\u00e1ndez, el guionista y novelista Alberto Barrera Tyszka, la poeta y editora Blanca Strepponi y el ensayista y editor Gustavo Guerrero.<\/p>\n\n\n\n<p class=\"has-text-align-center\"><strong><a href=\"https:\/\/chat.whatsapp.com\/KWkTmakY3I05kNdd2oZl6d\">\u00daNETE A NUESTRO GRUPO DE WHATSAPP PARA ESTAR INFORMADO<\/a><\/strong><\/p>\n\n\n\n<p class=\"has-text-align-right\"><strong>ElNacional.-<\/strong><\/p>\n","protected":false},"excerpt":{"rendered":"<p>M\u00e1s de 20 autores venezolanos, entre narradores, poetas, cr\u00edticos y periodistas, participar\u00e1n en el festival, que se realizar\u00e1 del 23 al 28 de septiembre en la isla de La Palma, Canarias<\/p>\n","protected":false},"author":3,"featured_media":55106,"comment_status":"open","ping_status":"open","sticky":false,"template":"","format":"standard","meta":{"jnews-multi-image_gallery":[],"jnews_single_post":{"subtitle":"","format":"standard","video":"","gallery":"","source_name":"","source_url":"","via_name":"","via_url":"","override_template":"0","override":[{"template":"4","single_blog_custom":"","parallax":"1","fullscreen":"1","layout":"right-sidebar","sidebar":"default-sidebar","second_sidebar":"default-sidebar","sticky_sidebar":"1","share_position":"top","share_float_style":"share-monocrhome","show_share_counter":"1","show_view_counter":"1","show_featured":"1","show_post_meta":"1","show_post_author":"1","show_post_author_image":"1","show_post_date":"1","post_date_format":"default","post_date_format_custom":"Y\/m\/d","show_post_category":"1","show_post_reading_time":"1","post_reading_time_wpm":"300","show_zoom_button":"1","zoom_button_out_step":"2","zoom_button_in_step":"3","show_post_tag":"1","show_prev_next_post":"1","show_popup_post":"1","number_popup_post":"1","show_author_box":"1","show_post_related":"1","show_inline_post_related":"0"}],"override_image_size":"0","image_override":[{"single_post_thumbnail_size":"crop-500","single_post_gallery_size":"crop-500"}],"trending_post":"0","trending_post_position":"meta","trending_post_label":"Trending","sponsored_post":"0","sponsored_post_label":"Sponsored by","sponsored_post_name":"","sponsored_post_url":"","sponsored_post_logo_enable":"0","sponsored_post_logo":"","sponsored_post_desc":"","disable_ad":"0"},"jnews_primary_category":{"id":"","hide":""},"jnews_social_meta":{"fb_title":"","fb_description":"","fb_image":"","twitter_title":"","twitter_description":"","twitter_image":""},"jnews_review":[],"enable_review":"0","type":"percentage","name":"","summary":"","brand":"","sku":"","good":[{"good_text":""}],"bad":[{"bad_text":""}],"score_override":"","override_value":"","rating":[{"rating_text":"","rating_number":"10"}],"price":[{"shop":"","price":"","link":"","icon":""}],"jnews_override_counter":{"override_view_counter":"0","view_counter_number":"0","override_share_counter":"0","share_counter_number":"0","override_like_counter":"0","like_counter_number":"0","override_dislike_counter":"0","dislike_counter_number":"0"},"jnews_post_split":{"enable_post_split":"0","post_split":[{"template":"1","tag":"h2","numbering":"asc","mode":"normal","first":"0","enable_toc":"0","toc_type":"normal"}]},"footnotes":""},"categories":[50],"tags":[15875,15877,15876,45,15878,56],"class_list":["post-55105","post","type-post","status-publish","format-standard","has-post-thumbnail","hentry","category-entretenimiento","tag-escritores","tag-festival-hispanoamericano","tag-festival-hispanoamericano-de-escritores","tag-noticias","tag-pais-invitado","tag-venezuela"],"amp_enabled":true,"_links":{"self":[{"href":"https:\/\/esreviral.com\/index.php?rest_route=\/wp\/v2\/posts\/55105"}],"collection":[{"href":"https:\/\/esreviral.com\/index.php?rest_route=\/wp\/v2\/posts"}],"about":[{"href":"https:\/\/esreviral.com\/index.php?rest_route=\/wp\/v2\/types\/post"}],"author":[{"embeddable":true,"href":"https:\/\/esreviral.com\/index.php?rest_route=\/wp\/v2\/users\/3"}],"replies":[{"embeddable":true,"href":"https:\/\/esreviral.com\/index.php?rest_route=%2Fwp%2Fv2%2Fcomments&post=55105"}],"version-history":[{"count":0,"href":"https:\/\/esreviral.com\/index.php?rest_route=\/wp\/v2\/posts\/55105\/revisions"}],"wp:featuredmedia":[{"embeddable":true,"href":"https:\/\/esreviral.com\/index.php?rest_route=\/wp\/v2\/media\/55106"}],"wp:attachment":[{"href":"https:\/\/esreviral.com\/index.php?rest_route=%2Fwp%2Fv2%2Fmedia&parent=55105"}],"wp:term":[{"taxonomy":"category","embeddable":true,"href":"https:\/\/esreviral.com\/index.php?rest_route=%2Fwp%2Fv2%2Fcategories&post=55105"},{"taxonomy":"post_tag","embeddable":true,"href":"https:\/\/esreviral.com\/index.php?rest_route=%2Fwp%2Fv2%2Ftags&post=55105"}],"curies":[{"name":"wp","href":"https:\/\/api.w.org\/{rel}","templated":true}]}}