{"id":55101,"date":"2024-06-07T07:38:22","date_gmt":"2024-06-07T12:38:22","guid":{"rendered":"https:\/\/esreviral.com\/?p=55101"},"modified":"2024-06-07T07:38:22","modified_gmt":"2024-06-07T12:38:22","slug":"maduro-maltrato-a-un-ministro-durante-un-acto-en-venezuela","status":"publish","type":"post","link":"https:\/\/esreviral.com\/?p=55101","title":{"rendered":"Maduro maltrat\u00f3 a un ministro durante un acto en Venezuela"},"content":{"rendered":"\n<p><strong>Nicol\u00e1s Maduro maltrat\u00f3 este jueves a su ministro de propaganda, Freddy \u00d1\u00e1\u00f1ez, durante un acto proselitista en el estado Lara, Venezuela.<\/strong><\/p>\n\n\n\n<p>En plena transmisi\u00f3n a trav\u00e9s de&nbsp;<em>Venezolana de Televisi\u00f3n (VTV)<\/em>&nbsp;y otros medios del Estado,&nbsp;<strong>Maduro reprendi\u00f3 a su ministro de Comunicaci\u00f3n e Informaci\u00f3n y le orden\u00f3 que se apartara.<\/strong><\/p>\n\n\n\n<p>El incidente ocurri\u00f3 cuando Maduro estaba pidiendo que se ayudara a una se\u00f1ora que estaba a punto de desmayarse.&nbsp;<strong>\u00ab\u00a1Qu\u00edtate de aqu\u00ed, \u00d1\u00e1\u00f1ez, qu\u00edtate de aqu\u00ed!\u00bb, espet\u00f3 el mandatario.<\/strong><\/p>\n\n\n\n<p><\/p>\n\n\n\n<p class=\"has-text-align-center\"><strong><a href=\"https:\/\/chat.whatsapp.com\/KWkTmakY3I05kNdd2oZl6d\">\u00daNETE A NUESTRO GRUPO DE WHATSAPP PARA ESTAR INFORMADO<\/a><\/strong><\/p>\n\n\n\n<p class=\"has-text-align-right\"><strong><em>Monitoreamos.com.-<\/em><\/strong><\/p>\n","protected":false},"excerpt":{"rendered":"<p> Nicol\u00e1s Maduro maltrat\u00f3 al ministro Freddy \u00d1\u00e1\u00f1ez.<\/p>\n","protected":false},"author":3,"featured_media":55102,"comment_status":"open","ping_status":"open","sticky":false,"template":"","format":"standard","meta":{"jnews-multi-image_gallery":[],"jnews_single_post":{"subtitle":"","format":"standard","video":"","gallery":"","source_name":"","source_url":"","via_name":"","via_url":"","override_template":"0","override":[{"template":"4","single_blog_custom":"","parallax":"1","fullscreen":"1","layout":"right-sidebar","sidebar":"default-sidebar","second_sidebar":"default-sidebar","sticky_sidebar":"1","share_position":"top","share_float_style":"share-monocrhome","show_share_counter":"1","show_view_counter":"1","show_featured":"1","show_post_meta":"1","show_post_author":"1","show_post_author_image":"1","show_post_date":"1","post_date_format":"default","post_date_format_custom":"Y\/m\/d","show_post_category":"1","show_post_reading_time":"1","post_reading_time_wpm":"300","show_zoom_button":"1","zoom_button_out_step":"2","zoom_button_in_step":"3","show_post_tag":"1","show_prev_next_post":"1","show_popup_post":"1","number_popup_post":"1","show_author_box":"1","show_post_related":"1","show_inline_post_related":"0"}],"override_image_size":"0","image_override":[{"single_post_thumbnail_size":"crop-500","single_post_gallery_size":"crop-500"}],"trending_post":"0","trending_post_position":"meta","trending_post_label":"Trending","sponsored_post":"0","sponsored_post_label":"Sponsored by","sponsored_post_name":"","sponsored_post_url":"","sponsored_post_logo_enable":"0","sponsored_post_logo":"","sponsored_post_desc":"","disable_ad":"0"},"jnews_primary_category":{"id":"","hide":""},"jnews_social_meta":{"fb_title":"","fb_description":"","fb_image":"","twitter_title":"","twitter_description":"","twitter_image":""},"jnews_review":[],"enable_review":"0","type":"percentage","name":"","summary":"","brand":"","sku":"","good":[{"good_text":""}],"bad":[{"bad_text":""}],"score_override":"","override_value":"","rating":[{"rating_text":"","rating_number":"10"}],"price":[{"shop":"","price":"","link":"","icon":""}],"jnews_override_counter":{"override_view_counter":"0","view_counter_number":"0","override_share_counter":"0","share_counter_number":"0","override_like_counter":"0","like_counter_number":"0","override_dislike_counter":"0","dislike_counter_number":"0"},"jnews_post_split":{"enable_post_split":"0","post_split":[{"template":"1","tag":"h2","numbering":"asc","mode":"normal","first":"0","enable_toc":"0","toc_type":"normal"}]},"footnotes":""},"categories":[59,66],"tags":[258,15873,473,1068,45,8304,56],"class_list":["post-55101","post","type-post","status-publish","format-standard","has-post-thumbnail","hentry","category-politica","category-venezuela","tag-barquisimeto","tag-freddy-nanez","tag-lara","tag-nicolas-maduro","tag-noticias","tag-presidenciales","tag-venezuela"],"amp_enabled":true,"_links":{"self":[{"href":"https:\/\/esreviral.com\/index.php?rest_route=\/wp\/v2\/posts\/55101"}],"collection":[{"href":"https:\/\/esreviral.com\/index.php?rest_route=\/wp\/v2\/posts"}],"about":[{"href":"https:\/\/esreviral.com\/index.php?rest_route=\/wp\/v2\/types\/post"}],"author":[{"embeddable":true,"href":"https:\/\/esreviral.com\/index.php?rest_route=\/wp\/v2\/users\/3"}],"replies":[{"embeddable":true,"href":"https:\/\/esreviral.com\/index.php?rest_route=%2Fwp%2Fv2%2Fcomments&post=55101"}],"version-history":[{"count":0,"href":"https:\/\/esreviral.com\/index.php?rest_route=\/wp\/v2\/posts\/55101\/revisions"}],"wp:featuredmedia":[{"embeddable":true,"href":"https:\/\/esreviral.com\/index.php?rest_route=\/wp\/v2\/media\/55102"}],"wp:attachment":[{"href":"https:\/\/esreviral.com\/index.php?rest_route=%2Fwp%2Fv2%2Fmedia&parent=55101"}],"wp:term":[{"taxonomy":"category","embeddable":true,"href":"https:\/\/esreviral.com\/index.php?rest_route=%2Fwp%2Fv2%2Fcategories&post=55101"},{"taxonomy":"post_tag","embeddable":true,"href":"https:\/\/esreviral.com\/index.php?rest_route=%2Fwp%2Fv2%2Ftags&post=55101"}],"curies":[{"name":"wp","href":"https:\/\/api.w.org\/{rel}","templated":true}]}}