{"id":55038,"date":"2024-06-05T16:21:02","date_gmt":"2024-06-05T21:21:02","guid":{"rendered":"https:\/\/esreviral.com\/?p=55038"},"modified":"2024-06-05T16:21:30","modified_gmt":"2024-06-05T21:21:30","slug":"apunalo-a-un-companero-de-escuela-y-solo-lo-van-a-cambiar-de-turno","status":"publish","type":"post","link":"https:\/\/esreviral.com\/?p=55038","title":{"rendered":"Apu\u00f1al\u00f3 a un compa\u00f1ero de escuela y solo lo van a cambiar de turno"},"content":{"rendered":"\n<p>Las familias de los alumnos que asisten a la Escuela 108 de<strong>\u00a0Laferrere<\/strong>\u00a0viven momentos de angustia. Reclaman que las autoridades les den soluciones para que sus hijos est\u00e9n a resguardo, luego de que<strong>\u00a0un estudiante apu\u00f1alara a otro.<\/strong><\/p>\n\n\n\n<p>Desde la instituci\u00f3n les dijeron a los padres que<strong>\u00a0el agresor solo va a ser cambiado de turno, pero que seguir\u00e1 yendo a clase.<\/strong><\/p>\n\n\n\n<p>El ataque ocurri\u00f3 este martes por la tarde mientras se dictaban clases, y la pelea se habr\u00eda desatado tras una discusi\u00f3n entre dos estudiantes de 13 y 16 a\u00f1os. Aunque a\u00fan se desconoce el motivo de la agresi\u00f3n, las primeras versiones indican que&nbsp;<strong>el conflicto entre ambos se origin\u00f3 luego de que una alumna asegurara que uno de los dos la hab\u00eda molestado.<\/strong><\/p>\n\n\n\n<p>\u201cFueron distintos momentos con este chico.\u00a0<strong>Hubo una ocasi\u00f3n que atac\u00f3 verbalmente a mi hija<\/strong>, la segunda vez le sac\u00f3 fotos y el tercer ataque fue ayer\u201d, cont\u00f3 la mam\u00e1 de la alumna, en di\u00e1logo con\u00a0<em>Mediod\u00eda Noticias (Eltrece).\u00a0<\/em>La mujer detall\u00f3 que su hija fue quien grab\u00f3 el video que se viraliz\u00f3 en redes.<\/p>\n\n\n\n<p>Adem\u00e1s, sostuvo que todos los d\u00edas suceden cosas similares. \u201cYo ven\u00eda hablando por cada episodio con mi hija. Habl\u00e9 varias veces con el director y la respuesta siempre fue<strong>&nbsp;\u2018si no te gusta cambiala de colegio, hay miles de instituciones\u2019<\/strong>\u201d, explic\u00f3.<\/p>\n\n\n\n<p>De igual manera y cansada de las situaciones que vive la adolescente, la madre le reiter\u00f3 el pedido para que tomara medidas al respecto. Sin embargo, la respuesta, de acuerdo a su relato, fue: \u201c\u00bfQuer\u00e9s que lo arrodille en ma\u00edz o lo ponga contra la pared?\u201d.<\/p>\n\n\n\n<p><strong>\u201cNo me dio nunca una soluci\u00f3n hasta la \u00faltima vez que le que quisieron pegar a mi hija y llam\u00e9 al consejo escolar&nbsp;<\/strong>y dije que estaba sufriendo varias agresiones de distintos chicos, entre ellos dos varones. Con la mam\u00e1 de uno habl\u00e9 y lo pudo parar, pero<strong>&nbsp;este chico sigue igual\u201d<\/strong>, asegur\u00f3.<\/p>\n\n\n\n<figure class=\"wp-block-image\"><img decoding=\"async\" src=\"https:\/\/tn.com.ar\/resizer\/7Q4U2jebdppCO62gmO8rPFgJSSs=\/767x0\/smart\/filters:format(webp)\/thumbs.vodgc.net\/1-14-s9SvKV1717585014945-1717586287.jpg\" alt=\"Video Placeholder\"\/><\/figure>\n\n\n\n<p>Por otra parte, explic\u00f3 que hoy el colegio est\u00e1 abierto porque las autoridades est\u00e1n recibiendo a los padres, pero que no hay clases. En estos encuentros, de acuerdo al testimonio de las familias, los directivos les dijeron que tomaron la decisi\u00f3n de pasar al alumno implicado al turno ma\u00f1ana.&nbsp;<strong>\u201c\u00bfQu\u00e9 ejemplo le dan a los alumnos si pod\u00e9s entrar a la escuela y apu\u00f1alar como si nada?\u201d<\/strong>, lament\u00f3.<\/p>\n\n\n\n<p><strong>\u201cEste chico se puede cruzar con mi hija en educaci\u00f3n f\u00edsica y la puede agredir.\u00a0<\/strong>La agredi\u00f3 dos horas antes de que pasara todo esto y ya ten\u00eda la navaja encima\u201d, explic\u00f3. \u201cLas veces que vine a hablar siempre se metieron con la alumna y no con el agresor, cuando entr\u00e9 y lo vi al director me puse mal y se ve eso en el video porque pens\u00e9 que era mi hija\u201d, complet\u00f3.<\/p>\n\n\n\n<p><strong><em><mark style=\"background-color:rgba(0, 0, 0, 0)\" class=\"has-inline-color has-vivid-red-color\"><a href=\"https:\/\/esreviral.com\/un-alumno-hirio-y-ataco-a-otro-con-una-navaja-en-la-escuela-delante-de-sus-companeros\/\" data-type=\"link\" data-id=\"https:\/\/esreviral.com\/un-alumno-hirio-y-ataco-a-otro-con-una-navaja-en-la-escuela-delante-de-sus-companeros\/\">Lea Tambi\u00e9n: Un alumno hiri\u00f3 y atac\u00f3 a otro con una navaja en la escuela delante de sus compa\u00f1eros<\/a><\/mark><\/em><\/strong><\/p>\n\n\n\n<p class=\"has-text-align-center\"><strong><a href=\"https:\/\/chat.whatsapp.com\/KWkTmakY3I05kNdd2oZl6d\">\u00daNETE A NUESTRO GRUPO DE WHATSAPP PARA MANTENERTE INFORMADO<\/a><\/strong><\/p>\n\n\n\n<p class=\"has-text-align-right\"><strong><em>TN.-<\/em><\/strong><\/p>\n","protected":false},"excerpt":{"rendered":"<p>Aseguran que las autoridades escolares no les brindan soluciones para mantener a sus hijos a resguardo. El esc\u00e1ndalo estall\u00f3 cuando un adolescente de 16 a\u00f1os agredi\u00f3 a un chico de 13.<\/p>\n","protected":false},"author":3,"featured_media":55039,"comment_status":"open","ping_status":"open","sticky":false,"template":"","format":"standard","meta":{"jnews-multi-image_gallery":[],"jnews_single_post":{"subtitle":"","format":"standard","video":"","gallery":"","source_name":"","source_url":"","via_name":"","via_url":"","override_template":"0","override":[{"template":"4","single_blog_custom":"","parallax":"1","fullscreen":"1","layout":"right-sidebar","sidebar":"default-sidebar","second_sidebar":"default-sidebar","sticky_sidebar":"1","share_position":"top","share_float_style":"share-monocrhome","show_share_counter":"1","show_view_counter":"1","show_featured":"1","show_post_meta":"1","show_post_author":"1","show_post_author_image":"1","show_post_date":"1","post_date_format":"default","post_date_format_custom":"Y\/m\/d","show_post_category":"1","show_post_reading_time":"1","post_reading_time_wpm":"300","show_zoom_button":"1","zoom_button_out_step":"2","zoom_button_in_step":"3","show_post_tag":"1","show_prev_next_post":"1","show_popup_post":"1","number_popup_post":"1","show_author_box":"1","show_post_related":"1","show_inline_post_related":"0"}],"override_image_size":"0","image_override":[{"single_post_thumbnail_size":"crop-500","single_post_gallery_size":"crop-500"}],"trending_post":"0","trending_post_position":"meta","trending_post_label":"Trending","sponsored_post":"0","sponsored_post_label":"Sponsored by","sponsored_post_name":"","sponsored_post_url":"","sponsored_post_logo_enable":"0","sponsored_post_logo":"","sponsored_post_desc":"","disable_ad":"0"},"jnews_primary_category":{"id":"","hide":""},"jnews_social_meta":{"fb_title":"","fb_description":"","fb_image":"","twitter_title":"","twitter_description":"","twitter_image":""},"jnews_review":[],"enable_review":"0","type":"percentage","name":"","summary":"","brand":"","sku":"","good":[{"good_text":""}],"bad":[{"bad_text":""}],"score_override":"","override_value":"","rating":[{"rating_text":"","rating_number":"10"}],"price":[{"shop":"","price":"","link":"","icon":""}],"jnews_override_counter":{"override_view_counter":"0","view_counter_number":"0","override_share_counter":"0","share_counter_number":"0","override_like_counter":"0","like_counter_number":"0","override_dislike_counter":"0","dislike_counter_number":"0"},"jnews_post_split":{"enable_post_split":"0","post_split":[{"template":"1","tag":"h2","numbering":"asc","mode":"normal","first":"0","enable_toc":"0","toc_type":"normal"}]},"footnotes":""},"categories":[58,64],"tags":[10947,44,4564,481,45,15855],"class_list":["post-55038","post","type-post","status-publish","format-standard","has-post-thumbnail","hentry","category-argentina","category-sucesos","tag-apunalado","tag-argentina","tag-escuela","tag-laferrere","tag-noticias","tag-padres"],"amp_enabled":true,"_links":{"self":[{"href":"https:\/\/esreviral.com\/index.php?rest_route=\/wp\/v2\/posts\/55038"}],"collection":[{"href":"https:\/\/esreviral.com\/index.php?rest_route=\/wp\/v2\/posts"}],"about":[{"href":"https:\/\/esreviral.com\/index.php?rest_route=\/wp\/v2\/types\/post"}],"author":[{"embeddable":true,"href":"https:\/\/esreviral.com\/index.php?rest_route=\/wp\/v2\/users\/3"}],"replies":[{"embeddable":true,"href":"https:\/\/esreviral.com\/index.php?rest_route=%2Fwp%2Fv2%2Fcomments&post=55038"}],"version-history":[{"count":0,"href":"https:\/\/esreviral.com\/index.php?rest_route=\/wp\/v2\/posts\/55038\/revisions"}],"wp:featuredmedia":[{"embeddable":true,"href":"https:\/\/esreviral.com\/index.php?rest_route=\/wp\/v2\/media\/55039"}],"wp:attachment":[{"href":"https:\/\/esreviral.com\/index.php?rest_route=%2Fwp%2Fv2%2Fmedia&parent=55038"}],"wp:term":[{"taxonomy":"category","embeddable":true,"href":"https:\/\/esreviral.com\/index.php?rest_route=%2Fwp%2Fv2%2Fcategories&post=55038"},{"taxonomy":"post_tag","embeddable":true,"href":"https:\/\/esreviral.com\/index.php?rest_route=%2Fwp%2Fv2%2Ftags&post=55038"}],"curies":[{"name":"wp","href":"https:\/\/api.w.org\/{rel}","templated":true}]}}