{"id":55001,"date":"2024-06-05T10:15:49","date_gmt":"2024-06-05T15:15:49","guid":{"rendered":"https:\/\/esreviral.com\/?p=55001"},"modified":"2024-06-05T10:15:50","modified_gmt":"2024-06-05T15:15:50","slug":"hombre-condenado-a-30-anos-de-prision-por-abusar-sexualmente-de-sus-hijastras","status":"publish","type":"post","link":"https:\/\/esreviral.com\/?p=55001","title":{"rendered":"Hombre condenado a 30 a\u00f1os de prisi\u00f3n por abusar sexualmente de sus hijastras"},"content":{"rendered":"\n<p>Como Edwuard Junior Rivera Ram\u00edrez, de 33 a\u00f1os de edad, fue identificado el hombre condenado a 30 a\u00f1os de prisi\u00f3n por su responsabilidad en el abuso sexual en contra de sus dos hijastras, de 9 y 11 a\u00f1os de edad.<\/p>\n\n\n\n<p>La madre de las v\u00edctimas, seg\u00fan inform\u00f3 el\u00a0Ministerio P\u00fablico, denunci\u00f3 los hechos el 25 de septiembre del 2022 ante el Centro de Coordinaci\u00f3n Policial del municipio Veroes, ubicado en el estado Yaracuy.<\/p>\n\n\n\n<p>Ese d\u00eda, la progenitora de las v\u00edctimas se traslad\u00f3 hasta el centro asistencial Dr. Ulacio Douglas de Farriar, ubicado en el referido municipio, debido que sus hijas presentaban un fuerte dolor abdominal y en sus partes \u00edntimas.<\/p>\n\n\n\n<p class=\"has-text-align-center\"><strong><a href=\"https:\/\/chat.whatsapp.com\/KWkTmakY3I05kNdd2oZl6d\">\u00daNETE A NUESTRO GRUPO DE WHATSAPP PARA MANTENERTE INFORMADO<\/a><\/strong><\/p>\n\n\n\n<p>Durante el chequeo m\u00e9dico le informan que las ni\u00f1as estaban contagiadas de una enfermedad por trasmisi\u00f3n sexual. Al ser interrogadas, ambas revelaron que fueron abusadas por su padrastro cuando su madre sali\u00f3 a comprar alimentos.<\/p>\n\n\n\n<p>Por tal motivo, la mujer se traslad\u00f3 hasta el Centro de Coordinaci\u00f3n Policial Jos\u00e9 Joaqu\u00edn Veroes para denunciar a su pareja en funci\u00f3n de lo sucedido. Ante tal situaci\u00f3n, el sujeto result\u00f3 aprehendido en flagrancia ese mismo d\u00eda y puesto a disposici\u00f3n inmediata del Ministerio P\u00fablico.<\/p>\n\n\n\n<p>Durante el juicio, la Fiscal\u00eda 8\u00aa de la mencionada jurisdicci\u00f3n ratific\u00f3 la acusaci\u00f3n contra Rivera Ram\u00edrez por la comisi\u00f3n de abuso sexual con penetraci\u00f3n.<\/p>\n\n\n\n<p>Una vez que la representaci\u00f3n fiscal evacu\u00f3 los medios y \u00f3rganos de pruebas por parte de la representaci\u00f3n fiscal, el Tribunal 1\u00b0 de Juicio dict\u00f3 la citada condena contra Rivera Ram\u00edrez y orden\u00f3 su reclusi\u00f3n en la sede del \u00f3rgano aprehensor.<\/p>\n\n\n\n<p class=\"has-text-align-right\"><strong><em>ElNacional.-<\/em><\/strong><\/p>\n","protected":false},"excerpt":{"rendered":"<p>La madre de las v\u00edctimas, seg\u00fan inform\u00f3 el Ministerio P\u00fablico, denunci\u00f3 los hechos el 25 de septiembre del 2022 ante el Centro de Coordinaci\u00f3n Policial del municipio Veroes<\/p>\n","protected":false},"author":3,"featured_media":55002,"comment_status":"open","ping_status":"open","sticky":false,"template":"","format":"standard","meta":{"jnews-multi-image_gallery":[],"jnews_single_post":{"subtitle":"","format":"standard","video":"","gallery":"","source_name":"","source_url":"","via_name":"","via_url":"","override_template":"0","override":[{"template":"4","single_blog_custom":"","parallax":"1","fullscreen":"1","layout":"right-sidebar","sidebar":"default-sidebar","second_sidebar":"default-sidebar","sticky_sidebar":"1","share_position":"top","share_float_style":"share-monocrhome","show_share_counter":"1","show_view_counter":"1","show_featured":"1","show_post_meta":"1","show_post_author":"1","show_post_author_image":"1","show_post_date":"1","post_date_format":"default","post_date_format_custom":"Y\/m\/d","show_post_category":"1","show_post_reading_time":"1","post_reading_time_wpm":"300","show_zoom_button":"1","zoom_button_out_step":"2","zoom_button_in_step":"3","show_post_tag":"1","show_prev_next_post":"1","show_popup_post":"1","number_popup_post":"1","show_author_box":"1","show_post_related":"1","show_inline_post_related":"0"}],"override_image_size":"0","image_override":[{"single_post_thumbnail_size":"crop-500","single_post_gallery_size":"crop-500"}],"trending_post":"0","trending_post_position":"meta","trending_post_label":"Trending","sponsored_post":"0","sponsored_post_label":"Sponsored by","sponsored_post_name":"","sponsored_post_url":"","sponsored_post_logo_enable":"0","sponsored_post_logo":"","sponsored_post_desc":"","disable_ad":"0"},"jnews_primary_category":{"id":"","hide":""},"jnews_social_meta":{"fb_title":"","fb_description":"","fb_image":"","twitter_title":"","twitter_description":"","twitter_image":""},"jnews_review":[],"enable_review":"0","type":"percentage","name":"","summary":"","brand":"","sku":"","good":[{"good_text":""}],"bad":[{"bad_text":""}],"score_override":"","override_value":"","rating":[{"rating_text":"","rating_number":"10"}],"price":[{"shop":"","price":"","link":"","icon":""}],"jnews_override_counter":{"override_view_counter":"0","view_counter_number":"0","override_share_counter":"0","share_counter_number":"0","override_like_counter":"0","like_counter_number":"0","override_dislike_counter":"0","dislike_counter_number":"0"},"jnews_post_split":{"enable_post_split":"0","post_split":[{"template":"1","tag":"h2","numbering":"asc","mode":"normal","first":"0","enable_toc":"0","toc_type":"normal"}]},"footnotes":""},"categories":[64,66],"tags":[398,182,45,78,2945,56,312],"class_list":["post-55001","post","type-post","status-publish","format-standard","has-post-thumbnail","hentry","category-sucesos","category-venezuela","tag-abuso-sexual","tag-ministerio-publico","tag-noticias","tag-policia","tag-prision","tag-venezuela","tag-yaracuy"],"amp_enabled":true,"_links":{"self":[{"href":"https:\/\/esreviral.com\/index.php?rest_route=\/wp\/v2\/posts\/55001"}],"collection":[{"href":"https:\/\/esreviral.com\/index.php?rest_route=\/wp\/v2\/posts"}],"about":[{"href":"https:\/\/esreviral.com\/index.php?rest_route=\/wp\/v2\/types\/post"}],"author":[{"embeddable":true,"href":"https:\/\/esreviral.com\/index.php?rest_route=\/wp\/v2\/users\/3"}],"replies":[{"embeddable":true,"href":"https:\/\/esreviral.com\/index.php?rest_route=%2Fwp%2Fv2%2Fcomments&post=55001"}],"version-history":[{"count":0,"href":"https:\/\/esreviral.com\/index.php?rest_route=\/wp\/v2\/posts\/55001\/revisions"}],"wp:featuredmedia":[{"embeddable":true,"href":"https:\/\/esreviral.com\/index.php?rest_route=\/wp\/v2\/media\/55002"}],"wp:attachment":[{"href":"https:\/\/esreviral.com\/index.php?rest_route=%2Fwp%2Fv2%2Fmedia&parent=55001"}],"wp:term":[{"taxonomy":"category","embeddable":true,"href":"https:\/\/esreviral.com\/index.php?rest_route=%2Fwp%2Fv2%2Fcategories&post=55001"},{"taxonomy":"post_tag","embeddable":true,"href":"https:\/\/esreviral.com\/index.php?rest_route=%2Fwp%2Fv2%2Ftags&post=55001"}],"curies":[{"name":"wp","href":"https:\/\/api.w.org\/{rel}","templated":true}]}}