{"id":54974,"date":"2024-06-05T08:24:55","date_gmt":"2024-06-05T13:24:55","guid":{"rendered":"https:\/\/esreviral.com\/?p=54974"},"modified":"2024-06-05T08:24:55","modified_gmt":"2024-06-05T13:24:55","slug":"un-alumno-hirio-y-ataco-a-otro-con-una-navaja-en-la-escuela-delante-de-sus-companeros","status":"publish","type":"post","link":"https:\/\/esreviral.com\/?p=54974","title":{"rendered":"Un alumno hiri\u00f3 y atac\u00f3 a otro con una navaja en la escuela delante de sus compa\u00f1eros"},"content":{"rendered":"\n<p>En la Escuela 108 de Laferrere, un grupo de padres encabez\u00f3 una importante protesta en la puerta luego de que\u00a0<strong>un alumno apu\u00f1alara a otro con una navaja.\u00a0<\/strong>La principal hip\u00f3tesis es que la novia del atacante de 16 a\u00f1os de edad le dijo que el adolescente de 13 a\u00f1os de edad la hab\u00eda molestado.<\/p>\n\n\n\n<p>El agresor, de 16 a\u00f1os de edad,\u00a0<strong>sac\u00f3 el arma blanca que guardaba en el bolso y atac\u00f3 a otro estudiante de 13<\/strong> a\u00f1os de edad, que fue internado con graves heridas en el cuello y el est\u00f3mago.<\/p>\n\n\n\n<p>\u201c<strong>\u00a1Asesino!&nbsp;<\/strong>\u00a1Asesino! \u00a1Mier&#8230;, hijo de p&#8230;! \u00a1Asesino!\u201d, fueron algunos de los gritos que escuch\u00f3 el atacante antes de ser subido al patrullero.<\/p>\n\n\n\n<p>Aunque a\u00fan se desconoce el motivo de la agresi\u00f3n, las primeras versiones indican que el conflicto entre ambos se origin\u00f3 luego de que\u00a0<strong>una alumna asegurara que uno de ellos la hab\u00eda molestado.<\/strong><\/p>\n\n\n\n<p class=\"has-text-align-center\"><strong><a href=\"https:\/\/chat.whatsapp.com\/KWkTmakY3I05kNdd2oZl6d\">\u00daNETE A NUESTRO GRUPO DE WHATSAPP PARA MANTENERTE INFORMADO<\/a><\/strong><\/p>\n\n\n\n<p>\u201cMi hija tambi\u00e9n es menor.&nbsp;<strong>Tres veces vine a buscar al director para avisarle.<\/strong>&nbsp;Hoy fue la \u00faltima vez que le coment\u00e9 al chab\u00f3n este. Mir\u00e1 lo que pas\u00f3. \u00a1Que salga el director a dar la cara!\u201d, grit\u00f3 una mam\u00e1.<\/p>\n\n\n\n<p>El hecho se produjo durante la tarde del martes en el establecimiento ubicado en la calle Rea\u00f1o 6748, partido de La Matanza.<\/p>\n\n\n\n<p>Los profesores fueron los primeros en asistir al alumno herido.\u00a0<strong>Improvisaron una camilla con pupitres<\/strong>\u00a0y esperaron el arribo de la ambulancia, que minutos m\u00e1s tarde lo traslad\u00f3 hasta el Hospital Simplemente Evita de Gonz\u00e1lez Cat\u00e1n, donde\u00a0<strong>permanece estable y fuera de peligro.<\/strong><\/p>\n\n\n\n<figure class=\"wp-block-image size-large\"><img decoding=\"async\" src=\"https:\/\/tn.com.ar\/resizer\/6Sbpwqdxir2cCiZ9XdmuLSUN0NE=\/1440x0\/smart\/filters:format(webp)\/cloudfront-us-east-1.images.arcpublishing.com\/artear\/O3ZFWTE2IZBP3IUGHZ3GRR62TI.png\" alt=\"\"\/><\/figure>\n\n\n\n<p>El medio SM Noticias revel\u00f3 que Sara, mam\u00e1 del alumno agredido, se present\u00f3 en la escuela visiblemente afectada por el shock de la noticia y que tambi\u00e9n apunt\u00f3 contra el director educativo, quien ante advertencias previas&nbsp;<strong>le habr\u00eda contestado a la mujer que cambiara a su hijo de colegio.<\/strong><\/p>\n\n\n\n<p>Por la noche, y ante la presi\u00f3n de los padres que aguardaban en la calle, varios efectivos policiales se llevaron al agresor, que se encuentra\u00a0<strong>a disposici\u00f3n de la Justicia de menores de La Matanza<\/strong>.<\/p>\n\n\n\n<p class=\"has-text-align-right\"><strong><em>TN.-<\/em><\/strong><\/p>\n","protected":false},"excerpt":{"rendered":"<p>El agresor fue detenido luego de herir gravemente a un estudiante en el cuello y el estomago.<\/p>\n","protected":false},"author":3,"featured_media":54975,"comment_status":"open","ping_status":"open","sticky":false,"template":"","format":"standard","meta":{"jnews-multi-image_gallery":[],"jnews_single_post":{"subtitle":"","format":"standard","video":"","gallery":"","source_name":"","source_url":"","via_name":"","via_url":"","override_template":"0","override":[{"template":"4","single_blog_custom":"","parallax":"1","fullscreen":"1","layout":"right-sidebar","sidebar":"default-sidebar","second_sidebar":"default-sidebar","sticky_sidebar":"1","share_position":"top","share_float_style":"share-monocrhome","show_share_counter":"1","show_view_counter":"1","show_featured":"1","show_post_meta":"1","show_post_author":"1","show_post_author_image":"1","show_post_date":"1","post_date_format":"default","post_date_format_custom":"Y\/m\/d","show_post_category":"1","show_post_reading_time":"1","post_reading_time_wpm":"300","show_zoom_button":"1","zoom_button_out_step":"2","zoom_button_in_step":"3","show_post_tag":"1","show_prev_next_post":"1","show_popup_post":"1","number_popup_post":"1","show_author_box":"1","show_post_related":"1","show_inline_post_related":"0"}],"override_image_size":"0","image_override":[{"single_post_thumbnail_size":"crop-500","single_post_gallery_size":"crop-500"}],"trending_post":"0","trending_post_position":"meta","trending_post_label":"Trending","sponsored_post":"0","sponsored_post_label":"Sponsored by","sponsored_post_name":"","sponsored_post_url":"","sponsored_post_logo_enable":"0","sponsored_post_logo":"","sponsored_post_desc":"","disable_ad":"0"},"jnews_primary_category":{"id":"","hide":""},"jnews_social_meta":{"fb_title":"","fb_description":"","fb_image":"","twitter_title":"","twitter_description":"","twitter_image":""},"jnews_review":[],"enable_review":"0","type":"percentage","name":"","summary":"","brand":"","sku":"","good":[{"good_text":""}],"bad":[{"bad_text":""}],"score_override":"","override_value":"","rating":[{"rating_text":"","rating_number":"10"}],"price":[{"shop":"","price":"","link":"","icon":""}],"jnews_override_counter":{"override_view_counter":"0","view_counter_number":"0","override_share_counter":"0","share_counter_number":"0","override_like_counter":"0","like_counter_number":"0","override_dislike_counter":"0","dislike_counter_number":"0"},"jnews_post_split":{"enable_post_split":"0","post_split":[{"template":"1","tag":"h2","numbering":"asc","mode":"normal","first":"0","enable_toc":"0","toc_type":"normal"}]},"footnotes":""},"categories":[58,64],"tags":[1221,44,10776,4564,564,481,15831,45],"class_list":["post-54974","post","type-post","status-publish","format-standard","has-post-thumbnail","hentry","category-argentina","category-sucesos","tag-agresion","tag-argentina","tag-arma-blanca","tag-escuela","tag-la-matanza","tag-laferrere","tag-navaja","tag-noticias"],"amp_enabled":true,"_links":{"self":[{"href":"https:\/\/esreviral.com\/index.php?rest_route=\/wp\/v2\/posts\/54974"}],"collection":[{"href":"https:\/\/esreviral.com\/index.php?rest_route=\/wp\/v2\/posts"}],"about":[{"href":"https:\/\/esreviral.com\/index.php?rest_route=\/wp\/v2\/types\/post"}],"author":[{"embeddable":true,"href":"https:\/\/esreviral.com\/index.php?rest_route=\/wp\/v2\/users\/3"}],"replies":[{"embeddable":true,"href":"https:\/\/esreviral.com\/index.php?rest_route=%2Fwp%2Fv2%2Fcomments&post=54974"}],"version-history":[{"count":0,"href":"https:\/\/esreviral.com\/index.php?rest_route=\/wp\/v2\/posts\/54974\/revisions"}],"wp:featuredmedia":[{"embeddable":true,"href":"https:\/\/esreviral.com\/index.php?rest_route=\/wp\/v2\/media\/54975"}],"wp:attachment":[{"href":"https:\/\/esreviral.com\/index.php?rest_route=%2Fwp%2Fv2%2Fmedia&parent=54974"}],"wp:term":[{"taxonomy":"category","embeddable":true,"href":"https:\/\/esreviral.com\/index.php?rest_route=%2Fwp%2Fv2%2Fcategories&post=54974"},{"taxonomy":"post_tag","embeddable":true,"href":"https:\/\/esreviral.com\/index.php?rest_route=%2Fwp%2Fv2%2Ftags&post=54974"}],"curies":[{"name":"wp","href":"https:\/\/api.w.org\/{rel}","templated":true}]}}