{"id":54905,"date":"2024-06-04T07:13:27","date_gmt":"2024-06-04T12:13:27","guid":{"rendered":"https:\/\/esreviral.com\/?p=54905"},"modified":"2024-06-04T07:13:28","modified_gmt":"2024-06-04T12:13:28","slug":"biden-prepara-orden-que-suspendera-solicitudes-de-asilo-ante-aumento-de-inmigrantes-en-frontera","status":"publish","type":"post","link":"https:\/\/esreviral.com\/?p=54905","title":{"rendered":"Biden prepara orden que suspender\u00e1 solicitudes de asilo ante aumento de inmigrantes en frontera"},"content":{"rendered":"\n<p>La Casa Blanca est\u00e1 anunciando a los legisladores que el presidente Joe Biden se prepara para aprobar una orden ejecutiva que suspender\u00e1 las solicitudes de asilo en la frontera entre Estados Unidos y M\u00e9xico una vez que el n\u00famero de encuentros diarios llegue a 2,500 entre los cruces fronterizos, y la frontera se reabrir\u00e1 una vez que esa cifra se reduzca a 1.500, seg\u00fan varias personas familiarizadas con las discusiones.<\/p>\n\n\n\n<p>El impacto de el n\u00famero de 2.500 significa que la frontera podr\u00eda cerrarse para inmigrantes que buscan asilo de manera efectiva e inmediata, dado que las cifras diarias actuales superan esa cantidad.<\/p>\n\n\n\n<p class=\"has-text-align-center\"><strong><a href=\"https:\/\/chat.whatsapp.com\/KWkTmakY3I05kNdd2oZl6d\">\u00daNETE A NUESTRO GRUPO DE WHATSAAP Y MANTENTE INFORMADO<\/a><\/strong><\/p>\n\n\n\n<p>Cinco personas familiarizadas con las discusiones confirmaron la cifra de 2.500 el lunes, y dos de esas personas confirmaron la cantidad de 1.500. Las cifras son para promedios diarios durante el transcurso de una semana. Todas las personas insistieron en mantener el anonimato para discutir una orden ejecutiva que a\u00fan no es p\u00fablica. Se espera que contin\u00faen otras actividades fronterizas, como el comercio.<\/p>\n\n\n\n<p>Funcionarios s\u00e9nior de la Casa Blanca han estado informando a los legisladores en el Capitolio sobre los detalles de la orden planeada antes de su implementaci\u00f3n formal el martes.<\/p>\n\n\n\n<p>Biden ha estado deliberando durante meses sobre actuar por su cuenta despu\u00e9s que la ley bipartidista para tomar medidas dr\u00e1sticas contra el asilo en la frontera colapsara debido a que los republicanos desertaron en masa del acuerdo a instancias de Donald Trump, el expresidente y presunto candidato presidencial republicano. Biden sigui\u00f3 considerando una acci\u00f3n ejecutiva a pesar de que el n\u00famero de cruces ilegales en la frontera entre Estados Unidos y M\u00e9xico ha disminuido durante meses, en parte debido a un esfuerzo intensificado por parte de M\u00e9xico.<\/p>\n\n\n\n<p><strong><em><mark style=\"background-color:rgba(0, 0, 0, 0)\" class=\"has-inline-color has-vivid-red-color\"><a href=\"https:\/\/esreviral.com\/quienes-podran-viajar-a-estados-unidos-sin-visa-a-partir-de-junio\/\" data-type=\"link\" data-id=\"https:\/\/esreviral.com\/quienes-podran-viajar-a-estados-unidos-sin-visa-a-partir-de-junio\/\">Lea Tambi\u00e9n: Qui\u00e9nes podr\u00e1n viajar a Estados Unidos sin visa a partir de junio<\/a><\/mark><\/em><\/strong><\/p>\n\n\n\n<p class=\"has-text-align-right\"><strong><em>latimes.com.-<\/em><\/strong><\/p>\n","protected":false},"excerpt":{"rendered":"<p>Se prev\u00e9 que el presidente dem\u00f3crata revele sus planes \u2014que representan su medida unilateral m\u00e1s agresiva hasta el momento para controlar los n\u00fameros en la frontera\u2014 en la Casa Blanca hoy martes<\/p>\n","protected":false},"author":3,"featured_media":54906,"comment_status":"open","ping_status":"open","sticky":false,"template":"","format":"standard","meta":{"jnews-multi-image_gallery":[],"jnews_single_post":{"subtitle":"","format":"standard","video":"","gallery":"","source_name":"","source_url":"","via_name":"","via_url":"","override_template":"0","override":[{"template":"4","single_blog_custom":"","parallax":"1","fullscreen":"1","layout":"right-sidebar","sidebar":"default-sidebar","second_sidebar":"default-sidebar","sticky_sidebar":"1","share_position":"top","share_float_style":"share-monocrhome","show_share_counter":"1","show_view_counter":"1","show_featured":"1","show_post_meta":"1","show_post_author":"1","show_post_author_image":"1","show_post_date":"1","post_date_format":"default","post_date_format_custom":"Y\/m\/d","show_post_category":"1","show_post_reading_time":"1","post_reading_time_wpm":"300","show_zoom_button":"1","zoom_button_out_step":"2","zoom_button_in_step":"3","show_post_tag":"1","show_prev_next_post":"1","show_popup_post":"1","number_popup_post":"1","show_author_box":"1","show_post_related":"1","show_inline_post_related":"0"}],"override_image_size":"0","image_override":[{"single_post_thumbnail_size":"crop-500","single_post_gallery_size":"crop-500"}],"trending_post":"0","trending_post_position":"meta","trending_post_label":"Trending","sponsored_post":"0","sponsored_post_label":"Sponsored by","sponsored_post_name":"","sponsored_post_url":"","sponsored_post_logo_enable":"0","sponsored_post_logo":"","sponsored_post_desc":"","disable_ad":"0"},"jnews_primary_category":{"id":"","hide":""},"jnews_social_meta":{"fb_title":"","fb_description":"","fb_image":"","twitter_title":"","twitter_description":"","twitter_image":""},"jnews_review":[],"enable_review":"0","type":"percentage","name":"","summary":"","brand":"","sku":"","good":[{"good_text":""}],"bad":[{"bad_text":""}],"score_override":"","override_value":"","rating":[{"rating_text":"","rating_number":"10"}],"price":[{"shop":"","price":"","link":"","icon":""}],"jnews_override_counter":{"override_view_counter":"0","view_counter_number":"0","override_share_counter":"0","share_counter_number":"0","override_like_counter":"0","like_counter_number":"0","override_dislike_counter":"0","dislike_counter_number":"0"},"jnews_post_split":{"enable_post_split":"0","post_split":[{"template":"1","tag":"h2","numbering":"asc","mode":"normal","first":"0","enable_toc":"0","toc_type":"normal"}]},"footnotes":""},"categories":[88],"tags":[15797,184,2039,136,2967,45,15798,4947],"class_list":["post-54905","post","type-post","status-publish","format-standard","has-post-thumbnail","hentry","category-internacionales","tag-aumento-de-inmigrantes","tag-biden","tag-casa-blanca","tag-estados-unidos","tag-inmigrantes","tag-noticias","tag-solicitudes-de-asilo","tag-washington"],"amp_enabled":true,"_links":{"self":[{"href":"https:\/\/esreviral.com\/index.php?rest_route=\/wp\/v2\/posts\/54905"}],"collection":[{"href":"https:\/\/esreviral.com\/index.php?rest_route=\/wp\/v2\/posts"}],"about":[{"href":"https:\/\/esreviral.com\/index.php?rest_route=\/wp\/v2\/types\/post"}],"author":[{"embeddable":true,"href":"https:\/\/esreviral.com\/index.php?rest_route=\/wp\/v2\/users\/3"}],"replies":[{"embeddable":true,"href":"https:\/\/esreviral.com\/index.php?rest_route=%2Fwp%2Fv2%2Fcomments&post=54905"}],"version-history":[{"count":0,"href":"https:\/\/esreviral.com\/index.php?rest_route=\/wp\/v2\/posts\/54905\/revisions"}],"wp:featuredmedia":[{"embeddable":true,"href":"https:\/\/esreviral.com\/index.php?rest_route=\/wp\/v2\/media\/54906"}],"wp:attachment":[{"href":"https:\/\/esreviral.com\/index.php?rest_route=%2Fwp%2Fv2%2Fmedia&parent=54905"}],"wp:term":[{"taxonomy":"category","embeddable":true,"href":"https:\/\/esreviral.com\/index.php?rest_route=%2Fwp%2Fv2%2Fcategories&post=54905"},{"taxonomy":"post_tag","embeddable":true,"href":"https:\/\/esreviral.com\/index.php?rest_route=%2Fwp%2Fv2%2Ftags&post=54905"}],"curies":[{"name":"wp","href":"https:\/\/api.w.org\/{rel}","templated":true}]}}