{"id":54801,"date":"2024-06-01T09:07:45","date_gmt":"2024-06-01T14:07:45","guid":{"rendered":"https:\/\/esreviral.com\/?p=54801"},"modified":"2024-06-01T09:07:46","modified_gmt":"2024-06-01T14:07:46","slug":"todos-los-aumentos-previstos-para-junio-2024","status":"publish","type":"post","link":"https:\/\/esreviral.com\/?p=54801","title":{"rendered":"Todos los aumentos previstos para junio 2024"},"content":{"rendered":"\n<p>En<strong>&nbsp;junio<\/strong>, hay al menos&nbsp;<strong>ocho<\/strong>&nbsp;aumentos confirmados que presionar\u00e1n sobre el bolsillo de los argentinos, a pesar de que las consultoras pronostican que la&nbsp;<strong>inflaci\u00f3n<\/strong>&nbsp;de mayo volver\u00e1 a ubicarse por debajo de un d\u00edgito, tras registrar una variaci\u00f3n mensual de precios del<strong>&nbsp;8,8%<\/strong>&nbsp;en abril.<\/p>\n\n\n\n<p>As\u00ed, el sexto mes del a\u00f1o estar\u00e1 marcado por alzas de los<strong>&nbsp;combustibles<\/strong>,<strong>&nbsp;alquileres<\/strong>,&nbsp;<strong>peajes<\/strong>,&nbsp;<strong>colegios privados<\/strong>,&nbsp;<strong>subte<\/strong>, telefon\u00eda, entre otros servicios que sumar\u00e1n al \u00edndice general de precios.<\/p>\n\n\n\n<p><strong><mark style=\"background-color:rgba(0, 0, 0, 0)\" class=\"has-inline-color has-vivid-red-color\">Alquileres<\/mark><\/strong><\/p>\n\n\n\n<p>Los inquilinos que firmaron un&nbsp;<strong>contrato<\/strong>&nbsp;bajo la&nbsp;<strong>Ley de Alquileres&nbsp;<\/strong>-que actualiza el precio anual a trav\u00e9s del \u00cdndice de Contratos de Locaci\u00f3n (ICL)- tendr\u00e1n un&nbsp;<strong>aumento de 233,7%<\/strong>&nbsp;en junio.<\/p>\n\n\n\n<p>A pesar de la derogaci\u00f3n de la&nbsp;<strong>ley 27.551 con el mega DNU&nbsp;<\/strong>impulsado por la gesti\u00f3n de Javier Milei, los contratos en curso&nbsp;<strong>deben ser respetados hasta su fecha de vencimiento<\/strong>. Esto significa que mientras el acuerdo est\u00e9 vigente, todos los t\u00e9rminos y condiciones se aplicar\u00e1n hasta el momento de su finalizaci\u00f3n.<\/p>\n\n\n\n<figure class=\"wp-block-image size-full\"><img fetchpriority=\"high\" decoding=\"async\" width=\"879\" height=\"586\" src=\"https:\/\/esreviral.com\/wp-content\/uploads\/2023\/07\/AnyConv.com__los-precios-de-alquiler-aumentaron-un-704percent-3EL6MDBRTFDTBGLKLTTCZMIZUQ.webp\" alt=\"\" class=\"wp-image-39150\" srcset=\"https:\/\/esreviral.com\/wp-content\/uploads\/2023\/07\/AnyConv.com__los-precios-de-alquiler-aumentaron-un-704percent-3EL6MDBRTFDTBGLKLTTCZMIZUQ.webp 879w, https:\/\/esreviral.com\/wp-content\/uploads\/2023\/07\/AnyConv.com__los-precios-de-alquiler-aumentaron-un-704percent-3EL6MDBRTFDTBGLKLTTCZMIZUQ-300x200.webp 300w, https:\/\/esreviral.com\/wp-content\/uploads\/2023\/07\/AnyConv.com__los-precios-de-alquiler-aumentaron-un-704percent-3EL6MDBRTFDTBGLKLTTCZMIZUQ-768x512.webp 768w, https:\/\/esreviral.com\/wp-content\/uploads\/2023\/07\/AnyConv.com__los-precios-de-alquiler-aumentaron-un-704percent-3EL6MDBRTFDTBGLKLTTCZMIZUQ-750x500.webp 750w\" sizes=\"(max-width: 879px) 100vw, 879px\" \/><\/figure>\n\n\n\n<p>En ese sentido, aquellos que alquilaron bajo la ley tendr\u00e1n que afrontar<strong>&nbsp;subas cercanas al 233%<\/strong>&nbsp;anual en los valores a pagar. De esta manera, junio anota otro r\u00e9cord para el \u00cdndice de Contratos de Locaci\u00f3n (ICL), que realiza el Banco Central (BCRA) sobre la base de la inflaci\u00f3n y los salarios.<\/p>\n\n\n\n<p>Esta f\u00f3rmula se aplica \u00fanicamente a los<strong>&nbsp;alquileres iniciados&nbsp;<\/strong>entre el<strong>&nbsp;1\u00b0 de julio de 2020 y el 17 de octubre de 2023<\/strong>.<\/p>\n\n\n\n<p><strong><mark style=\"background-color:rgba(0, 0, 0, 0)\" class=\"has-inline-color has-vivid-red-color\">Naftas<\/mark><\/strong><\/p>\n\n\n\n<p>El Gobierno desdobl\u00f3 la actualizaci\u00f3n de&nbsp;<strong>impuestos a los combustibles<\/strong>&nbsp;l\u00edquidos (ICL) y al di\u00f3xido de carbono (IDC) que se traslada directo al precio del litro de&nbsp;<strong>nafta y gasoil<\/strong>. El s\u00e1bado&nbsp;<strong>1 de junio<\/strong>, se aplicar\u00e1 un&nbsp;<strong>aumento parcial&nbsp;<\/strong>que rondar\u00e1 el&nbsp;<strong>1,2%<\/strong>. A principios del julio, se volver\u00e1 a dar un nuevo incremento.<\/p>\n\n\n\n<p>Con el ajuste en los grav\u00e1menes, el litro de&nbsp;<strong>nafta s\u00faper<\/strong>&nbsp;subir\u00e1 $10,82 sobre los valores vigentes y en el&nbsp;<strong>gasoil<\/strong>&nbsp;$9,18, es decir, un alza del&nbsp;<strong>1,2%<\/strong>&nbsp;y&nbsp;<strong>1%<\/strong>, respectivamente.<\/p>\n\n\n\n<figure class=\"wp-block-image size-full\"><img decoding=\"async\" width=\"920\" height=\"518\" src=\"https:\/\/esreviral.com\/wp-content\/uploads\/2024\/05\/AnyConv.com__surtidor-nafta-ypf-e1667475402877.webp\" alt=\"\" class=\"wp-image-54594\" srcset=\"https:\/\/esreviral.com\/wp-content\/uploads\/2024\/05\/AnyConv.com__surtidor-nafta-ypf-e1667475402877.webp 920w, https:\/\/esreviral.com\/wp-content\/uploads\/2024\/05\/AnyConv.com__surtidor-nafta-ypf-e1667475402877-300x169.webp 300w, https:\/\/esreviral.com\/wp-content\/uploads\/2024\/05\/AnyConv.com__surtidor-nafta-ypf-e1667475402877-768x432.webp 768w, https:\/\/esreviral.com\/wp-content\/uploads\/2024\/05\/AnyConv.com__surtidor-nafta-ypf-e1667475402877-750x422.webp 750w\" sizes=\"(max-width: 920px) 100vw, 920px\" \/><\/figure>\n\n\n\n<p>En caso de que&nbsp;<strong>YPF&nbsp;<\/strong>aplique un<strong>&nbsp;aumento&nbsp;<\/strong>del 1,2% sobre los precios vigentes en la Ciudad de Buenos Aires los valores llegar\u00edan a:<\/p>\n\n\n\n<ul class=\"wp-block-list\">\n<li><strong>Nafta s\u00faper<\/strong>: de $870 a<strong>&nbsp;$881<\/strong>.<\/li>\n\n\n\n<li><strong>Nafta premium<\/strong>: pasar\u00eda de $1074 a&nbsp;<strong>$1087<\/strong>.<\/li>\n<\/ul>\n\n\n\n<p><strong><mark style=\"background-color:rgba(0, 0, 0, 0)\" class=\"has-inline-color has-vivid-red-color\">Colegios privados<\/mark><\/strong><\/p>\n\n\n\n<p>Las cuotas de los&nbsp;<strong>colegios privados<\/strong>&nbsp;con subvenci\u00f3n estatal de CABA y provincia de Buenos Aires&nbsp;<strong>aumentar\u00e1n<\/strong>&nbsp;en&nbsp;<strong>junio<\/strong>. Los<strong>&nbsp;aranceles<\/strong>&nbsp;de los establecimientos educativos porte\u00f1os suben&nbsp;<strong>6,6%&nbsp;<\/strong>y<strong>&nbsp;7,5%&nbsp;<\/strong>enlos bonaerenses. Abarcan al&nbsp;<strong>nivel inicial<\/strong>,<strong>&nbsp;primario<\/strong>,&nbsp;<strong>secundario<\/strong>,&nbsp;<strong>t\u00e9cnico, agrario<\/strong>&nbsp;y&nbsp;<strong>superior<\/strong>.<\/p>\n\n\n\n<p>Los aranceles de los&nbsp;<strong>colegios privados bonaerenses&nbsp;<\/strong>quedan de la siguiente manera:<\/p>\n\n\n\n<ul class=\"wp-block-list\">\n<li><strong>Nivel inicial y primario<\/strong>: las cuotas de los establecimientos con el 100% de aporte estatal ser\u00e1n de&nbsp;<strong>$18.760<\/strong>&nbsp;y&nbsp;<strong>$84.770&nbsp;<\/strong>para los que tienen el&nbsp;<strong>40%&nbsp;<\/strong>en junio de 2024.<\/li>\n\n\n\n<li><strong>Secundaria<\/strong>: var\u00edan entre&nbsp;<strong>$20.680&nbsp;<\/strong>y<strong>&nbsp;$110.150<\/strong>, de acuerdo con la subvenci\u00f3n.<\/li>\n\n\n\n<li><strong>Secundaria t\u00e9cnica<\/strong>, agraria y especializadas en arte: las cuotas de mayo ir\u00e1n de $23.840 a&nbsp;<strong>$126.070<\/strong>.<\/li>\n\n\n\n<li><strong>Nivel superior<\/strong>: los aranceles van desde $25.119 hasta&nbsp;<strong>$100.080&nbsp;<\/strong>en el sexto mes de 2024.<\/li>\n<\/ul>\n\n\n\n<figure class=\"wp-block-image size-large\"><img decoding=\"async\" src=\"https:\/\/tn.com.ar\/resizer\/i-g-sSBuADErrUGQTXaQ4yzp2OA=\/1440x0\/smart\/filters:format(webp)\/cloudfront-us-east-1.images.arcpublishing.com\/artear\/PFFTMDSTAVCT5LS5M6RD2RIP7Q.png\" alt=\"\"\/><\/figure>\n\n\n\n<p>En el caso de la Ciudad de Buenos Aires, las cuotas ser\u00e1n las siguientes en junio:<\/p>\n\n\n\n<ul class=\"wp-block-list\">\n<li><strong>Nivel inicial y primario<\/strong>: las cuotas van desde&nbsp;<strong>$23.756&nbsp;<\/strong>y&nbsp;<strong>$109.891<\/strong>, de acuerdo a la subvenci\u00f3n estatal que va del 100 al 40%.<\/li>\n\n\n\n<li><strong>Escuelas medias \u201ccomunes\u201d&nbsp;<\/strong>(secundario): los aranceles ir\u00e1n de los&nbsp;<strong>$26.206<\/strong>&nbsp;y<strong>&nbsp;$142.820<\/strong><\/li>\n\n\n\n<li><strong>Secundarios t\u00e9cnicos<\/strong>: los nuevos valores en junio van de<strong>&nbsp;$41.528<\/strong>&nbsp;y<strong>&nbsp;$157.582<\/strong>.<\/li>\n<\/ul>\n\n\n\n<p><strong><mark style=\"background-color:rgba(0, 0, 0, 0)\" class=\"has-inline-color has-vivid-red-color\">Peajes<\/mark><\/strong><\/p>\n\n\n\n<p>Los <strong>peajes<\/strong> de las&nbsp;<strong>autopistas porte\u00f1as&nbsp;<\/strong>aumentan un&nbsp;<strong>35%<\/strong>&nbsp;en el inicio de<strong>&nbsp;junio<\/strong>. El nuevo&nbsp;<strong>cuadro tarifario<\/strong>&nbsp;supera los&nbsp;<strong>$3000&nbsp;<\/strong>para los veh\u00edculos particulares en hora pico. Se trata del \u00faltimo tramo del&nbsp;<strong>incremento del 185%<\/strong>&nbsp;sobre las tarifas que decidi\u00f3 el gobierno de la Ciudad de Buenos Aires.<\/p>\n\n\n\n<p>El alza incluye a las Autopistas 25 de Mayo, Perito Moreno, Illia, Retiro II, Sarmiento, Salguero, Alberti y Paseo del Bajo. Los&nbsp;<strong>valores<\/strong>&nbsp;rigen&nbsp;<strong>a partir del s\u00e1bado 1\u00b0 de junio<\/strong>. En mayo, las tarifas subieron 150%.<\/p>\n\n\n\n<p><strong><mark style=\"background-color:rgba(0, 0, 0, 0)\" class=\"has-inline-color has-vivid-red-color\">Subte<\/mark><\/strong><\/p>\n\n\n\n<p>Desde el 1 de junio, viajar en&nbsp;<strong>subte<\/strong>&nbsp;ser\u00e1&nbsp;<strong>$74<\/strong>&nbsp;m\u00e1s caro. La tarifa costar\u00e1&nbsp;<strong>$650<\/strong>. En el caso de los usuarios del premetro abonar\u00e1n un boleto de<strong>&nbsp;$227,50<\/strong>, a pesar del fallo de la Justicia porte\u00f1a que suspendi\u00f3 el cronograma de aumentos hasta el 10 de julio inclusive.<\/p>\n\n\n\n<p><strong><mark style=\"background-color:rgba(0, 0, 0, 0)\" class=\"has-inline-color has-vivid-red-color\">Tarifas de luz y gas<\/mark><\/strong><\/p>\n\n\n\n<p>Por&nbsp;<strong>decreto<\/strong>, el Gobierno estableci\u00f3 un esquema de transici\u00f3n para avanzar en la&nbsp;<strong>quita de subsidios<\/strong>&nbsp;a las&nbsp;<strong>tarifas de luz y gas&nbsp;<\/strong>de los&nbsp;<strong>hogares<\/strong>&nbsp;de&nbsp;<strong>ingresos medios y bajos<\/strong>. La medida busca<strong>&nbsp;trasladar el costo real de la energ\u00eda&nbsp;<\/strong>entre<strong>&nbsp;junio y noviembre&nbsp;<\/strong>de 2024.<\/p>\n\n\n\n<p>A partir del s\u00e1bado 1 de junio, los consumidores que se agrupan en los&nbsp;<strong>niveles 2 y 3<\/strong>&nbsp;<strong>dejar\u00e1n de recibir<\/strong>&nbsp;asistencia estatal de forma gradual. Sin embargo,&nbsp;<strong>a\u00fan no se inform\u00f3 de cu\u00e1nto ser\u00e1 el incremento de las tarifas<\/strong>.<\/p>\n\n\n\n<figure class=\"wp-block-image size-large\"><img decoding=\"async\" src=\"https:\/\/tn.com.ar\/resizer\/of1t_R39fVLMiJWEvC7zwnd6UgE=\/1440x0\/smart\/filters:format(webp)\/cloudfront-us-east-1.images.arcpublishing.com\/artear\/WUU42VVICNB7VDJURKESG5Q2VA.jpg\" alt=\"\"\/><\/figure>\n\n\n\n<p><strong><mark style=\"background-color:rgba(0, 0, 0, 0)\" class=\"has-inline-color has-vivid-red-color\">Cable y celular<\/mark><\/strong><\/p>\n\n\n\n<p>Las empresas comenzaron a anticipar a sus clientes que, a partir de los primeros d\u00edas de junio, llevar\u00e1n a cabo un nuevo retoque de tarifas del 2024, con un<strong>&nbsp;incremento que rondar\u00e1 entre el 8 y el 20%<\/strong>, seg\u00fan el servicio y la operadora.<\/p>\n\n\n\n<p><strong><mark style=\"background-color:rgba(0, 0, 0, 0)\" class=\"has-inline-color has-vivid-red-color\">Casas particulares<\/mark><\/strong><\/p>\n\n\n\n<p>La&nbsp;<strong>Comisi\u00f3n de Trabajo en Casas Particulares<\/strong>&nbsp;defini\u00f3 un&nbsp;<strong>nuevo aumento<\/strong>&nbsp;sobre las remuneraciones m\u00ednimas del personal que realiza<strong>&nbsp;tareas dom\u00e9sticas<\/strong>. El incremento se dividi\u00f3 en dos cuotas:&nbsp;<strong>11%<\/strong>&nbsp;en abril y otro&nbsp;<strong>7%<\/strong>&nbsp;en&nbsp;<strong>mayo&nbsp;<\/strong>no acumulativo, sobre la base de los salarios pagados en marzo.<\/p>\n\n\n\n<p>De esta manera, los empleadores deber\u00e1n pagar en los&nbsp;<strong>primeros d\u00edas de junio una suba del 7%&nbsp;<\/strong>correspondiente al \u00faltimo tramo, que rige en los salarios de&nbsp;<strong>mayo<\/strong>. Las escalas son:<\/p>\n\n\n\n<ul class=\"wp-block-list\">\n<li>Supervisores con retiro: $2800 la&nbsp;<strong>hora<\/strong>&nbsp;y $349.374 el&nbsp;<strong>mes&nbsp;<\/strong>trabajado;<\/li>\n\n\n\n<li>Supervisores sin retiro: $3067 y $389.163;<\/li>\n\n\n\n<li>Personal para<strong>&nbsp;tareas espec\u00edficas<\/strong>&nbsp;con retiro:<strong>&nbsp;$2651&nbsp;<\/strong>y&nbsp;<strong>$324.588<\/strong>;<\/li>\n\n\n\n<li>Personal para tareas espec\u00edficas sin retiro: $2907 y $361.322;<\/li>\n\n\n\n<li>Caseros: $2504 y $316.688;<\/li>\n\n\n\n<li><strong>Asistencia y cuidado de personas<\/strong>&nbsp;con retiro:la hora<strong>&nbsp;$2504&nbsp;<\/strong>y el mes trabajado&nbsp;<strong>$316.688;<\/strong><\/li>\n\n\n\n<li>Asistencia y cuidado de personas sin retiro: $2800 y $352.915;<\/li>\n\n\n\n<li>Personal para&nbsp;<strong>tareas generales&nbsp;<\/strong>con retiro:<strong>&nbsp;$2322&nbsp;<\/strong>y&nbsp;<strong>$284.794<\/strong>;<\/li>\n\n\n\n<li>Personal para tareas generales sin retiro: $2504 y $316.688;<\/li>\n<\/ul>\n\n\n\n<p class=\"has-text-align-right\"><strong><em>TN.-<\/em><\/strong><\/p>\n","protected":false},"excerpt":{"rendered":"<p>Hay al menos ocho incrementos programados para el sexto mes del a\u00f1o que impactar\u00e1n en el \u00edndice general de precios. Cu\u00e1les ser\u00e1n las subas m\u00e1s importantes que comenzar\u00e1n a regir en los pr\u00f3ximos d\u00edas.<\/p>\n","protected":false},"author":3,"featured_media":54802,"comment_status":"open","ping_status":"open","sticky":false,"template":"","format":"standard","meta":{"jnews-multi-image_gallery":[],"jnews_single_post":{"subtitle":"","format":"standard","video":"","gallery":"","source_name":"","source_url":"","via_name":"","via_url":"","override_template":"0","override":[{"template":"4","single_blog_custom":"","parallax":"1","fullscreen":"1","layout":"right-sidebar","sidebar":"default-sidebar","second_sidebar":"default-sidebar","sticky_sidebar":"1","share_position":"top","share_float_style":"share-monocrhome","show_share_counter":"1","show_view_counter":"1","show_featured":"1","show_post_meta":"1","show_post_author":"1","show_post_author_image":"1","show_post_date":"1","post_date_format":"default","post_date_format_custom":"Y\/m\/d","show_post_category":"1","show_post_reading_time":"1","post_reading_time_wpm":"300","show_zoom_button":"1","zoom_button_out_step":"2","zoom_button_in_step":"3","show_post_tag":"1","show_prev_next_post":"1","show_popup_post":"1","number_popup_post":"1","show_author_box":"1","show_post_related":"1","show_inline_post_related":"0"}],"override_image_size":"0","image_override":[{"single_post_thumbnail_size":"crop-500","single_post_gallery_size":"crop-500"}],"trending_post":"0","trending_post_position":"meta","trending_post_label":"Trending","sponsored_post":"0","sponsored_post_label":"Sponsored by","sponsored_post_name":"","sponsored_post_url":"","sponsored_post_logo_enable":"0","sponsored_post_logo":"","sponsored_post_desc":"","disable_ad":"0"},"jnews_primary_category":{"id":"","hide":""},"jnews_social_meta":{"fb_title":"","fb_description":"","fb_image":"","twitter_title":"","twitter_description":"","twitter_image":""},"jnews_review":[],"enable_review":"0","type":"percentage","name":"","summary":"","brand":"","sku":"","good":[{"good_text":""}],"bad":[{"bad_text":""}],"score_override":"","override_value":"","rating":[{"rating_text":"","rating_number":"10"}],"price":[{"shop":"","price":"","link":"","icon":""}],"jnews_override_counter":{"override_view_counter":"0","view_counter_number":"0","override_share_counter":"0","share_counter_number":"0","override_like_counter":"0","like_counter_number":"0","override_dislike_counter":"0","dislike_counter_number":"0"},"jnews_post_split":{"enable_post_split":"0","post_split":[{"template":"1","tag":"h2","numbering":"asc","mode":"normal","first":"0","enable_toc":"0","toc_type":"normal"}]},"footnotes":""},"categories":[58,61],"tags":[513,44,1938,2401,268,45,1427,316],"class_list":["post-54801","post","type-post","status-publish","format-standard","has-post-thumbnail","hentry","category-argentina","category-economia","tag-alquileres","tag-argentina","tag-aumentos","tag-combustibles","tag-inflacion","tag-noticias","tag-peajes","tag-tarifas"],"amp_enabled":true,"_links":{"self":[{"href":"https:\/\/esreviral.com\/index.php?rest_route=\/wp\/v2\/posts\/54801"}],"collection":[{"href":"https:\/\/esreviral.com\/index.php?rest_route=\/wp\/v2\/posts"}],"about":[{"href":"https:\/\/esreviral.com\/index.php?rest_route=\/wp\/v2\/types\/post"}],"author":[{"embeddable":true,"href":"https:\/\/esreviral.com\/index.php?rest_route=\/wp\/v2\/users\/3"}],"replies":[{"embeddable":true,"href":"https:\/\/esreviral.com\/index.php?rest_route=%2Fwp%2Fv2%2Fcomments&post=54801"}],"version-history":[{"count":0,"href":"https:\/\/esreviral.com\/index.php?rest_route=\/wp\/v2\/posts\/54801\/revisions"}],"wp:featuredmedia":[{"embeddable":true,"href":"https:\/\/esreviral.com\/index.php?rest_route=\/wp\/v2\/media\/54802"}],"wp:attachment":[{"href":"https:\/\/esreviral.com\/index.php?rest_route=%2Fwp%2Fv2%2Fmedia&parent=54801"}],"wp:term":[{"taxonomy":"category","embeddable":true,"href":"https:\/\/esreviral.com\/index.php?rest_route=%2Fwp%2Fv2%2Fcategories&post=54801"},{"taxonomy":"post_tag","embeddable":true,"href":"https:\/\/esreviral.com\/index.php?rest_route=%2Fwp%2Fv2%2Ftags&post=54801"}],"curies":[{"name":"wp","href":"https:\/\/api.w.org\/{rel}","templated":true}]}}