{"id":5479,"date":"2021-04-07T13:29:52","date_gmt":"2021-04-07T16:29:52","guid":{"rendered":"http:\/\/esreviral.com\/?p=5479"},"modified":"2021-04-07T13:29:52","modified_gmt":"2021-04-07T16:29:52","slug":"conoce-las-nuevas-menciones-que-tendran-los-bachilleres-venezolanos-a-partir-de-este-ano","status":"publish","type":"post","link":"https:\/\/esreviral.com\/?p=5479","title":{"rendered":"Conoce las nuevas menciones que tendr\u00e1n los bachilleres venezolanos a partir de este a\u00f1o"},"content":{"rendered":"\n<p>Nicol\u00e1s Maduro anunci\u00f3 la creaci\u00f3n de nuevas menciones para los futuros bachilleres graduados de la Misi\u00f3n Ribas. Las nuevas especialidades ser\u00e1n en gas y electricidad, en gesti\u00f3n del agua, salud, gesti\u00f3n ambiental y forestal, y pesca y acuicultura.<\/p>\n\n\n\n<p>\u201cHemos venido formando en la Misi\u00f3n Ribas un sistema para que los bachilleres se grad\u00faen con una especialidad\u201d, dijo Maduro durante una transmisi\u00f3n a trav\u00e9s del canal estatal\u00a0VTV\u00a0en la que realiz\u00f3 un balance de las misiones educativas.<\/p>\n\n\n\n<p>Se\u00f1al\u00f3 que la Misi\u00f3n Sucre ha graduado hasta ahora 600.297 estudiantes, y actualmente cuenta con 106.000 estudiantes en matr\u00edcula, 21 programas nacionales de formaci\u00f3n, 32.000 becarios, 1.016 aldeas universitarias y 55 ambientes educativos en empresas.<\/p>\n\n\n\n<p>Maduro realiz\u00f3 este anuncio justo cuando la educaci\u00f3n en el pa\u00eds enfrenta importantes retos en medio de la pandemia.<\/p>\n\n\n\n<p>La adopci\u00f3n de las clases virtuales ha representado un desaf\u00edo para los venezolanos porque la mayor\u00eda no cuenta con los recursos tecnol\u00f3gicos necesarios.<\/p>\n\n\n\n<p>Los docentes han denunciado desde hace varios a\u00f1os la devoluci\u00f3n de los salarios, que actualmente no cubre siquiera sus necesidades b\u00e1sicas. Adem\u00e1s, el sector tambi\u00e9n enfrenta el deterioro de los centros educativos, as\u00ed como la deserci\u00f3n estudiantil y del personal.<\/p>\n\n\n\n<p class=\"has-text-align-right\"><strong><em>El Nacional.-<\/em><\/strong><\/p>\n","protected":false},"excerpt":{"rendered":"<p>Lo anunci\u00f3 Nicol\u00e1s Maduro en una alocuci\u00f3n por el canal del Estado<\/p>\n","protected":false},"author":2,"featured_media":5480,"comment_status":"open","ping_status":"open","sticky":false,"template":"","format":"standard","meta":{"jnews-multi-image_gallery":[],"jnews_single_post":[],"jnews_primary_category":[],"jnews_social_meta":[],"jnews_review":[],"enable_review":"","type":"","name":"","summary":"","brand":"","sku":"","good":[],"bad":[],"score_override":"","override_value":"","rating":[],"price":[],"jnews_override_counter":[],"jnews_post_split":[],"footnotes":""},"categories":[66],"tags":[202,56],"class_list":["post-5479","post","type-post","status-publish","format-standard","has-post-thumbnail","hentry","category-venezuela","tag-educacion","tag-venezuela"],"_links":{"self":[{"href":"https:\/\/esreviral.com\/index.php?rest_route=\/wp\/v2\/posts\/5479","targetHints":{"allow":["GET"]}}],"collection":[{"href":"https:\/\/esreviral.com\/index.php?rest_route=\/wp\/v2\/posts"}],"about":[{"href":"https:\/\/esreviral.com\/index.php?rest_route=\/wp\/v2\/types\/post"}],"author":[{"embeddable":true,"href":"https:\/\/esreviral.com\/index.php?rest_route=\/wp\/v2\/users\/2"}],"replies":[{"embeddable":true,"href":"https:\/\/esreviral.com\/index.php?rest_route=%2Fwp%2Fv2%2Fcomments&post=5479"}],"version-history":[{"count":0,"href":"https:\/\/esreviral.com\/index.php?rest_route=\/wp\/v2\/posts\/5479\/revisions"}],"wp:featuredmedia":[{"embeddable":true,"href":"https:\/\/esreviral.com\/index.php?rest_route=\/"}],"wp:attachment":[{"href":"https:\/\/esreviral.com\/index.php?rest_route=%2Fwp%2Fv2%2Fmedia&parent=5479"}],"wp:term":[{"taxonomy":"category","embeddable":true,"href":"https:\/\/esreviral.com\/index.php?rest_route=%2Fwp%2Fv2%2Fcategories&post=5479"},{"taxonomy":"post_tag","embeddable":true,"href":"https:\/\/esreviral.com\/index.php?rest_route=%2Fwp%2Fv2%2Ftags&post=5479"}],"curies":[{"name":"wp","href":"https:\/\/api.w.org\/{rel}","templated":true}]}}