{"id":54729,"date":"2024-05-30T12:38:14","date_gmt":"2024-05-30T17:38:14","guid":{"rendered":"https:\/\/esreviral.com\/?p=54729"},"modified":"2024-05-30T12:38:15","modified_gmt":"2024-05-30T17:38:15","slug":"canciller-de-argentina-se-reunio-con-los-seis-opositores-asilados-en-la-embajada-en-venezuela","status":"publish","type":"post","link":"https:\/\/esreviral.com\/?p=54729","title":{"rendered":"Canciller de Argentina se reuni\u00f3 con los seis opositores asilados en la embajada en Venezuela"},"content":{"rendered":"\n<p><span style=\"font-family: inherit; font-size: inherit; font-style: inherit; font-variant-ligatures: inherit; font-variant-caps: inherit; font-weight: 700; white-space-collapse: collapse;\">La canciller de Argentina, Diana Mondino, se reuni\u00f3 con los seis opositores que est\u00e1n asilados en la residencia oficial de la embajada argentina en Caracas desde hace 70 d\u00edas.<\/span><\/p>\n\n\n\n<p><p style=\"box-sizing: border-box; margin-right: 0px; margin-bottom: 1.25em; margin-left: 0px; padding: 0px; border: 0px; font-variant-numeric: inherit; font-variant-east-asian: inherit; font-variant-alternates: inherit; font-variant-position: inherit; font-stretch: inherit; font-size: 16px; line-height: inherit; font-family: &quot;Work Sans&quot;, Helvetica, Arial, sans-serif; font-optical-sizing: inherit; font-kerning: inherit; font-feature-settings: inherit; font-variation-settings: inherit; vertical-align: baseline; white-space-collapse: collapse;\">Mondino mantuvo una conversaci\u00f3n con los seis colaboradores de la l\u00edder opositora Mar\u00eda Corina Machado, quienes el pasado 20 de marzo tuvieron que refugiarse en la sede diplom\u00e1tica tras la persecuci\u00f3n desatada por el r\u00e9gimen de Nicol\u00e1s Maduro en su contra.<\/p><\/p>\n\n\n\n<p>En la reuni\u00f3n, Mondino reafirm\u00f3<strong>&nbsp;\u00abel absoluto compromiso del gobierno argentino con la democracia, la libertad y el estado de derecho\u00bb.<\/strong><\/p>\n\n\n\n<p><strong>\u00abAl cumplirse 70 d\u00edas de su ingreso, la Rep\u00fablica Argentina, en ejercicio real y efectivo de los derechos humanos, contin\u00faa d\u00e1ndoles protecci\u00f3n y exigiendo a Venezuela la inmediata emisi\u00f3n de los salvoconductos, en cumplimiento de la Convenci\u00f3n de Caracas sobre Asilo Diplom\u00e1tico de 1954\u00bb<\/strong>, indic\u00f3 la Canciller\u00eda argentina.<\/p>\n\n\n\n<p>Aunque el gobierno argentino anunci\u00f3 su decisi\u00f3n de otorgarles asilo pol\u00edtico,&nbsp;<strong>a\u00fan el r\u00e9gimen de Nicol\u00e1s Maduro no ha aprobado los salvoconductos para permitirles salir de la residencia diplom\u00e1tica y trasladarse al aeropuerto<\/strong>&nbsp;para tomar un vuelo internacional que los lleve hasta Buenos Aires.<\/p>\n\n\n\n<p>Los seis refugiados son<strong>&nbsp;la jefa nacional de campa\u00f1a, Magalli Meda; el coordinador internacional, Pedro Urruchurtu; la coordinadora de comunicaciones, Claudia Macero; el coordinador electoral, Humberto Villalobos; el coordinador regional de Anzo\u00e1tegui, Omar Gonz\u00e1lez; y el asesor y exministro Fernando Mart\u00ednez Mottola.<\/strong><\/p>\n\n\n\n<p>Tanto Argentina como Venezuela son parte de la Convenci\u00f3n sobre Asilo Diplom\u00e1tico, suscrita en Caracas en 1954, que establece que&nbsp;<strong>\u00abel Estado asilante puede pedir la salida del asilado para territorio extranjero, y el Estado territorial est\u00e1 obligado a dar inmediatamente, salvo caso de fuerza mayor, las garant\u00edas necesariasy el correspondiente salvoconducto\u00bb.<\/strong><\/p>\n\n\n\n<p>En su art\u00edculo V la Convenci\u00f3n dispone que el gobierno del territorio debe otorgar las medidas de seguridad que garanticen que en el traslado de los asilados\u00a0<strong>\u00abno peligre su vida, su libertad o su integridad personal\u00bb<\/strong><\/p>\n\n\n\n<blockquote class=\"twitter-tweet\"><p lang=\"es\" dir=\"ltr\">La Canciller Mondino mantuvo una conversaci\u00f3n con los seis ciudadanos venezolanos asilados en nuestra Residencia Oficial en Caracas, en la que reafirm\u00f3 el absoluto compromiso del gobierno argentino con la democracia, la libertad y el estado de derecho. <br><br>Al cumplirse 70 d\u00edas de\u2026 <a href=\"https:\/\/t.co\/dg4y7N7UMc\">pic.twitter.com\/dg4y7N7UMc<\/a><\/p>&mdash; Canciller\u00eda Argentina \ud83c\udde6\ud83c\uddf7 (@CancilleriaARG) <a href=\"https:\/\/twitter.com\/CancilleriaARG\/status\/1796210030628270090?ref_src=twsrc%5Etfw\">May 30, 2024<\/a><\/blockquote> <script async src=\"https:\/\/platform.twitter.com\/widgets.js\" charset=\"utf-8\"><\/script>\n\n\n\n<p class=\"has-text-align-right\"><strong><em>monitoreamos.com.-<\/em><\/strong><\/p>\n","protected":false},"excerpt":{"rendered":"<p>Canciller de Argentina se reuni\u00f3 con los seis opositores asilados en la embajada en Caracas<\/p>\n","protected":false},"author":3,"featured_media":54730,"comment_status":"open","ping_status":"open","sticky":false,"template":"","format":"standard","meta":{"jnews-multi-image_gallery":[],"jnews_single_post":{"subtitle":"","format":"standard","video":"","gallery":"","source_name":"","source_url":"","via_name":"","via_url":"","override_template":"0","override":[{"template":"4","single_blog_custom":"","parallax":"1","fullscreen":"1","layout":"right-sidebar","sidebar":"default-sidebar","second_sidebar":"default-sidebar","sticky_sidebar":"1","share_position":"top","share_float_style":"share-monocrhome","show_share_counter":"1","show_view_counter":"1","show_featured":"1","show_post_meta":"1","show_post_author":"1","show_post_author_image":"1","show_post_date":"1","post_date_format":"default","post_date_format_custom":"Y\/m\/d","show_post_category":"1","show_post_reading_time":"1","post_reading_time_wpm":"300","show_zoom_button":"1","zoom_button_out_step":"2","zoom_button_in_step":"3","show_post_tag":"1","show_prev_next_post":"1","show_popup_post":"1","number_popup_post":"1","show_author_box":"1","show_post_related":"1","show_inline_post_related":"0"}],"override_image_size":"0","image_override":[{"single_post_thumbnail_size":"crop-500","single_post_gallery_size":"crop-500"}],"trending_post":"0","trending_post_position":"meta","trending_post_label":"Trending","sponsored_post":"0","sponsored_post_label":"Sponsored by","sponsored_post_name":"","sponsored_post_url":"","sponsored_post_logo_enable":"0","sponsored_post_logo":"","sponsored_post_desc":"","disable_ad":"0"},"jnews_primary_category":{"id":"","hide":""},"jnews_social_meta":{"fb_title":"","fb_description":"","fb_image":"","twitter_title":"","twitter_description":"","twitter_image":""},"jnews_review":[],"enable_review":"0","type":"percentage","name":"","summary":"","brand":"","sku":"","good":[{"good_text":""}],"bad":[{"bad_text":""}],"score_override":"","override_value":"","rating":[{"rating_text":"","rating_number":"10"}],"price":[{"shop":"","price":"","link":"","icon":""}],"jnews_override_counter":{"override_view_counter":"0","view_counter_number":"0","override_share_counter":"0","share_counter_number":"0","override_like_counter":"0","like_counter_number":"0","override_dislike_counter":"0","dislike_counter_number":"0"},"jnews_post_split":{"enable_post_split":"0","post_split":[{"template":"1","tag":"h2","numbering":"asc","mode":"normal","first":"0","enable_toc":"0","toc_type":"normal"}]},"footnotes":""},"categories":[58,59,66],"tags":[44,15744,118,45,15745,8304,56],"class_list":["post-54729","post","type-post","status-publish","format-standard","has-post-thumbnail","hentry","category-argentina","category-politica","category-venezuela","tag-argentina","tag-canciller-de-argentina","tag-embajada","tag-noticias","tag-opositores-asilados","tag-presidenciales","tag-venezuela"],"amp_enabled":true,"_links":{"self":[{"href":"https:\/\/esreviral.com\/index.php?rest_route=\/wp\/v2\/posts\/54729"}],"collection":[{"href":"https:\/\/esreviral.com\/index.php?rest_route=\/wp\/v2\/posts"}],"about":[{"href":"https:\/\/esreviral.com\/index.php?rest_route=\/wp\/v2\/types\/post"}],"author":[{"embeddable":true,"href":"https:\/\/esreviral.com\/index.php?rest_route=\/wp\/v2\/users\/3"}],"replies":[{"embeddable":true,"href":"https:\/\/esreviral.com\/index.php?rest_route=%2Fwp%2Fv2%2Fcomments&post=54729"}],"version-history":[{"count":0,"href":"https:\/\/esreviral.com\/index.php?rest_route=\/wp\/v2\/posts\/54729\/revisions"}],"wp:featuredmedia":[{"embeddable":true,"href":"https:\/\/esreviral.com\/index.php?rest_route=\/wp\/v2\/media\/54730"}],"wp:attachment":[{"href":"https:\/\/esreviral.com\/index.php?rest_route=%2Fwp%2Fv2%2Fmedia&parent=54729"}],"wp:term":[{"taxonomy":"category","embeddable":true,"href":"https:\/\/esreviral.com\/index.php?rest_route=%2Fwp%2Fv2%2Fcategories&post=54729"},{"taxonomy":"post_tag","embeddable":true,"href":"https:\/\/esreviral.com\/index.php?rest_route=%2Fwp%2Fv2%2Ftags&post=54729"}],"curies":[{"name":"wp","href":"https:\/\/api.w.org\/{rel}","templated":true}]}}