{"id":54665,"date":"2024-05-30T06:46:33","date_gmt":"2024-05-30T11:46:33","guid":{"rendered":"https:\/\/esreviral.com\/?p=54665"},"modified":"2024-05-30T06:55:11","modified_gmt":"2024-05-30T11:55:11","slug":"el-gobierno-porteno-respaldo-al-policia-que-intervino-en-una-discusion-y-mato-a-un-joven","status":"publish","type":"post","link":"https:\/\/esreviral.com\/?p=54665","title":{"rendered":"Un polic\u00eda mat\u00f3 de un disparo en el pecho a un hombre que lo amenaz\u00f3 con un cuchillo"},"content":{"rendered":"\n<p>Un efectivo de la&nbsp;<strong>Polic\u00eda de la Ciudad<\/strong>&nbsp;<strong>de Buenos Aires<\/strong> mat\u00f3 a un hombre que manten\u00eda una pelea con su madre y habr\u00eda amenazado al agente con un cuchillo en una parrilla del barrio porte\u00f1o de Balvanera.<\/p>\n\n\n\n<p>El incidente se produjo este martes por la noche, poco antes de las 23hrs, en la intersecci\u00f3n de las avenidas Callao y Corrientes.<\/p>\n\n\n\n<p>Un llamado al tel\u00e9fono 911 alert\u00f3 sobre una pelea entre un hombre de 48 a\u00f1os de edad y su madre, por lo que personal de la comisar\u00eda vecinal 1 B, que tiene jurisdicci\u00f3n en la zona, acudi\u00f3 al lugar.<\/p>\n\n\n\n<p>Seg\u00fan indicaron voceros policiales, un oficial de apellido Mi\u00f1o, que encontr\u00f3 a madre e hijo en la puerta del local, le pidi\u00f3 a la mujer que entrara al mismo para resguardarla.<\/p>\n\n\n\n<p>El hijo de la mujer intent\u00f3 entrar tambi\u00e9n en el local y ante la oposici\u00f3n del polic\u00eda, intent\u00f3 agredirlo con un cuchillo, siempre seg\u00fan la versi\u00f3n oficial.<\/p>\n\n\n\n<p>\u00abEl masculino intent\u00f3 apu\u00f1alar al oficial empu\u00f1ando un cuchillo. En un primero momento el agente us\u00f3 su tonfa pero anta la situaci\u00f3n de peligro planteada le efectu\u00f3 un disparo que impacto en el pecho del agresor\u00bb, se\u00f1ala el informe de la fuerza.<\/p>\n\n\n\n<p>De esta manera se solicit\u00f3 la presencial del SAME, que traslad\u00f3 a la v\u00edctima al Hospital Rivadavia d\u00f3nde minutos despu\u00e9s falleci\u00f3.<\/p>\n\n\n\n<p>Con respecto a la situaci\u00f3n procesal del oficial, se confirm\u00f3 que fue llevado detenido en sede de la Polic\u00eda Federal Argentina, en el marco de una causa que qued\u00f3 a cargo de la fiscal \u00c9rica Mar\u00eda Uhrlandt, del juzgado Criminal y Correccional N\u00b053.<\/p>\n\n\n\n<p><strong><mark style=\"background-color:rgba(0, 0, 0, 0)\" class=\"has-inline-color has-vivid-red-color\">Gobierno porte\u00f1o lo respalda<\/mark><\/strong><\/p>\n\n\n\n<p>El ministro de Seguridad porte\u00f1o, Waldo Wolf, y el secretario del \u00e1rea y jefe de la Polic\u00eda de la Ciudad, Diego Kravetz, manifestaron su \u00ab<strong>absoluto respaldo\u00bb<\/strong> a Mi\u00f1o.<\/p>\n\n\n\n<p>\u00ab<strong><em>El oficial tiene todo el apoyo del Ministerio y las distintas instituciones que forman parte del Ministerio. El polic\u00eda Mi\u00f1o cumpli\u00f3 con su deber, actu\u00f3 en funci\u00f3n del protocolo y tiene todo el respaldo del Ministerio de Seguridad de la Ciudad de Buenos Aires\u201d. Adem\u00e1s, el Ministro asever\u00f3 que \u201cactu\u00f3 en funci\u00f3n del protocolo de uso de la fuerza. Primero lo invit\u00f3 a deponer su actitud, \u00e9ste agarra una silla y \u00e9l saca su tonfa. Finalmente agarra un cuchillo, el oficial saca su arma, retrocede y le dice alto tres veces. Lo \u00faltimo que hace es utilizar su arma para preservar su vida<\/em><\/strong>\u00ab,  manifest\u00f3 Wolf.<\/p>\n\n\n\n<p>En tanto, <strong>Kravetz<\/strong> explic\u00f3 que \u00abCuando hay un ataque con arma blanca los protocolos son internacionales, son 21 pies, la distancia exacta que son un poco m\u00e1s de seis metros\u00bb.<\/p>\n\n\n\n<p>\u00abLo que tiene que hacer el oficial de polic\u00eda es lo que hizo este oficial que fue repeler la agresi\u00f3n en cuidado de su propia persona y tambi\u00e9n en cuidado de terceros\u00bb, argument\u00f3 en el mismo sentido.<\/p>\n\n\n\n<p><strong><a href=\"https:\/\/chat.whatsapp.com\/KWkTmakY3I05kNdd2oZl6d\">\u00daNETE A NUESTRO GRUPO DE WHATSAPP PARA MANTENERTE INFORMADO<\/a><\/strong><\/p>\n\n\n\n<p class=\"has-text-align-right\"><strong><em>cadena3.com.-<\/em><\/strong><\/p>\n","protected":false},"excerpt":{"rendered":"<p>El hecho ocurri\u00f3 en una parrilla del barrio porte\u00f1o. Un hombre que discut\u00eda con su madre amenaz\u00f3 al efectivo con un arma blanca.<\/p>\n","protected":false},"author":3,"featured_media":54666,"comment_status":"open","ping_status":"open","sticky":false,"template":"","format":"standard","meta":{"jnews-multi-image_gallery":[],"jnews_single_post":{"subtitle":"","format":"standard","video":"","gallery":"","source_name":"","source_url":"","via_name":"","via_url":"","override_template":"0","override":[{"template":"4","single_blog_custom":"","parallax":"1","fullscreen":"1","layout":"right-sidebar","sidebar":"default-sidebar","second_sidebar":"default-sidebar","sticky_sidebar":"1","share_position":"top","share_float_style":"share-monocrhome","show_share_counter":"1","show_view_counter":"1","show_featured":"1","show_post_meta":"1","show_post_author":"1","show_post_author_image":"1","show_post_date":"1","post_date_format":"default","post_date_format_custom":"Y\/m\/d","show_post_category":"1","show_post_reading_time":"1","post_reading_time_wpm":"300","show_zoom_button":"1","zoom_button_out_step":"2","zoom_button_in_step":"3","show_post_tag":"1","show_prev_next_post":"1","show_popup_post":"1","number_popup_post":"1","show_author_box":"1","show_post_related":"1","show_inline_post_related":"0"}],"override_image_size":"0","image_override":[{"single_post_thumbnail_size":"crop-500","single_post_gallery_size":"crop-500"}],"trending_post":"0","trending_post_position":"meta","trending_post_label":"Trending","sponsored_post":"0","sponsored_post_label":"Sponsored by","sponsored_post_name":"","sponsored_post_url":"","sponsored_post_logo_enable":"0","sponsored_post_logo":"","sponsored_post_desc":"","disable_ad":"0"},"jnews_primary_category":{"id":"","hide":""},"jnews_social_meta":{"fb_title":"","fb_description":"","fb_image":"","twitter_title":"","twitter_description":"","twitter_image":""},"jnews_review":[],"enable_review":"0","type":"percentage","name":"","summary":"","brand":"","sku":"","good":[{"good_text":""}],"bad":[{"bad_text":""}],"score_override":"","override_value":"","rating":[{"rating_text":"","rating_number":"10"}],"price":[{"shop":"","price":"","link":"","icon":""}],"jnews_override_counter":{"override_view_counter":"0","view_counter_number":"0","override_share_counter":"0","share_counter_number":"0","override_like_counter":"0","like_counter_number":"0","override_dislike_counter":"0","dislike_counter_number":"0"},"jnews_post_split":{"enable_post_split":"0","post_split":[{"template":"1","tag":"h2","numbering":"asc","mode":"normal","first":"0","enable_toc":"0","toc_type":"normal"}]},"footnotes":""},"categories":[58],"tags":[44,2932,15713,4106,45,1469,15714,5953],"class_list":["post-54665","post","type-post","status-publish","format-standard","has-post-thumbnail","hentry","category-argentina","tag-argentina","tag-balvanera","tag-diego-kravetz","tag-ministro-de-seguridad","tag-noticias","tag-policia-de-la-ciudad","tag-policia-mato","tag-waldo-wolff"],"amp_enabled":true,"_links":{"self":[{"href":"https:\/\/esreviral.com\/index.php?rest_route=\/wp\/v2\/posts\/54665"}],"collection":[{"href":"https:\/\/esreviral.com\/index.php?rest_route=\/wp\/v2\/posts"}],"about":[{"href":"https:\/\/esreviral.com\/index.php?rest_route=\/wp\/v2\/types\/post"}],"author":[{"embeddable":true,"href":"https:\/\/esreviral.com\/index.php?rest_route=\/wp\/v2\/users\/3"}],"replies":[{"embeddable":true,"href":"https:\/\/esreviral.com\/index.php?rest_route=%2Fwp%2Fv2%2Fcomments&post=54665"}],"version-history":[{"count":0,"href":"https:\/\/esreviral.com\/index.php?rest_route=\/wp\/v2\/posts\/54665\/revisions"}],"wp:featuredmedia":[{"embeddable":true,"href":"https:\/\/esreviral.com\/index.php?rest_route=\/wp\/v2\/media\/54666"}],"wp:attachment":[{"href":"https:\/\/esreviral.com\/index.php?rest_route=%2Fwp%2Fv2%2Fmedia&parent=54665"}],"wp:term":[{"taxonomy":"category","embeddable":true,"href":"https:\/\/esreviral.com\/index.php?rest_route=%2Fwp%2Fv2%2Fcategories&post=54665"},{"taxonomy":"post_tag","embeddable":true,"href":"https:\/\/esreviral.com\/index.php?rest_route=%2Fwp%2Fv2%2Ftags&post=54665"}],"curies":[{"name":"wp","href":"https:\/\/api.w.org\/{rel}","templated":true}]}}