{"id":54653,"date":"2024-05-29T14:57:02","date_gmt":"2024-05-29T19:57:02","guid":{"rendered":"https:\/\/esreviral.com\/?p=54653"},"modified":"2024-05-29T15:47:41","modified_gmt":"2024-05-29T20:47:41","slug":"detuvieron-al-asesino-del-peluquero-de-recoleta","status":"publish","type":"post","link":"https:\/\/esreviral.com\/?p=54653","title":{"rendered":"Detuvieron al asesino del peluquero de Recoleta"},"content":{"rendered":"\n<p>Detectives de la Polic\u00eda de la Ciudad detuvieron al\u00a0<strong>asesino del peluquero<\/strong> de Recoleta:\u00a0<strong>estaba escondido en una casa en Moreno<\/strong>. Se trata de Abel Guzm\u00e1n, el estilista de 43 a\u00f1os de edad que permanec\u00eda pr\u00f3fugo tras asesinar a Gabriel Medina.<\/p>\n\n\n\n<p>El colorista fue asesinado de<strong>\u00a0un disparo en la cabeza<\/strong>\u00a0en la peluquer\u00eda Verdini, ubicada en la calle Beruti al 3017, en el barrio porte\u00f1o de Recoleta. Desde que Guzm\u00e1n escap\u00f3 por la ventana luego de matar a su compa\u00f1ero de trabajo, no se supo nada m\u00e1s sobre su paradero, hasta que este mi\u00e9rcoles -finalmente-,<strong>\u00a0lo detuvieron en Moreno<\/strong>.<\/p>\n\n\n\n<figure class=\"wp-block-image size-large\"><img fetchpriority=\"high\" decoding=\"async\" width=\"1024\" height=\"573\" src=\"https:\/\/esreviral.com\/wp-content\/uploads\/2024\/05\/MAX5GUDFP5A3ZIH2OIKGZMDBEA-1024x573.webp\" alt=\"\" class=\"wp-image-54660\" srcset=\"https:\/\/esreviral.com\/wp-content\/uploads\/2024\/05\/MAX5GUDFP5A3ZIH2OIKGZMDBEA-1024x573.webp 1024w, https:\/\/esreviral.com\/wp-content\/uploads\/2024\/05\/MAX5GUDFP5A3ZIH2OIKGZMDBEA-300x168.webp 300w, https:\/\/esreviral.com\/wp-content\/uploads\/2024\/05\/MAX5GUDFP5A3ZIH2OIKGZMDBEA-768x430.webp 768w, https:\/\/esreviral.com\/wp-content\/uploads\/2024\/05\/MAX5GUDFP5A3ZIH2OIKGZMDBEA-750x420.webp 750w, https:\/\/esreviral.com\/wp-content\/uploads\/2024\/05\/MAX5GUDFP5A3ZIH2OIKGZMDBEA-1140x638.webp 1140w, https:\/\/esreviral.com\/wp-content\/uploads\/2024\/05\/MAX5GUDFP5A3ZIH2OIKGZMDBEA.webp 1440w\" sizes=\"(max-width: 1024px) 100vw, 1024px\" \/><\/figure>\n\n\n\n<p><strong><em><mark style=\"background-color:rgba(0, 0, 0, 0)\" class=\"has-inline-color has-vivid-red-color\">Lea Tambi\u00e9n: <a href=\"https:\/\/esreviral.com\/le-pusieron-precio-a-la-cabeza-del-peluquero-asesino\/\">Le pusieron precio a la cabeza del peluquero asesino<\/a><\/mark><\/em><\/strong><\/p>\n\n\n\n<p>Al momento del escape,\u00a0<strong>solo dos c\u00e1maras tomaron la huida<\/strong>\u00a0de Guzm\u00e1n tras el crimen a sangre fr\u00eda: una ubicada en la esquina de S\u00e1nchez de Bustamante y Berutti a las 20.15 y la otra a las 20.18,<strong>\u00a0tres minutos despu\u00e9s<\/strong>, en el cruce de Pueyrred\u00f3n y Corrientes, a 17 cuadras de la peluquer\u00eda.<\/p>\n\n\n\n<p>Pocas horas despu\u00e9s del crimen, se conoci\u00f3 que la familia del atacante es de Santiago del Estero, donde vive Cecilia Guzm\u00e1n, su madre, quien&nbsp;<strong>asegur\u00f3 no saber nada sobre el paradero del acusado<\/strong>. \u201c\u00a1Rezo para que mi hijo se entregue lo m\u00e1s pronto posible!\u201d, hab\u00eda expresado en su momento a un medio local.<\/p>\n\n\n\n<p>Por su parte, la familia de Germ\u00e1n Medina\u00a0<strong>tem\u00eda que el asesino hubiera escapado a la provincia de donde es oriunda su familia\u00a0<\/strong>y est\u00e9 escondido o, al menos, que haya pasado por all\u00ed para continuar su fuga. No obstante, Guzm\u00e1n estaba escondido en una casa en el barrio de Moreno, en la provincia de Buenos Aires.<\/p>\n\n\n\n<figure class=\"wp-block-image size-large\"><img decoding=\"async\" width=\"1024\" height=\"986\" src=\"https:\/\/esreviral.com\/wp-content\/uploads\/2024\/05\/VCRYFH3HFFHA3CHAXWMICAKUGY-1024x986.webp\" alt=\"\" class=\"wp-image-54659\" srcset=\"https:\/\/esreviral.com\/wp-content\/uploads\/2024\/05\/VCRYFH3HFFHA3CHAXWMICAKUGY-1024x986.webp 1024w, https:\/\/esreviral.com\/wp-content\/uploads\/2024\/05\/VCRYFH3HFFHA3CHAXWMICAKUGY-300x289.webp 300w, https:\/\/esreviral.com\/wp-content\/uploads\/2024\/05\/VCRYFH3HFFHA3CHAXWMICAKUGY-768x740.webp 768w, https:\/\/esreviral.com\/wp-content\/uploads\/2024\/05\/VCRYFH3HFFHA3CHAXWMICAKUGY-750x722.webp 750w, https:\/\/esreviral.com\/wp-content\/uploads\/2024\/05\/VCRYFH3HFFHA3CHAXWMICAKUGY-1140x1098.webp 1140w, https:\/\/esreviral.com\/wp-content\/uploads\/2024\/05\/VCRYFH3HFFHA3CHAXWMICAKUGY.webp 1440w\" sizes=\"(max-width: 1024px) 100vw, 1024px\" \/><\/figure>\n\n\n\n<p><strong><em><mark style=\"background-color:rgba(0, 0, 0, 0)\" class=\"has-inline-color has-vivid-red-color\">Lea Tambi\u00e9n: <a href=\"https:\/\/esreviral.com\/video-un-empleado-de-una-peluqueria-mato-a-otro-de-un-tiro-en-la-cabeza\/\">+VIDEO: Un empleado de una peluquer\u00eda mat\u00f3 a otro de un tiro en la cabeza<\/a><\/mark><\/em><\/strong><\/p>\n\n\n\n<p><strong><mark style=\"background-color:rgba(0, 0, 0, 0)\" class=\"has-inline-color has-vivid-red-color\">Qui\u00e9n es Abel Guzm\u00e1n, el empleado que asesin\u00f3 a su compa\u00f1ero en una peluquer\u00eda de Recoleta<\/mark><\/strong><\/p>\n\n\n\n<p>El asesino,&nbsp;<strong>Abel Guzm\u00e1n<\/strong>, es un hombre de trayectoria en el mundo de las peluquer\u00edas, conocido por su meticuloso trabajo con&nbsp;<strong>tratamientos de keratina<\/strong>, una habilidad que perfeccion\u00f3 durante&nbsp;<strong>m\u00e1s de siete a\u00f1os<\/strong>&nbsp;en el sal\u00f3n de Facundo Verdini. Si bien ten\u00eda su clientela, \u201cAbelo\u201d Guzm\u00e1n era percibido como una&nbsp;<strong>solitario y retra\u00eddo<\/strong>, a diferencia de la v\u00edctima, que se caracterizaba por ser muy sociable.<\/p>\n\n\n\n<p>Los clientes de Guzm\u00e1n lo recuerdan en su aspecto profesional por su\u00a0<strong>lema \u201cAbelizate\u201d<\/strong>, una invitaci\u00f3n a experimentar su toque \u00fanico en el cuidado del cabello en un\u00a0<strong>sill\u00f3n especial<\/strong>\u00a0que ten\u00eda en el fondo del local. Por otro lado, los colegas suyos describ\u00edan una\u00a0<strong>tensi\u00f3n creciente<\/strong>\u00a0entre \u00e9l y la v\u00edctima, alimentada por\u00a0<strong>problemas de ego<\/strong>\u00a0y\u00a0<strong>disputas sobre la clientela<\/strong>.<\/p>\n\n\n\n<p class=\"has-text-align-right\"><strong><em>TN.-<\/em><\/strong><\/p>\n","protected":false},"excerpt":{"rendered":"<p>Se trata de Abel Guzm\u00e1n, el estilista que desde el 21 de marzo permanec\u00eda pr\u00f3fugo tras asesinar a Gabriel Medina.<\/p>\n","protected":false},"author":3,"featured_media":54654,"comment_status":"open","ping_status":"open","sticky":false,"template":"","format":"standard","meta":{"jnews-multi-image_gallery":[],"jnews_single_post":{"subtitle":"","format":"standard","video":"","gallery":"","source_name":"","source_url":"","via_name":"","via_url":"","override_template":"0","override":[{"template":"4","single_blog_custom":"","parallax":"1","fullscreen":"1","layout":"right-sidebar","sidebar":"default-sidebar","second_sidebar":"default-sidebar","sticky_sidebar":"1","share_position":"top","share_float_style":"share-monocrhome","show_share_counter":"1","show_view_counter":"1","show_featured":"1","show_post_meta":"1","show_post_author":"1","show_post_author_image":"1","show_post_date":"1","post_date_format":"default","post_date_format_custom":"Y\/m\/d","show_post_category":"1","show_post_reading_time":"1","post_reading_time_wpm":"300","show_zoom_button":"1","zoom_button_out_step":"2","zoom_button_in_step":"3","show_post_tag":"1","show_prev_next_post":"1","show_popup_post":"1","number_popup_post":"1","show_author_box":"1","show_post_related":"1","show_inline_post_related":"0"}],"override_image_size":"0","image_override":[{"single_post_thumbnail_size":"crop-500","single_post_gallery_size":"crop-500"}],"trending_post":"0","trending_post_position":"meta","trending_post_label":"Trending","sponsored_post":"0","sponsored_post_label":"Sponsored by","sponsored_post_name":"","sponsored_post_url":"","sponsored_post_logo_enable":"0","sponsored_post_logo":"","sponsored_post_desc":"","disable_ad":"0"},"jnews_primary_category":{"id":"","hide":""},"jnews_social_meta":{"fb_title":"","fb_description":"","fb_image":"","twitter_title":"","twitter_description":"","twitter_image":""},"jnews_review":[],"enable_review":"0","type":"percentage","name":"","summary":"","brand":"","sku":"","good":[{"good_text":""}],"bad":[{"bad_text":""}],"score_override":"","override_value":"","rating":[{"rating_text":"","rating_number":"10"}],"price":[{"shop":"","price":"","link":"","icon":""}],"jnews_override_counter":{"override_view_counter":"0","view_counter_number":"0","override_share_counter":"0","share_counter_number":"0","override_like_counter":"0","like_counter_number":"0","override_dislike_counter":"0","dislike_counter_number":"0"},"jnews_post_split":{"enable_post_split":"0","post_split":[{"template":"1","tag":"h2","numbering":"asc","mode":"normal","first":"0","enable_toc":"0","toc_type":"normal"}]},"footnotes":""},"categories":[58,64],"tags":[14306,44,15711,5641,45],"class_list":["post-54653","post","type-post","status-publish","format-standard","has-post-thumbnail","hentry","category-argentina","category-sucesos","tag-abel-guzman","tag-argentina","tag-estilista","tag-moreno","tag-noticias"],"_links":{"self":[{"href":"https:\/\/esreviral.com\/index.php?rest_route=\/wp\/v2\/posts\/54653","targetHints":{"allow":["GET"]}}],"collection":[{"href":"https:\/\/esreviral.com\/index.php?rest_route=\/wp\/v2\/posts"}],"about":[{"href":"https:\/\/esreviral.com\/index.php?rest_route=\/wp\/v2\/types\/post"}],"author":[{"embeddable":true,"href":"https:\/\/esreviral.com\/index.php?rest_route=\/wp\/v2\/users\/3"}],"replies":[{"embeddable":true,"href":"https:\/\/esreviral.com\/index.php?rest_route=%2Fwp%2Fv2%2Fcomments&post=54653"}],"version-history":[{"count":0,"href":"https:\/\/esreviral.com\/index.php?rest_route=\/wp\/v2\/posts\/54653\/revisions"}],"wp:featuredmedia":[{"embeddable":true,"href":"https:\/\/esreviral.com\/index.php?rest_route=\/wp\/v2\/media\/54654"}],"wp:attachment":[{"href":"https:\/\/esreviral.com\/index.php?rest_route=%2Fwp%2Fv2%2Fmedia&parent=54653"}],"wp:term":[{"taxonomy":"category","embeddable":true,"href":"https:\/\/esreviral.com\/index.php?rest_route=%2Fwp%2Fv2%2Fcategories&post=54653"},{"taxonomy":"post_tag","embeddable":true,"href":"https:\/\/esreviral.com\/index.php?rest_route=%2Fwp%2Fv2%2Ftags&post=54653"}],"curies":[{"name":"wp","href":"https:\/\/api.w.org\/{rel}","templated":true}]}}