{"id":54650,"date":"2024-05-29T15:08:28","date_gmt":"2024-05-29T20:08:28","guid":{"rendered":"https:\/\/esreviral.com\/?p=54650"},"modified":"2024-05-29T15:08:28","modified_gmt":"2024-05-29T20:08:28","slug":"como-reaccionaron-los-otros-siete-rugbiers-tras-escuchar-las-acusaciones-de-uno-de-los-implicados","status":"publish","type":"post","link":"https:\/\/esreviral.com\/?p=54650","title":{"rendered":"C\u00f3mo reaccionaron los otros siete rugbiers tras escuchar las acusaciones de uno de los implicados"},"content":{"rendered":"\n<p>Las acusaciones de&nbsp;<strong>M\u00e1ximo Thomsen<\/strong>&nbsp;hacia sus amigos&nbsp;durante una entrevista en&nbsp;<em>Telenoche<\/em>&nbsp;generaron&nbsp;<strong>una inmediata repercusi\u00f3n<\/strong>&nbsp;en la Alcaid\u00eda N\u00b03 de Melchor Romero, donde permanecen alojados los ocho rugbiers condenados por el crimen.<\/p>\n\n\n\n<p>El joven, alojado en el mismo pabell\u00f3n que sus amigos,&nbsp;<strong>se\u00f1al\u00f3 a Enzo Comelli como el autor del primer golpe a Fernando<\/strong>&nbsp;luego de que todo el grupo fuese echado del boliche Le Brique: \u201cLe peg\u00f3 y yo&nbsp;fui atr\u00e1s a meterme en el grupo de personas.&nbsp;Yo me acuerdo que siento que me pegan una pi\u00f1a en el ment\u00f3n y empiezo a tirar patadas al aire\u201d, sostuvo.<\/p>\n\n\n\n<p><strong>Carlos Att\u00edas<\/strong>, abogado de Benicelli, habl\u00f3 con<strong> <\/strong><em>el medio TN<\/em><strong><em>&nbsp;<\/em><\/strong>acerca de la menci\u00f3n que hizo Thomsen sobre su defendido: \u201cCada uno puede ejercer su derecho de defensa como mejor le parezca, siempre en el l\u00edmite del respeto y consideraci\u00f3n a los dem\u00e1s. Fundamentalmente a la v\u00edctima y a sus familiares.&nbsp;<strong>Me parece bien que quien haya sido autor del homicidio se haga cargo y que diga qui\u00e9nes fueron los coautores<\/strong>\u201d.<\/p>\n\n\n\n<p>El abogado respondi\u00f3 por Benicelli, que fue condenado a perpetua y&nbsp;<strong>siente que las declaraciones de Thomsen no son m\u00e1s que \u201cla verdad\u201d.<\/strong>&nbsp;El letrado tambi\u00e9n aclar\u00f3 que&nbsp;<strong>no cree que \u201chaya problemas de convivencia\u201d&nbsp;<\/strong>entre los ocho a ra\u00edz de la entrevista.<\/p>\n\n\n\n<p>Una fuente del Servicio Penitenciario Bonaerense (SPB) revel\u00f3 que&nbsp;<strong>\u201ctodo permanece tranquilo\u201d<\/strong>&nbsp;luego de que el joven de Z\u00e1rate decidiera hablar a m\u00e1s de cuatro a\u00f1os del homicidio de B\u00e1ez Sosa.<\/p>\n\n\n\n<p>\u201cCada uno est\u00e1 en su celda con sus compa\u00f1eros.&nbsp;<strong>Sigue todo como siempre.<\/strong>&nbsp;Est\u00e1n atentos a la segunda parte de la entrevista\u201d, revel\u00f3 y detall\u00f3 que \u201csi hay dos internos entre los que hay tensi\u00f3n, se los separa\u201d.<\/p>\n\n\n\n<p class=\"has-text-align-center\"><strong><a href=\"https:\/\/chat.whatsapp.com\/KWkTmakY3I05kNdd2oZl6d\">\u00daNETE A NUESTRO GRUPO DE WHATSAPP PARA MANTENERTE INFORMADO<\/a><\/strong><\/p>\n\n\n\n<p>Luego, aclar\u00f3: \u201cLa Alcaid\u00eda tiene un sistema de seguridad fuerte: est\u00e1n solo cuatro horas fuera de la celda.&nbsp;<strong>Si uno critic\u00f3 al otro no van a salir juntos al patio. Si se detecta tensi\u00f3n, no van a compartir el patio\u201d.<\/strong><\/p>\n\n\n\n<p>Del mismo modo, desde el Servicio Penitenciario Bonaerense aclararon que los detenidos est\u00e1n alojados en cuatro celdas contiguas con capacidad de dos personas cada una. Al igual que el resto de los detenidos, cuentan con patio y actividades recreativas.<\/p>\n\n\n\n<p>\u201cNo han registrado incidentes con sus compa\u00f1eros de alojamiento. Todos mantiene un perfil muy bajo y se comportan con respeto hacia el personal\u201d, sumaron.<\/p>\n\n\n\n<p><strong><mark style=\"background-color:rgba(0, 0, 0, 0)\" class=\"has-inline-color has-vivid-red-color\">M\u00e1ximo Thomsen rompi\u00f3 el silencio<\/mark><\/strong><\/p>\n\n\n\n<p>\u201cDesde el primer d\u00eda quise contar todo, pero<strong>&nbsp;a m\u00ed no me dieron nunca una oportunidad de poder contar lo que hab\u00eda pasado<\/strong>\u201d, expres\u00f3 Thomsen durante la entrevista. All\u00ed apunt\u00f3 contra<strong>&nbsp;Hugo Tomei<\/strong>, abogado que&nbsp;dej\u00f3 de patrocinarlo pero sigue representando a algunos de los rugbiers.<\/p>\n\n\n\n<p>\u201cSiempre nos dec\u00edan que no, porque&nbsp;<strong>pod\u00eda ser contraproducente o que pod\u00edan usarlo en nuestra contra<\/strong>&nbsp;y yo no lo ve\u00eda as\u00ed. Yo lo ve\u00eda de otra mirada, yo quer\u00eda contar que s\u00ed, que hab\u00eda sido part\u00edcipe pero que no hab\u00eda tenido ning\u00fan tipo de intenci\u00f3n de que pasara eso\u201d, indic\u00f3.<\/p>\n\n\n\n<p>Consultado por el medio antes mencionado&nbsp;sobre la situaci\u00f3n que viven los acusados en la c\u00e1rcel tras la entrevista, Tomei asegur\u00f3 que prefiere guardar silencio.<\/p>\n\n\n\n<p><strong><mark style=\"background-color:rgba(0, 0, 0, 0)\" class=\"has-inline-color has-vivid-red-color\">Las acusaciones de M\u00e1ximo Thomsen hacia sus amigos<\/mark><\/strong><\/p>\n\n\n\n<p>Thomsen manifest\u00f3 que&nbsp;<strong>sus amigos se pelearon con otro grupo de j\u00f3venes cuando los sacaron del boliche:<\/strong>&nbsp;\u201cAh\u00ed es donde yo me quedo en la puerta, me quedo insultando a los seguridad porque me hab\u00edan sacado y yo no me quer\u00eda ir. Y en ese momento surge una pelea atr\u00e1s m\u00edo\u201d.<\/p>\n\n\n\n<p>El rugbier detall\u00f3 que&nbsp;<strong>\u201cse agarraron a pi\u00f1as\u201d<\/strong>&nbsp;y que el conflicto que se inici\u00f3 all\u00ed finaliz\u00f3 en el mismo lugar, previo al ataque que sufri\u00f3 Fernando.&nbsp;<strong>Consultado acerca de si esa pelea fue la que film\u00f3 Lucas Pertossi, Thomsen respondi\u00f3: \u201cS\u00ed\u201d.<\/strong><\/p>\n\n\n\n<p>A Benicelli lo nombr\u00f3 cuando relat\u00f3 el origen del conflicto en Le Brique:&nbsp;<strong>\u201cDespu\u00e9s me enter\u00e9 que hab\u00eda sido Fernando el que le hab\u00eda pegado a \u00e9l\u201d.<\/strong>&nbsp;Segundos m\u00e1s tarde, agreg\u00f3: \u201cDespu\u00e9s me enter\u00e9 de que era porque Mat\u00edas estaba separando a \u00e9l con otra persona que nunca supe qui\u00e9n era. No me enter\u00e9, no lo vi. Lo estaba separando y cuando le puso la mano en el pecho, se ve que se sinti\u00f3 amenazado y le peg\u00f3 una pi\u00f1a en la frente\u201d.<\/p>\n\n\n\n<p>Para Att\u00edas,<strong>&nbsp;los dichos de Thomsen se aproximan a la realidad y revel\u00f3 que su defendido \u201cnunca le peg\u00f3 a Fernando\u201d.<\/strong>&nbsp;Tambi\u00e9n opin\u00f3 que \u201clo que hizo Thomsen fue se\u00f1alar c\u00f3mo se inici\u00f3 la gresca fuera del boliche\u201d. \u201cDijo que Enzo Comelli fue quien derrib\u00f3 y golpe\u00f3 a Fernando.&nbsp;<strong>\u00c9l mismo confes\u00f3 ser el que secund\u00f3 a Comelli en la acometida y tambi\u00e9n se\u00f1al\u00f3 a Ciro Pertosi como otro de los agresores.<\/strong>&nbsp;A Mat\u00edas lo mencion\u00f3 solamente para aludir a qui\u00e9n fue el que identific\u00f3 a Fernando como autor de la pi\u00f1a que recibi\u00f3 dentro del boliche\u201d, sum\u00f3.<\/p>\n\n\n\n<p class=\"has-text-align-right\"><strong><em>TN.-<\/em><\/strong><\/p>\n","protected":false},"excerpt":{"rendered":"<p>Desde la Alcaid\u00eda en la que permanecen alojados aseguraron que \u201ctodo est\u00e1 tranquilo\u201d pero que a\u00fan aguardan la segunda parte de la entrevista. \u201cSi se detecta tensi\u00f3n entre ellos, no van a compartir el patio\u201d<\/p>\n","protected":false},"author":3,"featured_media":54651,"comment_status":"open","ping_status":"open","sticky":false,"template":"","format":"standard","meta":{"jnews-multi-image_gallery":[],"jnews_single_post":{"subtitle":"","format":"standard","video":"","gallery":"","source_name":"","source_url":"","via_name":"","via_url":"","override_template":"0","override":[{"template":"4","single_blog_custom":"","parallax":"1","fullscreen":"1","layout":"right-sidebar","sidebar":"default-sidebar","second_sidebar":"default-sidebar","sticky_sidebar":"1","share_position":"top","share_float_style":"share-monocrhome","show_share_counter":"1","show_view_counter":"1","show_featured":"1","show_post_meta":"1","show_post_author":"1","show_post_author_image":"1","show_post_date":"1","post_date_format":"default","post_date_format_custom":"Y\/m\/d","show_post_category":"1","show_post_reading_time":"1","post_reading_time_wpm":"300","show_zoom_button":"1","zoom_button_out_step":"2","zoom_button_in_step":"3","show_post_tag":"1","show_prev_next_post":"1","show_popup_post":"1","number_popup_post":"1","show_author_box":"1","show_post_related":"1","show_inline_post_related":"0"}],"override_image_size":"0","image_override":[{"single_post_thumbnail_size":"crop-500","single_post_gallery_size":"crop-500"}],"trending_post":"0","trending_post_position":"meta","trending_post_label":"Trending","sponsored_post":"0","sponsored_post_label":"Sponsored by","sponsored_post_name":"","sponsored_post_url":"","sponsored_post_logo_enable":"0","sponsored_post_logo":"","sponsored_post_desc":"","disable_ad":"0"},"jnews_primary_category":{"id":"","hide":""},"jnews_social_meta":{"fb_title":"","fb_description":"","fb_image":"","twitter_title":"","twitter_description":"","twitter_image":""},"jnews_review":[],"enable_review":"0","type":"percentage","name":"","summary":"","brand":"","sku":"","good":[{"good_text":""}],"bad":[{"bad_text":""}],"score_override":"","override_value":"","rating":[{"rating_text":"","rating_number":"10"}],"price":[{"shop":"","price":"","link":"","icon":""}],"jnews_override_counter":{"override_view_counter":"0","view_counter_number":"0","override_share_counter":"0","share_counter_number":"0","override_like_counter":"0","like_counter_number":"0","override_dislike_counter":"0","dislike_counter_number":"0"},"jnews_post_split":{"enable_post_split":"0","post_split":[{"template":"1","tag":"h2","numbering":"asc","mode":"normal","first":"0","enable_toc":"0","toc_type":"normal"}]},"footnotes":""},"categories":[58,64],"tags":[2893,44,2517,6365,4365,1364,6391,45,125,298,15710],"class_list":["post-54650","post","type-post","status-publish","format-standard","has-post-thumbnail","hentry","category-argentina","category-sucesos","tag-acusaciones","tag-argentina","tag-crimen-2","tag-crimen-de-fernando-baez-sosa","tag-entrevista","tag-fernando-baez-sosa","tag-maximo-thomsen","tag-noticias","tag-policiales","tag-rugbiers","tag-telenoche"],"_links":{"self":[{"href":"https:\/\/esreviral.com\/index.php?rest_route=\/wp\/v2\/posts\/54650","targetHints":{"allow":["GET"]}}],"collection":[{"href":"https:\/\/esreviral.com\/index.php?rest_route=\/wp\/v2\/posts"}],"about":[{"href":"https:\/\/esreviral.com\/index.php?rest_route=\/wp\/v2\/types\/post"}],"author":[{"embeddable":true,"href":"https:\/\/esreviral.com\/index.php?rest_route=\/wp\/v2\/users\/3"}],"replies":[{"embeddable":true,"href":"https:\/\/esreviral.com\/index.php?rest_route=%2Fwp%2Fv2%2Fcomments&post=54650"}],"version-history":[{"count":0,"href":"https:\/\/esreviral.com\/index.php?rest_route=\/wp\/v2\/posts\/54650\/revisions"}],"wp:featuredmedia":[{"embeddable":true,"href":"https:\/\/esreviral.com\/index.php?rest_route=\/wp\/v2\/media\/54651"}],"wp:attachment":[{"href":"https:\/\/esreviral.com\/index.php?rest_route=%2Fwp%2Fv2%2Fmedia&parent=54650"}],"wp:term":[{"taxonomy":"category","embeddable":true,"href":"https:\/\/esreviral.com\/index.php?rest_route=%2Fwp%2Fv2%2Fcategories&post=54650"},{"taxonomy":"post_tag","embeddable":true,"href":"https:\/\/esreviral.com\/index.php?rest_route=%2Fwp%2Fv2%2Ftags&post=54650"}],"curies":[{"name":"wp","href":"https:\/\/api.w.org\/{rel}","templated":true}]}}