{"id":54446,"date":"2024-05-27T12:42:09","date_gmt":"2024-05-27T17:42:09","guid":{"rendered":"https:\/\/esreviral.com\/?p=54446"},"modified":"2024-05-27T12:42:10","modified_gmt":"2024-05-27T17:42:10","slug":"paro-de-trenes-anuncian-que-la-medida-de-fuerza-sera-este-jueves-y-durara-24-horas","status":"publish","type":"post","link":"https:\/\/esreviral.com\/?p=54446","title":{"rendered":"Paro de trenes: anuncian que la medida de fuerza ser\u00e1 este jueves y durar\u00e1 24 horas"},"content":{"rendered":"\n<p>El pr\u00f3ximo jueves 30 de mayo habr\u00e1 un\u00a0<strong>paro de trenes por 24 horas,\u00a0<\/strong>anunci\u00f3 el secretario general del gremio La Fraternidad,<strong>Omar Maturano.<\/strong>\u00a0El sindicalista critic\u00f3: \u201cNo queremos aumento del sueldo, queremos<strong>\u00a0empatar la inflaci\u00f3n\u201d.<\/strong>\u00a0Maturano adem\u00e1s advirti\u00f3 que hay un recorte de 59% del presupuesto, que faltan insumos b\u00e1sicos para el servicio, y plante\u00f3: \u201cNadie puede decir que no les avisamos\u201d.<\/p>\n\n\n\n<p>El 20 de mayo La Fraternidad anunci\u00f3 un acuerdo con las empresas Sociedad Operadora Ferroviaria Sociedad del Estado (SOFSE) y Belgrano Cargas y Log\u00edstica \u201cel pago del bono de presencialidad de los meses que se adeudan y del bono por el D\u00eda del Trabajador Ferroviario,\u00a0<strong>$147.500<\/strong>\u00a0a pagar en el mes de junio\u201d.<\/p>\n\n\n\n<p class=\"has-text-align-center\"><strong><a href=\"https:\/\/chat.whatsapp.com\/KWkTmakY3I05kNdd2oZl6d\">\u00daNETE A NUESTRO GRUPO DE WHATSAPP PARA MANTENERTE INFORMADO<\/a><\/strong><\/p>\n\n\n\n<p>Aunque el sindicato advirti\u00f3 que&nbsp;<strong>no cerr\u00f3 la paritaria<\/strong>&nbsp;\u201cdebido a la&nbsp;<strong>diferencia&nbsp;<\/strong>existente entre los porcentajes de la recomposici\u00f3n salarial propuesta con respecto a la inflaci\u00f3n, ante lo cual la organizaci\u00f3n se reserva la posibilidad de efectuar medidas de protesta\u201d, que se concretar\u00e1 el pr\u00f3ximo jueves.<\/p>\n\n\n\n<p>Maturano anunci\u00f3 que el paro ser\u00e1 el pr\u00f3ximo jueves por 24 horas: \u201cSer\u00e1&nbsp;<strong>porque no nos dejan empatar la inflaci\u00f3n,<\/strong>&nbsp;que es diferente, no queremos aumento del sueldo, queremos empatar la inflaci\u00f3n\u201d, insisti\u00f3 el secretario general del gremio La Fraternidad.<\/p>\n\n\n\n<p><strong><mark style=\"background-color:rgba(0, 0, 0, 0)\" class=\"has-inline-color has-vivid-red-color\">Fuertes cr\u00edticas de Omar Maturano a la pol\u00edtica ferroviaria del Gobierno: \u201cNo hay \u201cinversi\u00f3n\u201d<\/mark><\/strong><\/p>\n\n\n\n<p>El secretario general de La Fraternidad cuestion\u00f3 la pol\u00edtica ferroviaria del Gobierno: \u201cNo hay inversi\u00f3n ni una pol\u00edtica para el sector ferroviario. Nosotros trabajamos<strong>\u00a0sin insumos,<\/strong>\u00a0atando algunas veces con alambre algunos objetos y as\u00ed salimos con los trenes. Y yo le pondr\u00eda un sin\u00f3nimo, que estamos trabajando con bajas condiciones de seguridad\u201d, tras\u00a0<strong>el choque de trenes y descarrilamiento<\/strong>\u00a0en Palermo, el 10 de mayo.<\/p>\n\n\n\n<p>Pese a las cr\u00edticas del sindicalista luego del accidente el Gobierno anunci\u00f3 la\u00a0<strong>emergencia ferroviaria,<\/strong>\u00a0que tiene entre sus objetivos la aceleraci\u00f3n \u201cde forma urgente\u201d de los procesos licitatorios en cuestiones clave para el funcionamiento del servicio de trenes como\u00a0<strong>cables y se\u00f1alamiento.<\/strong><\/p>\n\n\n\n<p>Maturano adem\u00e1s critic\u00f3 las bajas de empleados en el Estado: \u201cSomos 36.000 y ser\u00e1n 6000 los que se van con<strong>&nbsp;retiro voluntario,<\/strong>&nbsp;que es una mentira, algo tapado como lo hicieron en los \u201890. No tienen plata para indemnizaciones, seguramente se van a pagar en cuotas. Me parece que estamos acostumbrados a ser un gremio de resistencia\u201d, en declaraciones a&nbsp;<em>A24.<\/em><\/p>\n\n\n\n<p>El \u00faltimo paro de trenes fue el 9 de mayo, como parte de las medidas de fuerza en el transporte a partir de la\u00a0<strong>huelga general a nivel nacional dispuesta por la CGT<\/strong>, en rechazo a las pol\u00edticas del gobierno de\u00a0<strong>Javier Milei.<\/strong><\/p>\n\n\n\n<p class=\"has-text-align-right\"><strong><em>TN.-<\/em><\/strong><\/p>\n","protected":false},"excerpt":{"rendered":"<p>El secretario general del gremio La Fraternidad, Omar Maturano, cuestion\u00f3: \u201cNo queremos aumento del sueldo, queremos empatar la inflaci\u00f3n\u201d.<\/p>\n","protected":false},"author":3,"featured_media":54447,"comment_status":"open","ping_status":"open","sticky":false,"template":"","format":"standard","meta":{"jnews-multi-image_gallery":[],"jnews_single_post":{"subtitle":"","format":"standard","video":"","gallery":"","source_name":"","source_url":"","via_name":"","via_url":"","override_template":"0","override":[{"template":"4","single_blog_custom":"","parallax":"1","fullscreen":"1","layout":"right-sidebar","sidebar":"default-sidebar","second_sidebar":"default-sidebar","sticky_sidebar":"1","share_position":"top","share_float_style":"share-monocrhome","show_share_counter":"1","show_view_counter":"1","show_featured":"1","show_post_meta":"1","show_post_author":"1","show_post_author_image":"1","show_post_date":"1","post_date_format":"default","post_date_format_custom":"Y\/m\/d","show_post_category":"1","show_post_reading_time":"1","post_reading_time_wpm":"300","show_zoom_button":"1","zoom_button_out_step":"2","zoom_button_in_step":"3","show_post_tag":"1","show_prev_next_post":"1","show_popup_post":"1","number_popup_post":"1","show_author_box":"1","show_post_related":"1","show_inline_post_related":"0"}],"override_image_size":"0","image_override":[{"single_post_thumbnail_size":"crop-500","single_post_gallery_size":"crop-500"}],"trending_post":"0","trending_post_position":"meta","trending_post_label":"Trending","sponsored_post":"0","sponsored_post_label":"Sponsored by","sponsored_post_name":"","sponsored_post_url":"","sponsored_post_logo_enable":"0","sponsored_post_logo":"","sponsored_post_desc":"","disable_ad":"0"},"jnews_primary_category":{"id":"","hide":""},"jnews_social_meta":{"fb_title":"","fb_description":"","fb_image":"","twitter_title":"","twitter_description":"","twitter_image":""},"jnews_review":[],"enable_review":"0","type":"percentage","name":"","summary":"","brand":"","sku":"","good":[{"good_text":""}],"bad":[{"bad_text":""}],"score_override":"","override_value":"","rating":[{"rating_text":"","rating_number":"10"}],"price":[{"shop":"","price":"","link":"","icon":""}],"jnews_override_counter":{"override_view_counter":"0","view_counter_number":"0","override_share_counter":"0","share_counter_number":"0","override_like_counter":"0","like_counter_number":"0","override_dislike_counter":"0","dislike_counter_number":"0"},"jnews_post_split":{"enable_post_split":"0","post_split":[{"template":"1","tag":"h2","numbering":"asc","mode":"normal","first":"0","enable_toc":"0","toc_type":"normal"}]},"footnotes":""},"categories":[58,59],"tags":[44,15249,1158,45,1712,2125,4179],"class_list":["post-54446","post","type-post","status-publish","format-standard","has-post-thumbnail","hentry","category-argentina","category-politica","tag-argentina","tag-emergencia-ferroviaria","tag-javier-milei","tag-noticias","tag-paro-de-trenes","tag-trenes","tag-trenes-argentinos"],"_links":{"self":[{"href":"https:\/\/esreviral.com\/index.php?rest_route=\/wp\/v2\/posts\/54446","targetHints":{"allow":["GET"]}}],"collection":[{"href":"https:\/\/esreviral.com\/index.php?rest_route=\/wp\/v2\/posts"}],"about":[{"href":"https:\/\/esreviral.com\/index.php?rest_route=\/wp\/v2\/types\/post"}],"author":[{"embeddable":true,"href":"https:\/\/esreviral.com\/index.php?rest_route=\/wp\/v2\/users\/3"}],"replies":[{"embeddable":true,"href":"https:\/\/esreviral.com\/index.php?rest_route=%2Fwp%2Fv2%2Fcomments&post=54446"}],"version-history":[{"count":0,"href":"https:\/\/esreviral.com\/index.php?rest_route=\/wp\/v2\/posts\/54446\/revisions"}],"wp:featuredmedia":[{"embeddable":true,"href":"https:\/\/esreviral.com\/index.php?rest_route=\/wp\/v2\/media\/54447"}],"wp:attachment":[{"href":"https:\/\/esreviral.com\/index.php?rest_route=%2Fwp%2Fv2%2Fmedia&parent=54446"}],"wp:term":[{"taxonomy":"category","embeddable":true,"href":"https:\/\/esreviral.com\/index.php?rest_route=%2Fwp%2Fv2%2Fcategories&post=54446"},{"taxonomy":"post_tag","embeddable":true,"href":"https:\/\/esreviral.com\/index.php?rest_route=%2Fwp%2Fv2%2Ftags&post=54446"}],"curies":[{"name":"wp","href":"https:\/\/api.w.org\/{rel}","templated":true}]}}