{"id":54442,"date":"2024-05-27T12:29:02","date_gmt":"2024-05-27T17:29:02","guid":{"rendered":"https:\/\/esreviral.com\/?p=54442"},"modified":"2024-05-27T12:29:03","modified_gmt":"2024-05-27T17:29:03","slug":"arrestaron-en-colombia-a-hombre-que-rapto-a-la-hija-de-una-adolescente-venezolana-en-chile","status":"publish","type":"post","link":"https:\/\/esreviral.com\/?p=54442","title":{"rendered":"Arrestaron en Colombia a hombre que rapt\u00f3 a la hija de una adolescente venezolana en Chile"},"content":{"rendered":"\n<p>En una operaci\u00f3n conjunta entre la Polic\u00eda Nacional de Colombia y la Interpol, capturaron a Yefran David Aguilar Arteaga, un hombre de 23 a\u00f1os de edad acusado de raptar a una ni\u00f1a de dos a\u00f1os de edad en Chile, quien es hija de una madre adolescente venezolana.<\/p>\n\n\n\n<p>La detenci\u00f3n se llev\u00f3 a cabo en la localidad de Fontib\u00f3n, Bogot\u00e1, tras una exhaustiva b\u00fasqueda internacional.<\/p>\n\n\n\n<p>Aguilar Arteaga era requerido por la justicia chilena desde el pasado 26 de abril. Este individuo sac\u00f3 a la menor de su hogar en la ciudad de Quill\u00f3n. Seg\u00fan las autoridades, el hombre habr\u00eda aprovechado la confianza depositada en \u00e9l por la familia de la ni\u00f1a para cometer el delito.<\/p>\n\n\n\n<figure class=\"wp-block-video\"><video controls src=\"https:\/\/caraotadigital.net\/wp-content\/uploads\/2024\/05\/ssstwitter.com_1716825596892.mp4?_=1\"><\/video><\/figure>\n\n\n\n<p>Tras la denuncia de la familia, se activ\u00f3 una alerta internacional y se inici\u00f3 la b\u00fasqueda del sospechoso. El hombre huy\u00f3 de Chile a trav\u00e9s de Bolivia, Per\u00fa y Ecuador. Gracias a la colaboraci\u00f3n entre las polic\u00edas de la regi\u00f3n, lograron rastrear el recorrido de Aguilar hasta su ubicaci\u00f3n en Bogot\u00e1.<\/p>\n\n\n\n<p>Durante la operaci\u00f3n de captura, la menor fue rescatada sana y salva. El Instituto Colombiano de Bienestar Familiar (ICBF) qued\u00f3 al cuidado de la menor mientras se realizan los tr\u00e1mites para su retorno a Chile y su reintegro a su familia.<\/p>\n\n\n\n<figure class=\"wp-block-image size-full\"><img fetchpriority=\"high\" decoding=\"async\" width=\"860\" height=\"463\" src=\"https:\/\/esreviral.com\/wp-content\/uploads\/2024\/05\/AnyConv.com__GOlGFkoWUAAooS2.webp\" alt=\"\" class=\"wp-image-54443\" srcset=\"https:\/\/esreviral.com\/wp-content\/uploads\/2024\/05\/AnyConv.com__GOlGFkoWUAAooS2.webp 860w, https:\/\/esreviral.com\/wp-content\/uploads\/2024\/05\/AnyConv.com__GOlGFkoWUAAooS2-300x162.webp 300w, https:\/\/esreviral.com\/wp-content\/uploads\/2024\/05\/AnyConv.com__GOlGFkoWUAAooS2-768x413.webp 768w, https:\/\/esreviral.com\/wp-content\/uploads\/2024\/05\/AnyConv.com__GOlGFkoWUAAooS2-750x404.webp 750w\" sizes=\"(max-width: 860px) 100vw, 860px\" \/><\/figure>\n\n\n\n<p>El coronel Edwin Masleider Urrego Pedraza, director de Investigaci\u00f3n Criminal e Interpol, destac\u00f3 la importancia de la cooperaci\u00f3n internacional en la lucha contra el crimen transnacional. El uniformado resalt\u00f3 el compromiso de las autoridades colombianas en la protecci\u00f3n de los derechos de los ni\u00f1os.<\/p>\n\n\n\n<p>Aguilar Arteaga qued\u00f3 a disposici\u00f3n de la Fiscal\u00eda General de Colombia, a la espera de su extradici\u00f3n a Chile, donde deber\u00e1 responder por el delito de sustracci\u00f3n de menores.<\/p>\n\n\n\n<p class=\"has-text-align-right\"><strong><em>caraotadigital.net.-<\/em><\/strong><\/p>\n","protected":false},"excerpt":{"rendered":"<p>El hombre habr\u00eda raptado una ni\u00f1a de dos a\u00f1os en Chile para luego huir de las autoridades migratorias y esconderse en Bogot\u00e1.<\/p>\n","protected":false},"author":3,"featured_media":54444,"comment_status":"open","ping_status":"open","sticky":false,"template":"","format":"standard","meta":{"jnews-multi-image_gallery":[],"jnews_single_post":{"subtitle":"","format":"standard","video":"","gallery":"","source_name":"","source_url":"","via_name":"","via_url":"","override_template":"0","override":[{"template":"4","single_blog_custom":"","parallax":"1","fullscreen":"1","layout":"right-sidebar","sidebar":"default-sidebar","second_sidebar":"default-sidebar","sticky_sidebar":"1","share_position":"top","share_float_style":"share-monocrhome","show_share_counter":"1","show_view_counter":"1","show_featured":"1","show_post_meta":"1","show_post_author":"1","show_post_author_image":"1","show_post_date":"1","post_date_format":"default","post_date_format_custom":"Y\/m\/d","show_post_category":"1","show_post_reading_time":"1","post_reading_time_wpm":"300","show_zoom_button":"1","zoom_button_out_step":"2","zoom_button_in_step":"3","show_post_tag":"1","show_prev_next_post":"1","show_popup_post":"1","number_popup_post":"1","show_author_box":"1","show_post_related":"1","show_inline_post_related":"0"}],"override_image_size":"0","image_override":[{"single_post_thumbnail_size":"crop-500","single_post_gallery_size":"crop-500"}],"trending_post":"0","trending_post_position":"meta","trending_post_label":"Trending","sponsored_post":"0","sponsored_post_label":"Sponsored by","sponsored_post_name":"","sponsored_post_url":"","sponsored_post_logo_enable":"0","sponsored_post_logo":"","sponsored_post_desc":"","disable_ad":"0"},"jnews_primary_category":{"id":"","hide":""},"jnews_social_meta":{"fb_title":"","fb_description":"","fb_image":"","twitter_title":"","twitter_description":"","twitter_image":""},"jnews_review":[],"enable_review":"0","type":"percentage","name":"","summary":"","brand":"","sku":"","good":[{"good_text":""}],"bad":[{"bad_text":""}],"score_override":"","override_value":"","rating":[{"rating_text":"","rating_number":"10"}],"price":[{"shop":"","price":"","link":"","icon":""}],"jnews_override_counter":{"override_view_counter":"0","view_counter_number":"0","override_share_counter":"0","share_counter_number":"0","override_like_counter":"0","like_counter_number":"0","override_dislike_counter":"0","dislike_counter_number":"0"},"jnews_post_split":{"enable_post_split":"0","post_split":[{"template":"1","tag":"h2","numbering":"asc","mode":"normal","first":"0","enable_toc":"0","toc_type":"normal"}]},"footnotes":""},"categories":[88,64],"tags":[14484,386,283,7186,7088,15369,8273],"class_list":["post-54442","post","type-post","status-publish","format-standard","has-post-thumbnail","hentry","category-internacionales","category-sucesos","tag-adolescente-venezolana","tag-chile","tag-colombia","tag-delito","tag-interpol","tag-policia-nacional-de-colombia","tag-rapto"],"_links":{"self":[{"href":"https:\/\/esreviral.com\/index.php?rest_route=\/wp\/v2\/posts\/54442","targetHints":{"allow":["GET"]}}],"collection":[{"href":"https:\/\/esreviral.com\/index.php?rest_route=\/wp\/v2\/posts"}],"about":[{"href":"https:\/\/esreviral.com\/index.php?rest_route=\/wp\/v2\/types\/post"}],"author":[{"embeddable":true,"href":"https:\/\/esreviral.com\/index.php?rest_route=\/wp\/v2\/users\/3"}],"replies":[{"embeddable":true,"href":"https:\/\/esreviral.com\/index.php?rest_route=%2Fwp%2Fv2%2Fcomments&post=54442"}],"version-history":[{"count":0,"href":"https:\/\/esreviral.com\/index.php?rest_route=\/wp\/v2\/posts\/54442\/revisions"}],"wp:featuredmedia":[{"embeddable":true,"href":"https:\/\/esreviral.com\/index.php?rest_route=\/wp\/v2\/media\/54444"}],"wp:attachment":[{"href":"https:\/\/esreviral.com\/index.php?rest_route=%2Fwp%2Fv2%2Fmedia&parent=54442"}],"wp:term":[{"taxonomy":"category","embeddable":true,"href":"https:\/\/esreviral.com\/index.php?rest_route=%2Fwp%2Fv2%2Fcategories&post=54442"},{"taxonomy":"post_tag","embeddable":true,"href":"https:\/\/esreviral.com\/index.php?rest_route=%2Fwp%2Fv2%2Ftags&post=54442"}],"curies":[{"name":"wp","href":"https:\/\/api.w.org\/{rel}","templated":true}]}}