{"id":54436,"date":"2024-05-27T12:02:25","date_gmt":"2024-05-27T17:02:25","guid":{"rendered":"https:\/\/esreviral.com\/?p=54436"},"modified":"2024-05-27T12:02:25","modified_gmt":"2024-05-27T17:02:25","slug":"encontraron-un-cuerpo-que-coincide-con-la-descripcion-de-la-turista-alemana-en-el-cerro-tres-marias","status":"publish","type":"post","link":"https:\/\/esreviral.com\/?p=54436","title":{"rendered":"Encontraron un cuerpo que coincide con la descripci\u00f3n de la turista alemana en el cerro Tres Mar\u00edas"},"content":{"rendered":"\n<p><strong>Hallaron un cuerpo que corresponde con el de la joven turista alemana que hab\u00eda desaparecido en el cerro Tres Mar\u00edas<\/strong>, seg\u00fan confirmaron desde la Justicia sanjuanina. Julia Horn (19) hab\u00eda sido vista por \u00faltima vez el 23 de mayo cuando fue hacer trekking.<\/p>\n\n\n\n<p>Despu\u00e9s de varios d\u00edas de rastrillajes y un extenso operativo en el cerro, las autoridades de la provincia le confirmaron a los medios locales que Horn fue visualizada desde el helic\u00f3ptero que forma parte de la b\u00fasqueda.<\/p>\n\n\n\n<p>Daniela Pringles, una de las fiscales del caso confirm\u00f3 que el helic\u00f3ptero visualiz\u00f3 desde la altura y un cuerpo por lo que se dio aviso: \u00abFue personal de delitos especiales y la polic\u00eda para levantar el cuerpo que se encontr\u00f3\u00bb.<\/p>\n\n\n\n<p>\u201cCoincide con las caracter\u00edsticas de la joven, pero resta saber qu\u00e9 dice la autopsia\u201d, detall\u00f3.<\/p>\n\n\n\n<p>\u201cEn estos momentos suspendemos los operativos de b\u00fasqueda. Nosotros continuaremos en el lugar\u201d, indic\u00f3.<\/p>\n\n\n\n<p>Este mismo lunes, con una mejora en el clima, los pap\u00e1s llegaron al pa\u00eds para sumarse a los rastrillajes, los cu\u00e1les tomaron un nuevo rumbo este mediod\u00eda tras el hallazgo del cuerpo.<\/p>\n\n\n\n<p><strong><em>Noticia en desarrollo\u00a0&#8230;<\/em><\/strong><\/p>\n\n\n\n<p class=\"has-text-align-center\"><strong><a href=\"https:\/\/chat.whatsapp.com\/KWkTmakY3I05kNdd2oZl6d\">\u00daNETE A NUESTRO GRUPO DE WHATSAPP PARA MANTENERTE INFORMADO<\/a><\/strong><\/p>\n\n\n\n<p><\/p>\n\n\n\n<p class=\"has-text-align-right\"><strong><em>cadena3.com.-<\/em><\/strong><\/p>\n","protected":false},"excerpt":{"rendered":"<p>En las \u00faltimas horas, los padres de la joven hab\u00edan llegado al pa\u00eds para participar del operativo de b\u00fasqueda.<\/p>\n","protected":false},"author":3,"featured_media":54437,"comment_status":"open","ping_status":"open","sticky":false,"template":"","format":"standard","meta":{"jnews-multi-image_gallery":[],"jnews_single_post":{"subtitle":"","format":"standard","video":"","gallery":"","source_name":"","source_url":"","via_name":"","via_url":"","override_template":"0","override":[{"template":"4","single_blog_custom":"","parallax":"1","fullscreen":"1","layout":"right-sidebar","sidebar":"default-sidebar","second_sidebar":"default-sidebar","sticky_sidebar":"1","share_position":"top","share_float_style":"share-monocrhome","show_share_counter":"1","show_view_counter":"1","show_featured":"1","show_post_meta":"1","show_post_author":"1","show_post_author_image":"1","show_post_date":"1","post_date_format":"default","post_date_format_custom":"Y\/m\/d","show_post_category":"1","show_post_reading_time":"1","post_reading_time_wpm":"300","show_zoom_button":"1","zoom_button_out_step":"2","zoom_button_in_step":"3","show_post_tag":"1","show_prev_next_post":"1","show_popup_post":"1","number_popup_post":"1","show_author_box":"1","show_post_related":"1","show_inline_post_related":"0"}],"override_image_size":"0","image_override":[{"single_post_thumbnail_size":"crop-500","single_post_gallery_size":"crop-500"}],"trending_post":"0","trending_post_position":"meta","trending_post_label":"Trending","sponsored_post":"0","sponsored_post_label":"Sponsored by","sponsored_post_name":"","sponsored_post_url":"","sponsored_post_logo_enable":"0","sponsored_post_logo":"","sponsored_post_desc":"","disable_ad":"0"},"jnews_primary_category":{"id":"","hide":""},"jnews_social_meta":{"fb_title":"","fb_description":"","fb_image":"","twitter_title":"","twitter_description":"","twitter_image":""},"jnews_review":[],"enable_review":"0","type":"percentage","name":"","summary":"","brand":"","sku":"","good":[{"good_text":""}],"bad":[{"bad_text":""}],"score_override":"","override_value":"","rating":[{"rating_text":"","rating_number":"10"}],"price":[{"shop":"","price":"","link":"","icon":""}],"jnews_override_counter":{"override_view_counter":"0","view_counter_number":"0","override_share_counter":"0","share_counter_number":"0","override_like_counter":"0","like_counter_number":"0","override_dislike_counter":"0","dislike_counter_number":"0"},"jnews_post_split":{"enable_post_split":"0","post_split":[{"template":"1","tag":"h2","numbering":"asc","mode":"normal","first":"0","enable_toc":"0","toc_type":"normal"}]},"footnotes":""},"categories":[58,64],"tags":[44,15624,15627,15628,15626,15625,56],"class_list":["post-54436","post","type-post","status-publish","format-standard","has-post-thumbnail","hentry","category-argentina","category-sucesos","tag-argentina","tag-cerro-en-san-juan","tag-cerro-tres-marias","tag-trekking","tag-tres-marias","tag-turista-alemana","tag-venezuela"],"amp_enabled":true,"_links":{"self":[{"href":"https:\/\/esreviral.com\/index.php?rest_route=\/wp\/v2\/posts\/54436"}],"collection":[{"href":"https:\/\/esreviral.com\/index.php?rest_route=\/wp\/v2\/posts"}],"about":[{"href":"https:\/\/esreviral.com\/index.php?rest_route=\/wp\/v2\/types\/post"}],"author":[{"embeddable":true,"href":"https:\/\/esreviral.com\/index.php?rest_route=\/wp\/v2\/users\/3"}],"replies":[{"embeddable":true,"href":"https:\/\/esreviral.com\/index.php?rest_route=%2Fwp%2Fv2%2Fcomments&post=54436"}],"version-history":[{"count":0,"href":"https:\/\/esreviral.com\/index.php?rest_route=\/wp\/v2\/posts\/54436\/revisions"}],"wp:featuredmedia":[{"embeddable":true,"href":"https:\/\/esreviral.com\/index.php?rest_route=\/wp\/v2\/media\/54437"}],"wp:attachment":[{"href":"https:\/\/esreviral.com\/index.php?rest_route=%2Fwp%2Fv2%2Fmedia&parent=54436"}],"wp:term":[{"taxonomy":"category","embeddable":true,"href":"https:\/\/esreviral.com\/index.php?rest_route=%2Fwp%2Fv2%2Fcategories&post=54436"},{"taxonomy":"post_tag","embeddable":true,"href":"https:\/\/esreviral.com\/index.php?rest_route=%2Fwp%2Fv2%2Ftags&post=54436"}],"curies":[{"name":"wp","href":"https:\/\/api.w.org\/{rel}","templated":true}]}}