{"id":54428,"date":"2024-05-27T10:05:29","date_gmt":"2024-05-27T15:05:29","guid":{"rendered":"https:\/\/esreviral.com\/?p=54428"},"modified":"2024-05-27T10:41:36","modified_gmt":"2024-05-27T15:41:36","slug":"manuel-adorni-ratifico-que-el-30-de-junio-habra-mas-despidos-en-el-estado","status":"publish","type":"post","link":"https:\/\/esreviral.com\/?p=54428","title":{"rendered":"Manuel Adorni ratific\u00f3 que el 30 de junio habr\u00e1 m\u00e1s despidos en el Estado"},"content":{"rendered":"\n<p>El Gobierno confirm\u00f3 que el 30 de junio habr\u00e1&nbsp;<strong>m\u00e1s despidos&nbsp;<\/strong>en el Estado: \u201cEs sano revisar cada \u00e1rea\u201d, dijo el vocero presidencial,&nbsp;<strong>Manuel Adorni,<\/strong>&nbsp;en conferencia de prensa en Casa Rosada. Adorni explic\u00f3 que hay un \u201cproceso permanente\u201d de evaluaci\u00f3n de la planta de empleados p\u00fablicos.<\/p>\n\n\n\n<p>El vocero presidencial ratific\u00f3: \u201c<strong>M\u00e1s despidos va a haber,<\/strong>&nbsp;con seguridad, lo dijimos que iba a haber una segunda revisi\u00f3n, que se le iba a dar curso el&nbsp;<strong>30 de junio,<\/strong>&nbsp;eso va a seguir pasando, casi como un proceso permanente y eterno, revisar funcionamientos de determinadas \u00e1reas, qu\u00e9 valor agregan, si&nbsp;<strong>la dotaci\u00f3n es la correcta&nbsp;<\/strong>y si no lo es se corrige\u201d.<\/p>\n\n\n\n<p class=\"has-text-align-center\"><strong><a href=\"https:\/\/chat.whatsapp.com\/KWkTmakY3I05kNdd2oZl6d\">\u00daNETE A NUESTRO GRUPO DE WHATSAPP PARA MANTENERTE INFORMADO<\/a><\/strong><\/p>\n\n\n\n<p>Adorni dijo: \u201cEsto no quita que cada tres veces vayamos ejecutando el nuevo paso en esta&nbsp;<strong>limpieza de la planta estatal,<\/strong>&nbsp;es sano que as\u00ed sea, que se revise cada \u00e1rea, y ver si efectivamente est\u00e1 funcionando bien o no con la dotaci\u00f3n asignada\u201d.<\/p>\n\n\n\n<p><strong><mark style=\"background-color:rgba(0, 0, 0, 0)\" class=\"has-inline-color has-vivid-red-color\">Nicol\u00e1s Posse, sobre los despidos en el Estado: \u201cEl criterio es mantener a la gente que trabaja y trabaja bien\u201d<\/mark><\/strong><\/p>\n\n\n\n<figure class=\"wp-block-image size-large\"><img decoding=\"async\" src=\"https:\/\/tn.com.ar\/resizer\/lLu_YQ3GkkA1DRYAXGuAGUz6qss=\/1440x0\/smart\/filters:format(webp)\/cloudfront-us-east-1.images.arcpublishing.com\/artear\/7HA7LMKMXVFALI35MOREHM4NOM.jpg\" alt=\"\"\/><\/figure>\n\n\n\n<p>El jefe de Gabinete,&nbsp;<strong>Nicol\u00e1s Posse,<\/strong>&nbsp;dijo en su exposici\u00f3n en el Senado, en su informe de gesti\u00f3n a mediados de mayo, ante una consulta sobre los<strong>&nbsp;despidos en el Estado:&nbsp;<\/strong>\u201cEl criterio es mantener a la gente que<strong>&nbsp;trabaja y trabaja bien,<\/strong>&nbsp;si eso no se ocurre, se trabajar\u00e1 en corregirlo\u201d. Se trata de una de las principales medidas del Gobierno para reducir el gasto p\u00fablico, en su meta de conseguir el d\u00e9ficit cero, lo que el Ejecutivo considera \u201cinnegociable\u201d.<\/p>\n\n\n\n<p>Posse dijo: \u201cCuando recibimos la administraci\u00f3n hab\u00eda una enorme cantidad de contratos que ten\u00edan vencimiento al 31 de diciembre y&nbsp;<strong>muy poca claridad<\/strong>&nbsp;de qu\u00e9 tareas realizaba esa gente y a qu\u00e9 estaban abocados. Esto se est\u00e1 poniendo en orden lo m\u00e1s r\u00e1pido posible de manera gradual, tratando de tener el foco puesto en la gente que hace su trabajo y da un servicio y no cometiendo injusticias\u201d.<\/p>\n\n\n\n<p>El jefe de Gabinete respondi\u00f3 a las preguntas de la senadora de la UCR,&nbsp;<strong>Carolina Losada,<\/strong>&nbsp;que le plante\u00f3: \u201cUna preocupaci\u00f3n que tengo tiene que ver con muchas denuncias que estoy recibiendo de gente que trabaja en diferentes organismos p\u00fablicos\u201d.<\/p>\n\n\n\n<p>La legisladora dijo: \u201cTodos estamos de acuerdo, por lo menos la mayor\u00eda de nosotros, con barrer a todos los \u2018\u00f1oquis\u2019 de todos los organismos. Pero muchos est\u00e1n diciendo que se est\u00e1n dejando a muchos \u2018\u00f1oquis\u2019 y se est\u00e1 sacando a gente que realmente labura. Quisiera saber cu\u00e1l es el\u00a0<strong>criterio\u00a0<\/strong>que se lleva a cabo para barrer con los que corresponde y dejar a los que realmente trabajan y si se puede revisar para hacerlo\u00a0<strong>con bistur\u00ed y no con motosierra\u201d.<\/strong><\/p>\n\n\n\n<p><strong><em><mark style=\"background-color:rgba(0, 0, 0, 0)\" class=\"has-inline-color has-vivid-red-color\"><a href=\"https:\/\/esreviral.com\/como-se-proyecta-la-semana-tras-el-alza-del-dolar-libre-segun-los-analistas\/\" data-type=\"link\" data-id=\"https:\/\/esreviral.com\/como-se-proyecta-la-semana-tras-el-alza-del-dolar-libre-segun-los-analistas\/\">Lea Tambi\u00e9n: C\u00f3mo se proyecta la semana tras el alza del d\u00f3lar libre seg\u00fan los analistas<\/a><\/mark><\/em><\/strong><\/p>\n\n\n\n<p class=\"has-text-align-right\"><strong><em>TN.<\/em><\/strong>&#8211;<\/p>\n","protected":false},"excerpt":{"rendered":"<p>El vocero presidencial Manuel Adorni dijo que hay un \u201cproceso permanente\u201d de la evaluaci\u00f3n de la planta de empleados p\u00fablicos.<\/p>\n","protected":false},"author":3,"featured_media":50216,"comment_status":"open","ping_status":"open","sticky":false,"template":"","format":"standard","meta":{"jnews-multi-image_gallery":[],"jnews_single_post":{"subtitle":"","format":"standard","video":"","gallery":"","source_name":"","source_url":"","via_name":"","via_url":"","override_template":"0","override":[{"template":"4","single_blog_custom":"","parallax":"1","fullscreen":"1","layout":"right-sidebar","sidebar":"default-sidebar","second_sidebar":"default-sidebar","sticky_sidebar":"1","share_position":"top","share_float_style":"share-monocrhome","show_share_counter":"1","show_view_counter":"1","show_featured":"1","show_post_meta":"1","show_post_author":"1","show_post_author_image":"1","show_post_date":"1","post_date_format":"default","post_date_format_custom":"Y\/m\/d","show_post_category":"1","show_post_reading_time":"1","post_reading_time_wpm":"300","show_zoom_button":"1","zoom_button_out_step":"2","zoom_button_in_step":"3","show_post_tag":"1","show_prev_next_post":"1","show_popup_post":"1","number_popup_post":"1","show_author_box":"1","show_post_related":"1","show_inline_post_related":"0"}],"override_image_size":"0","image_override":[{"single_post_thumbnail_size":"crop-500","single_post_gallery_size":"crop-500"}],"trending_post":"0","trending_post_position":"meta","trending_post_label":"Trending","sponsored_post":"0","sponsored_post_label":"Sponsored by","sponsored_post_name":"","sponsored_post_url":"","sponsored_post_logo_enable":"0","sponsored_post_logo":"","sponsored_post_desc":"","disable_ad":"0"},"jnews_primary_category":{"id":"","hide":""},"jnews_social_meta":{"fb_title":"","fb_description":"","fb_image":"","twitter_title":"","twitter_description":"","twitter_image":""},"jnews_review":[],"enable_review":"0","type":"percentage","name":"","summary":"","brand":"","sku":"","good":[{"good_text":""}],"bad":[{"bad_text":""}],"score_override":"","override_value":"","rating":[{"rating_text":"","rating_number":"10"}],"price":[{"shop":"","price":"","link":"","icon":""}],"jnews_override_counter":{"override_view_counter":"0","view_counter_number":"0","override_share_counter":"0","share_counter_number":"0","override_like_counter":"0","like_counter_number":"0","override_dislike_counter":"0","dislike_counter_number":"0"},"jnews_post_split":{"enable_post_split":"0","post_split":[{"template":"1","tag":"h2","numbering":"asc","mode":"normal","first":"0","enable_toc":"0","toc_type":"normal"}]},"footnotes":""},"categories":[58,59],"tags":[44,3105,12936,45,12945],"class_list":["post-54428","post","type-post","status-publish","format-standard","has-post-thumbnail","hentry","category-argentina","category-politica","tag-argentina","tag-casa-rosada","tag-manuel-adorni","tag-noticias","tag-vocero-presidencial"],"amp_enabled":true,"_links":{"self":[{"href":"https:\/\/esreviral.com\/index.php?rest_route=\/wp\/v2\/posts\/54428"}],"collection":[{"href":"https:\/\/esreviral.com\/index.php?rest_route=\/wp\/v2\/posts"}],"about":[{"href":"https:\/\/esreviral.com\/index.php?rest_route=\/wp\/v2\/types\/post"}],"author":[{"embeddable":true,"href":"https:\/\/esreviral.com\/index.php?rest_route=\/wp\/v2\/users\/3"}],"replies":[{"embeddable":true,"href":"https:\/\/esreviral.com\/index.php?rest_route=%2Fwp%2Fv2%2Fcomments&post=54428"}],"version-history":[{"count":0,"href":"https:\/\/esreviral.com\/index.php?rest_route=\/wp\/v2\/posts\/54428\/revisions"}],"wp:featuredmedia":[{"embeddable":true,"href":"https:\/\/esreviral.com\/index.php?rest_route=\/wp\/v2\/media\/50216"}],"wp:attachment":[{"href":"https:\/\/esreviral.com\/index.php?rest_route=%2Fwp%2Fv2%2Fmedia&parent=54428"}],"wp:term":[{"taxonomy":"category","embeddable":true,"href":"https:\/\/esreviral.com\/index.php?rest_route=%2Fwp%2Fv2%2Fcategories&post=54428"},{"taxonomy":"post_tag","embeddable":true,"href":"https:\/\/esreviral.com\/index.php?rest_route=%2Fwp%2Fv2%2Ftags&post=54428"}],"curies":[{"name":"wp","href":"https:\/\/api.w.org\/{rel}","templated":true}]}}