{"id":54336,"date":"2024-05-25T08:11:35","date_gmt":"2024-05-25T13:11:35","guid":{"rendered":"https:\/\/esreviral.com\/?p=54336"},"modified":"2024-05-25T08:32:12","modified_gmt":"2024-05-25T13:32:12","slug":"el-ministerio-de-transporte-anuncio-un-importante-cambio-para-acreditar-la-carga-de-la-tarjeta-sube","status":"publish","type":"post","link":"https:\/\/esreviral.com\/?p=54336","title":{"rendered":"El Ministerio de Transporte anunci\u00f3 un importante cambio para acreditar la carga de la tarjeta SUBE"},"content":{"rendered":"\n<p>El Gobierno impuls\u00f3 la implementaci\u00f3n del sistema&nbsp;<strong>\u201cCarga a Bordo\u201d<\/strong>&nbsp;para la <strong>tarjeta SUBE<\/strong>&nbsp;en todo el pa\u00eds y,&nbsp;<strong>a partir del pr\u00f3ximo lunes<\/strong>, el sistema estar\u00e1 disponible en&nbsp;<strong>28 nuevas localidades<\/strong>. Adem\u00e1s, el Estado Nacional mantendr\u00e1 la asistencia econ\u00f3mica a las provincias para&nbsp;subsidiar el 55% del boleto&nbsp;a los sectores m\u00e1s vulnerables.<\/p>\n\n\n\n<p>\u201c\u2018Carga a Bordo\u2019 es una alternativa que facilita y mejora la experiencia de los usuarios SUBE porque&nbsp;<strong>permite acreditar en las validadoras de los colectivos las cargas compradas de manera electr\u00f3nica<\/strong>&nbsp;en la tarjeta SUBE\u201d, se\u00f1al\u00f3 la Secretar\u00eda de Transporte mediante un comunicado.<\/p>\n\n\n\n<p class=\"has-text-align-center\"><strong><a href=\"https:\/\/chat.whatsapp.com\/KWkTmakY3I05kNdd2oZl6d\">\u00daNETE A NUESTRO GRUPO DE WHATSAAP Y MANTENTE INFORMADO<\/a><\/strong><\/p>\n\n\n\n<p>Y agreg\u00f3: \u201cDe esta forma,&nbsp;<strong>no hay que acercarse a una Terminal Autom\u00e1tica<\/strong>&nbsp;luego de cargar la tarjeta por medios digitales como la nueva app SUBE, homebanking, cajeros autom\u00e1ticos y billeteras virtuales\u201d.<\/p>\n\n\n\n<p>Al subir al colectivo, el usuario deber\u00e1 indicar al chofer que necesita acreditar una carga y acercar su tarjeta a la validadora, donde realiza el pago del viaje. Luego de que la m\u00e1quina indique que la carga fue aplicada, el usuario podr\u00e1 abonar el boleto de manera habitual, acercando nuevamente la tarjeta a la validadora.<\/p>\n\n\n\n<p>La Secretar\u00eda de Transporte indic\u00f3 que adem\u00e1s seguir\u00e1 vigente la Tarifa Social Federal en todo el pa\u00eds, que permite el descuento del 55 por ciento en el valor del boleto de transporte p\u00fablico a grupos sociales como jubilados, pensionados, personal de trabajo dom\u00e9stico, estudiantes del programa Progresar, entre otros.<\/p>\n\n\n\n<figure class=\"wp-block-image size-full\"><img fetchpriority=\"high\" decoding=\"async\" width=\"1005\" height=\"454\" src=\"https:\/\/esreviral.com\/wp-content\/uploads\/2024\/02\/AnyConv.com__tarjeta-SUBE-compressed.webp\" alt=\"\" class=\"wp-image-48969\" srcset=\"https:\/\/esreviral.com\/wp-content\/uploads\/2024\/02\/AnyConv.com__tarjeta-SUBE-compressed.webp 1005w, https:\/\/esreviral.com\/wp-content\/uploads\/2024\/02\/AnyConv.com__tarjeta-SUBE-compressed-300x136.webp 300w, https:\/\/esreviral.com\/wp-content\/uploads\/2024\/02\/AnyConv.com__tarjeta-SUBE-compressed-768x347.webp 768w, https:\/\/esreviral.com\/wp-content\/uploads\/2024\/02\/AnyConv.com__tarjeta-SUBE-compressed-750x339.webp 750w\" sizes=\"(max-width: 1005px) 100vw, 1005px\" \/><\/figure>\n\n\n\n<p><strong><mark style=\"background-color:rgba(0, 0, 0, 0)\" class=\"has-inline-color has-vivid-red-color\">\u201cCarga a bordo\u201d: en qu\u00e9 localidades estar\u00e1 disponible el nuevo sistema de la tarjeta SUBE<\/mark><\/strong><\/p>\n\n\n\n<p><strong>Buenos Aires:<\/strong>&nbsp;Bah\u00eda Blanca, Balcarce, Chivilcoy, Jun\u00edn, Necochea, Olavarr\u00eda, Villa Gesell, Pinamar, Partido de la Costa y General Pueyrred\u00f3n.<\/p>\n\n\n\n<p><strong>Entre R\u00edos:&nbsp;<\/strong>Concordia y Paran\u00e1.<\/p>\n\n\n\n<p><strong>Chaco:&nbsp;<\/strong>Resistencia y alrededores.<\/p>\n\n\n\n<p><strong>Jujuy:&nbsp;<\/strong>Palpal\u00e1 y San Salvador de Jujuy.<\/p>\n\n\n\n<p><strong>Neuqu\u00e9n:<\/strong>&nbsp;Plottier y San Mart\u00edn de los Andes.<\/p>\n\n\n\n<p><strong>R\u00edo Negro:&nbsp;<\/strong>Cipolletti, General Roca, Bariloche y Viedma.<\/p>\n\n\n\n<p><strong>Santa Fe:<\/strong>&nbsp;Santa Fe y alrededores, Rafaela, y Venado Tuerto.<\/p>\n\n\n\n<p><strong>Mendoza:&nbsp;<\/strong>San Rafael y alrededores, Ciudad de Mendoza y alrededores.<\/p>\n\n\n\n<p><strong>Santiago del Estero:&nbsp;<\/strong>La Banda.<\/p>\n\n\n\n<p><strong>Santa Cruz:\u00a0<\/strong>R\u00edo Gallegos.<\/p>\n\n\n\n<p><strong><em><mark style=\"background-color:rgba(0, 0, 0, 0)\" class=\"has-inline-color has-vivid-red-color\"><a href=\"https:\/\/esreviral.com\/el-incremento-del-dolar-blue-impulsa-la-demanda-de-dolar-cripto-en-billeteras-virtuales\/\" data-type=\"link\" data-id=\"https:\/\/esreviral.com\/el-incremento-del-dolar-blue-impulsa-la-demanda-de-dolar-cripto-en-billeteras-virtuales\/\">Lea Tambi\u00e9n: El incremento del d\u00f3lar blue impulsa la demanda de d\u00f3lar cripto en billeteras virtuales<\/a><\/mark><\/em><\/strong><\/p>\n\n\n\n<p class=\"has-text-align-right\"><strong><em>tn.-<\/em><\/strong><\/p>\n","protected":false},"excerpt":{"rendered":"<p>Con la medida buscan agilizar el proceso y reducir los tiempos para la acreditaci\u00f3n del saldo.<\/p>\n","protected":false},"author":3,"featured_media":54337,"comment_status":"open","ping_status":"open","sticky":false,"template":"","format":"standard","meta":{"jnews-multi-image_gallery":[],"jnews_single_post":{"subtitle":"","format":"standard","video":"","gallery":"","source_name":"","source_url":"","via_name":"","via_url":"","override_template":"0","override":[{"template":"4","single_blog_custom":"","parallax":"1","fullscreen":"1","layout":"right-sidebar","sidebar":"default-sidebar","second_sidebar":"default-sidebar","sticky_sidebar":"1","share_position":"top","share_float_style":"share-monocrhome","show_share_counter":"1","show_view_counter":"1","show_featured":"1","show_post_meta":"1","show_post_author":"1","show_post_author_image":"1","show_post_date":"1","post_date_format":"default","post_date_format_custom":"Y\/m\/d","show_post_category":"1","show_post_reading_time":"1","post_reading_time_wpm":"300","show_zoom_button":"1","zoom_button_out_step":"2","zoom_button_in_step":"3","show_post_tag":"1","show_prev_next_post":"1","show_popup_post":"1","number_popup_post":"1","show_author_box":"1","show_post_related":"1","show_inline_post_related":"0"}],"override_image_size":"0","image_override":[{"single_post_thumbnail_size":"crop-500","single_post_gallery_size":"crop-500"}],"trending_post":"0","trending_post_position":"meta","trending_post_label":"Trending","sponsored_post":"0","sponsored_post_label":"Sponsored by","sponsored_post_name":"","sponsored_post_url":"","sponsored_post_logo_enable":"0","sponsored_post_logo":"","sponsored_post_desc":"","disable_ad":"0"},"jnews_primary_category":{"id":"","hide":""},"jnews_social_meta":{"fb_title":"","fb_description":"","fb_image":"","twitter_title":"","twitter_description":"","twitter_image":""},"jnews_review":[],"enable_review":"0","type":"percentage","name":"","summary":"","brand":"","sku":"","good":[{"good_text":""}],"bad":[{"bad_text":""}],"score_override":"","override_value":"","rating":[{"rating_text":"","rating_number":"10"}],"price":[{"shop":"","price":"","link":"","icon":""}],"jnews_override_counter":{"override_view_counter":"0","view_counter_number":"0","override_share_counter":"0","share_counter_number":"0","override_like_counter":"0","like_counter_number":"0","override_dislike_counter":"0","dislike_counter_number":"0"},"jnews_post_split":{"enable_post_split":"0","post_split":[{"template":"1","tag":"h2","numbering":"asc","mode":"normal","first":"0","enable_toc":"0","toc_type":"normal"}]},"footnotes":""},"categories":[58,61],"tags":[44,15591,2879,45,15592,289,3618],"class_list":["post-54336","post","type-post","status-publish","format-standard","has-post-thumbnail","hentry","category-argentina","category-economia","tag-argentina","tag-carga-sube","tag-ministerio-de-transporte","tag-noticias","tag-saldo","tag-sube","tag-tarjeta-sube"],"_links":{"self":[{"href":"https:\/\/esreviral.com\/index.php?rest_route=\/wp\/v2\/posts\/54336","targetHints":{"allow":["GET"]}}],"collection":[{"href":"https:\/\/esreviral.com\/index.php?rest_route=\/wp\/v2\/posts"}],"about":[{"href":"https:\/\/esreviral.com\/index.php?rest_route=\/wp\/v2\/types\/post"}],"author":[{"embeddable":true,"href":"https:\/\/esreviral.com\/index.php?rest_route=\/wp\/v2\/users\/3"}],"replies":[{"embeddable":true,"href":"https:\/\/esreviral.com\/index.php?rest_route=%2Fwp%2Fv2%2Fcomments&post=54336"}],"version-history":[{"count":0,"href":"https:\/\/esreviral.com\/index.php?rest_route=\/wp\/v2\/posts\/54336\/revisions"}],"wp:featuredmedia":[{"embeddable":true,"href":"https:\/\/esreviral.com\/index.php?rest_route=\/wp\/v2\/media\/54337"}],"wp:attachment":[{"href":"https:\/\/esreviral.com\/index.php?rest_route=%2Fwp%2Fv2%2Fmedia&parent=54336"}],"wp:term":[{"taxonomy":"category","embeddable":true,"href":"https:\/\/esreviral.com\/index.php?rest_route=%2Fwp%2Fv2%2Fcategories&post=54336"},{"taxonomy":"post_tag","embeddable":true,"href":"https:\/\/esreviral.com\/index.php?rest_route=%2Fwp%2Fv2%2Ftags&post=54336"}],"curies":[{"name":"wp","href":"https:\/\/api.w.org\/{rel}","templated":true}]}}