{"id":54235,"date":"2024-05-23T10:56:49","date_gmt":"2024-05-23T15:56:49","guid":{"rendered":"https:\/\/esreviral.com\/?p=54235"},"modified":"2024-05-23T10:56:50","modified_gmt":"2024-05-23T15:56:50","slug":"video-dos-adolescentes-pelean-y-un-fuerte-golpe-casi-acaba-con-la-vida-de-una-de-ellas","status":"publish","type":"post","link":"https:\/\/esreviral.com\/?p=54235","title":{"rendered":"+VIDEO: Dos adolescentes pelean y un fuerte golpe casi acaba con la vida de una de ellas"},"content":{"rendered":"\n<p><strong>Un video comenz\u00f3\u00a0<\/strong>a hacerse <strong><em>ReViral<\/em><\/strong> a trav\u00e9s de las redes sociales debido a unas impactante im\u00e1genes que fueron captadas por el<strong>\u00a0tel\u00e9fono celular<\/strong>\u00a0de uno de los testigos<strong>, debido a que qued\u00f3 grabado<\/strong>\u00a0el momento cuando\u00a0<strong>dos alumnas\u00a0<\/strong>de una escuela en\u00a0<strong>Francia<\/strong>, espec\u00edficamente de la instituci\u00f3n de Marius Cultier,<strong>\u00a0pelearon violentamente.<\/strong><\/p>\n\n\n\n<p>Adem\u00e1s,\u00a0<strong>en el metraje se observa\u00a0<\/strong>como un grupo de estudiantes se encuentran rodeandolas mientras est\u00e1n viendo la pelea, sin embargo,<strong>\u00a0un descuido provoc\u00f3\u00a0<\/strong>que una de ellas se golpeara la cabeza en contra de una silla que se encontraba en el sitio, lo que provoc\u00f3 que de manera inmediata quedar\u00e1 inconsciente.<\/p>\n\n\n\n<p><strong>El<\/strong> <strong>video<\/strong> fue compartido a trav\u00e9s de la cuenta de X, antes conocida como<strong> Twitter<\/strong>, por parte de la cuenta @<strong>ultimahoraenx<\/strong>, en la cual describe<em>: \u201cDos estudiantes de la escuela Marius Cultier en Francia se agredieron al finalizar un encuentro escolar\u201d,<\/em>\u00a0para momentos despu\u00e9s\u00a0<strong>colocar el clip\u00a0<\/strong>de no m\u00e1s d<strong>e 20 segundos\u00a0<\/strong>de duraci\u00f3n.<\/p>\n\n\n\n<p><strong>En este se observa como<\/strong>\u00a0<strong>dos adolescentes\u00a0<\/strong>est\u00e1n<strong>\u00a0discutiendo frente a frente<\/strong>, para instantes m\u00e1s tarde comenzar a empujarse y es lo que detona el intercambio a golpes;<strong>\u00a0una de ellas logra voltear a la otra<\/strong>, sin embargo eso provoca<strong>\u00a0que caiga ante la silla<\/strong>\u00a0y se de un\u00a0<strong>fuerte golpe en la cabeza<\/strong>, quedando completamente inconsciente, adem\u00e1s que\u00a0<strong>se observa como sangre brota de su nariz<\/strong>.<\/p>\n\n\n\n<p>Tras el impacto la menor qued\u00f3 herida y fue trasladada r\u00e1pidamente al hospital CHUM (Centre Hospitalier de l\u2019Universit\u00e9 de Montr\u00e9al) con una lesi\u00f3n en la cabeza.<\/p>\n\n\n\n<blockquote class=\"twitter-tweet\"><p lang=\"es\" dir=\"ltr\">Dos estudiantes de la escuela Marius Cultier en Francia se agredieron al finalizar un encuentro escolar <a href=\"https:\/\/t.co\/Niuw4MbfiT\">pic.twitter.com\/Niuw4MbfiT<\/a><\/p>&mdash; ES RE VIRAL (@esreviral) <a href=\"https:\/\/twitter.com\/esreviral\/status\/1793670274774396977?ref_src=twsrc%5Etfw\">May 23, 2024<\/a><\/blockquote> <script async src=\"https:\/\/platform.twitter.com\/widgets.js\" charset=\"utf-8\"><\/script>\n\n\n\n<p>Afortunadamente, las heridas no pusieron en peligro su vida, pero el incidente puso en alerta a las autoridades y los superiores de la instituci\u00f3n.<\/p>\n\n\n\n<p>Ante dicha situaci\u00f3n, la familia de la menor no tard\u00f3 en presentar una denuncia y cargos contra la agresora, lo que provoc\u00f3 una investigaci\u00f3n policial. Por ello, la otra estudianta implicada en la pelea fue detenida para ser interrogado por la polic\u00eda.<\/p>\n\n\n\n<p>Las autoridades han abierto una investigaci\u00f3n para llegar al fondo de lo que desencaden\u00f3 el violento encuentro y abordar las consecuencias del incidente.<\/p>\n\n\n\n<p class=\"has-text-align-center\"><strong><a href=\"https:\/\/chat.whatsapp.com\/KWkTmakY3I05kNdd2oZl6d\">\u00daNETE A NUESTRO GRUPO DE WHATSAAP Y MANTENTE INFORMADO<\/a><\/strong><\/p>\n\n\n\n<p><strong><mark style=\"background-color:rgba(0, 0, 0, 0)\" class=\"has-inline-color has-vivid-red-color\">\u00bfQu\u00e9 se sabe de la menor herida?<\/mark><\/strong><\/p>\n\n\n\n<figure class=\"wp-block-image size-large\"><img fetchpriority=\"high\" decoding=\"async\" width=\"615\" height=\"1024\" src=\"https:\/\/esreviral.com\/wp-content\/uploads\/2024\/05\/K6XZC5KBWVHORCPYOSQTBH3X2Y-615x1024.webp\" alt=\"\" class=\"wp-image-54237\" srcset=\"https:\/\/esreviral.com\/wp-content\/uploads\/2024\/05\/K6XZC5KBWVHORCPYOSQTBH3X2Y-615x1024.webp 615w, https:\/\/esreviral.com\/wp-content\/uploads\/2024\/05\/K6XZC5KBWVHORCPYOSQTBH3X2Y-180x300.webp 180w, https:\/\/esreviral.com\/wp-content\/uploads\/2024\/05\/K6XZC5KBWVHORCPYOSQTBH3X2Y-768x1279.webp 768w, https:\/\/esreviral.com\/wp-content\/uploads\/2024\/05\/K6XZC5KBWVHORCPYOSQTBH3X2Y-750x1249.webp 750w, https:\/\/esreviral.com\/wp-content\/uploads\/2024\/05\/K6XZC5KBWVHORCPYOSQTBH3X2Y.webp 900w\" sizes=\"(max-width: 615px) 100vw, 615px\" \/><\/figure>\n\n\n\n<p>A pesar de la gravedad de su lesi\u00f3n en la cabeza, su condici\u00f3n es estable y no se cree que su vida corra peligro. Es comprensible que su familia est\u00e9 conmocionada y haya emprendido acciones legales contra el otro estudiante involucrado.<\/p>\n\n\n\n<p>En respuesta al incidente, Le Lyc\u00e9e Marius Cultier est\u00e1 tomando medidas proactivas para abordar la situaci\u00f3n y prevenir futuros incidentes.<\/p>\n\n\n\n<p>La escuela ha anunciado la creaci\u00f3n de una c\u00e9lula de apoyo para brindar asesoramiento y apoyo a los estudiantes afectados por el incidente.<\/p>\n\n\n\n<p>Adem\u00e1s, la administraci\u00f3n est\u00e1 planeando iniciativas para crear conciencia sobre el uso responsable de las redes sociales y c\u00f3mo ayudar a las personas en peligro.<\/p>\n\n\n\n<p class=\"has-text-align-right\"><strong><em>aztecajalisco.com.-<\/em><\/strong><\/p>\n","protected":false},"excerpt":{"rendered":"<p>Los hechos tuvieron lugar en el colegio Lyc\u00e9e Marius Cultier de Francia, donde una de ellas fue hospitalizada y la otra bajo investigaci\u00f3n policial.<\/p>\n","protected":false},"author":3,"featured_media":54236,"comment_status":"open","ping_status":"open","sticky":false,"template":"","format":"standard","meta":{"jnews-multi-image_gallery":[],"jnews_single_post":{"subtitle":"","format":"standard","video":"","gallery":"","source_name":"","source_url":"","via_name":"","via_url":"","override_template":"0","override":[{"template":"4","single_blog_custom":"","parallax":"1","fullscreen":"1","layout":"right-sidebar","sidebar":"default-sidebar","second_sidebar":"default-sidebar","sticky_sidebar":"1","share_position":"top","share_float_style":"share-monocrhome","show_share_counter":"1","show_view_counter":"1","show_featured":"1","show_post_meta":"1","show_post_author":"1","show_post_author_image":"1","show_post_date":"1","post_date_format":"default","post_date_format_custom":"Y\/m\/d","show_post_category":"1","show_post_reading_time":"1","post_reading_time_wpm":"300","show_zoom_button":"1","zoom_button_out_step":"2","zoom_button_in_step":"3","show_post_tag":"1","show_prev_next_post":"1","show_popup_post":"1","number_popup_post":"1","show_author_box":"1","show_post_related":"1","show_inline_post_related":"0"}],"override_image_size":"0","image_override":[{"single_post_thumbnail_size":"crop-500","single_post_gallery_size":"crop-500"}],"trending_post":"0","trending_post_position":"meta","trending_post_label":"Trending","sponsored_post":"0","sponsored_post_label":"Sponsored by","sponsored_post_name":"","sponsored_post_url":"","sponsored_post_logo_enable":"0","sponsored_post_logo":"","sponsored_post_desc":"","disable_ad":"0"},"jnews_primary_category":{"id":"","hide":""},"jnews_social_meta":{"fb_title":"","fb_description":"","fb_image":"","twitter_title":"","twitter_description":"","twitter_image":""},"jnews_review":[],"enable_review":"0","type":"percentage","name":"","summary":"","brand":"","sku":"","good":[{"good_text":""}],"bad":[{"bad_text":""}],"score_override":"","override_value":"","rating":[{"rating_text":"","rating_number":"10"}],"price":[{"shop":"","price":"","link":"","icon":""}],"jnews_override_counter":{"override_view_counter":"0","view_counter_number":"0","override_share_counter":"0","share_counter_number":"0","override_like_counter":"0","like_counter_number":"0","override_dislike_counter":"0","dislike_counter_number":"0"},"jnews_post_split":{"enable_post_split":"0","post_split":[{"template":"1","tag":"h2","numbering":"asc","mode":"normal","first":"0","enable_toc":"0","toc_type":"normal"}]},"footnotes":""},"categories":[88,64],"tags":[2189,15539,15537,87,15538,1714],"class_list":["post-54235","post","type-post","status-publish","format-standard","has-post-thumbnail","hentry","category-internacionales","category-sucesos","tag-adolescentes","tag-encuentro-escolar","tag-escuela-en-francia","tag-francia","tag-marius-cultier","tag-redes-sociales"],"amp_enabled":true,"_links":{"self":[{"href":"https:\/\/esreviral.com\/index.php?rest_route=\/wp\/v2\/posts\/54235"}],"collection":[{"href":"https:\/\/esreviral.com\/index.php?rest_route=\/wp\/v2\/posts"}],"about":[{"href":"https:\/\/esreviral.com\/index.php?rest_route=\/wp\/v2\/types\/post"}],"author":[{"embeddable":true,"href":"https:\/\/esreviral.com\/index.php?rest_route=\/wp\/v2\/users\/3"}],"replies":[{"embeddable":true,"href":"https:\/\/esreviral.com\/index.php?rest_route=%2Fwp%2Fv2%2Fcomments&post=54235"}],"version-history":[{"count":0,"href":"https:\/\/esreviral.com\/index.php?rest_route=\/wp\/v2\/posts\/54235\/revisions"}],"wp:featuredmedia":[{"embeddable":true,"href":"https:\/\/esreviral.com\/index.php?rest_route=\/wp\/v2\/media\/54236"}],"wp:attachment":[{"href":"https:\/\/esreviral.com\/index.php?rest_route=%2Fwp%2Fv2%2Fmedia&parent=54235"}],"wp:term":[{"taxonomy":"category","embeddable":true,"href":"https:\/\/esreviral.com\/index.php?rest_route=%2Fwp%2Fv2%2Fcategories&post=54235"},{"taxonomy":"post_tag","embeddable":true,"href":"https:\/\/esreviral.com\/index.php?rest_route=%2Fwp%2Fv2%2Ftags&post=54235"}],"curies":[{"name":"wp","href":"https:\/\/api.w.org\/{rel}","templated":true}]}}