{"id":54164,"date":"2024-05-22T10:34:24","date_gmt":"2024-05-22T15:34:24","guid":{"rendered":"https:\/\/esreviral.com\/?p=54164"},"modified":"2024-05-22T10:34:25","modified_gmt":"2024-05-22T15:34:25","slug":"el-gobierno-de-milei-no-intervendra-ante-el-aumento-del-dolar-blue-y-minimiza-su-impacto-en-la-inflacion","status":"publish","type":"post","link":"https:\/\/esreviral.com\/?p=54164","title":{"rendered":"El Gobierno de Milei no intervendr\u00e1 ante el aumento del d\u00f3lar blue y minimiza su impacto en la inflaci\u00f3n"},"content":{"rendered":"\n<p>En medio de<strong>l aumento del\u00a0d\u00f3lar blue<\/strong>, que este mi\u00e9rcoles dio un nuevo salto en la apertura y lleg\u00f3 a los $ 1.240 para la venta, el gobierno de\u00a0<strong>Javier Milei descarta la posibilidad de una intervenci\u00f3n<\/strong>\u00a0en el mercado y dice que\u00a0<strong>no tendr\u00e1 impacto en la inflaci\u00f3n<\/strong>.<\/p>\n\n\n\n<p>\u00abSi vamos a hacer alg\u00fan tipo de intervenci\u00f3n de alguna \u00edndole para alg\u00fan tipo de control&#8230;No,&nbsp;<strong>no va a pasar<\/strong>\u00ab, sentenci\u00f3 el vocero presidencial, Manuel Adorni, en su habitual conferencia de prensa matutina en la Casa Rosada.<\/p>\n\n\n\n<p>En ese marco, el funcionario nacional precis\u00f3: \u00ab<strong>No hay raz\u00f3n para que esto tenga alguna implicancia en precios<\/strong>, m\u00e1s que el problema inflacionario que estamos viviendo por los desajustes que hubo en materia monetaria y fiscal en la Argentina\u00bb.<\/p>\n\n\n\n<p>\u00abNo tiene absolutamente nada que ver una cosa con la otra. Recordemos que el d\u00f3lar es un precio m\u00e1s de la econom\u00eda.&nbsp;<strong>El d\u00f3lar no es m\u00e1s que un bien que pod\u00e9s adquirir en el supermercado<\/strong>&nbsp;o un bien que te pod\u00e9s comparar o un servicio que pod\u00e9s pagar. La \u00fanica diferencia es que, en tal caso, el d\u00f3lar es un activo financiero, por lo tanto tiene alg\u00fan tipo de reacci\u00f3n diferente u otra velocidad de la que pueden tener otros bienes\u00bb, explic\u00f3 el portavoz.<\/p>\n\n\n\n<p>Mientras que el d\u00f3lar paralelo sigue con su tendencia alcista y lleva tres d\u00edas seguidos de aumento, el vocero record\u00f3 que la divisa estadounidense \u00abestuvo quieta o sin mucha variaci\u00f3n durante mucho tiempo\u00bb.<\/p>\n\n\n\n<figure class=\"wp-block-image size-large\"><img fetchpriority=\"high\" decoding=\"async\" width=\"1024\" height=\"551\" src=\"https:\/\/esreviral.com\/wp-content\/uploads\/2024\/05\/AnyConv.com__z85jsNvir_1256x620__8-1024x551.webp\" alt=\"\" class=\"wp-image-54166\" srcset=\"https:\/\/esreviral.com\/wp-content\/uploads\/2024\/05\/AnyConv.com__z85jsNvir_1256x620__8-1024x551.webp 1024w, https:\/\/esreviral.com\/wp-content\/uploads\/2024\/05\/AnyConv.com__z85jsNvir_1256x620__8-300x161.webp 300w, https:\/\/esreviral.com\/wp-content\/uploads\/2024\/05\/AnyConv.com__z85jsNvir_1256x620__8-768x413.webp 768w, https:\/\/esreviral.com\/wp-content\/uploads\/2024\/05\/AnyConv.com__z85jsNvir_1256x620__8-750x403.webp 750w, https:\/\/esreviral.com\/wp-content\/uploads\/2024\/05\/AnyConv.com__z85jsNvir_1256x620__8-1140x613.webp 1140w, https:\/\/esreviral.com\/wp-content\/uploads\/2024\/05\/AnyConv.com__z85jsNvir_1256x620__8.webp 1153w\" sizes=\"(max-width: 1024px) 100vw, 1024px\" \/><\/figure>\n\n\n\n<p>\u00abEl Presidente explic\u00f3 el por qu\u00e9 el pase a precios por un ajuste en la cotizaci\u00f3n del d\u00f3lar efectivamente no es la raz\u00f3n de por qu\u00e9 aumentan los precios sino porque detr\u00e1s de eso hiciste todo mal cuando implementaste en el pasado una pol\u00edtica monetaria desastrosa\u00bb, enfatiz\u00f3.<\/p>\n\n\n\n<p>Acto seguido, Adorni sostuvo: \u00abPara que la gente est\u00e9 tranquila, nada tiene que ver la cotizaci\u00f3n del d\u00f3lar popularmente conocido como d\u00f3lar blue con los precios\u00bb.<\/p>\n\n\n\n<p>\u00ab<strong>Cuando no hubo movimiento en el d\u00f3lar hab\u00eda inflaci\u00f3n<\/strong>. Por lo tanto, efectivamente no hay una relaci\u00f3n entre una cuesti\u00f3n y la otra\u00bb, resumi\u00f3.<\/p>\n\n\n\n<p>En esa l\u00ednea, el subsecretario de Prensa de la Presidencia, Javier Lanari, habl\u00f3 de \u00abpsiqui\u00e1trico a cielo abierto\u00bb y cuestion\u00f3: \u00abSe quejaban por el &#8216;atraso cambiario&#8217; ahora reclaman que el Gobierno intervenga\u00bb.<\/p>\n\n\n\n<p>\u00abLos que se quejaban por el \u00abatraso cambiario\u00bb ahora reclaman que el Gobierno intervenga en la City para frenar la suba del d\u00f3lar blue. Psiqui\u00e1trico a cielo abierto&#8230;\u00bb, apunt\u00f3 Lanari a trav\u00e9s de las redes sociales.<\/p>\n\n\n\n<p class=\"has-text-align-center\"><strong><a href=\"https:\/\/chat.whatsapp.com\/KWkTmakY3I05kNdd2oZl6d\">\u00daNETE A NUESTRO GRUPO DE WHATSAAP Y MANTENTE INFORMADO<\/a><\/strong><\/p>\n\n\n\n<p class=\"has-text-align-right\"><strong><em>Clarin.-<\/em><\/strong><\/p>\n","protected":false},"excerpt":{"rendered":"<p>Lo dijo el vocero presidencial Manuel Adorni, quien afirm\u00f3 que \u00abno hay raz\u00f3n para que esto tenga alguna implicancia en precios\u00bb.<br \/>\n\u00abCuando no hubo movimiento en el d\u00f3lar hab\u00eda inflaci\u00f3n\u00bb, enfatiz\u00f3.<\/p>\n","protected":false},"author":3,"featured_media":54165,"comment_status":"open","ping_status":"open","sticky":false,"template":"","format":"standard","meta":{"jnews-multi-image_gallery":[],"jnews_single_post":{"subtitle":"","format":"standard","video":"","gallery":"","source_name":"","source_url":"","via_name":"","via_url":"","override_template":"0","override":[{"template":"4","single_blog_custom":"","parallax":"1","fullscreen":"1","layout":"right-sidebar","sidebar":"default-sidebar","second_sidebar":"default-sidebar","sticky_sidebar":"1","share_position":"top","share_float_style":"share-monocrhome","show_share_counter":"1","show_view_counter":"1","show_featured":"1","show_post_meta":"1","show_post_author":"1","show_post_author_image":"1","show_post_date":"1","post_date_format":"default","post_date_format_custom":"Y\/m\/d","show_post_category":"1","show_post_reading_time":"1","post_reading_time_wpm":"300","show_zoom_button":"1","zoom_button_out_step":"2","zoom_button_in_step":"3","show_post_tag":"1","show_prev_next_post":"1","show_popup_post":"1","number_popup_post":"1","show_author_box":"1","show_post_related":"1","show_inline_post_related":"0"}],"override_image_size":"0","image_override":[{"single_post_thumbnail_size":"crop-500","single_post_gallery_size":"crop-500"}],"trending_post":"0","trending_post_position":"meta","trending_post_label":"Trending","sponsored_post":"0","sponsored_post_label":"Sponsored by","sponsored_post_name":"","sponsored_post_url":"","sponsored_post_logo_enable":"0","sponsored_post_logo":"","sponsored_post_desc":"","disable_ad":"0"},"jnews_primary_category":{"id":"","hide":""},"jnews_social_meta":{"fb_title":"","fb_description":"","fb_image":"","twitter_title":"","twitter_description":"","twitter_image":""},"jnews_review":[],"enable_review":"0","type":"percentage","name":"","summary":"","brand":"","sku":"","good":[{"good_text":""}],"bad":[{"bad_text":""}],"score_override":"","override_value":"","rating":[{"rating_text":"","rating_number":"10"}],"price":[{"shop":"","price":"","link":"","icon":""}],"jnews_override_counter":{"override_view_counter":"0","view_counter_number":"0","override_share_counter":"0","share_counter_number":"0","override_like_counter":"0","like_counter_number":"0","override_dislike_counter":"0","dislike_counter_number":"0"},"jnews_post_split":{"enable_post_split":"0","post_split":[{"template":"1","tag":"h2","numbering":"asc","mode":"normal","first":"0","enable_toc":"0","toc_type":"normal"}]},"footnotes":""},"categories":[58,61,59],"tags":[44,60,3227,268,1158,12936,45],"class_list":["post-54164","post","type-post","status-publish","format-standard","has-post-thumbnail","hentry","category-argentina","category-economia","category-politica","tag-argentina","tag-dolar","tag-dolar-blue-2","tag-inflacion","tag-javier-milei","tag-manuel-adorni","tag-noticias"],"amp_enabled":true,"_links":{"self":[{"href":"https:\/\/esreviral.com\/index.php?rest_route=\/wp\/v2\/posts\/54164"}],"collection":[{"href":"https:\/\/esreviral.com\/index.php?rest_route=\/wp\/v2\/posts"}],"about":[{"href":"https:\/\/esreviral.com\/index.php?rest_route=\/wp\/v2\/types\/post"}],"author":[{"embeddable":true,"href":"https:\/\/esreviral.com\/index.php?rest_route=\/wp\/v2\/users\/3"}],"replies":[{"embeddable":true,"href":"https:\/\/esreviral.com\/index.php?rest_route=%2Fwp%2Fv2%2Fcomments&post=54164"}],"version-history":[{"count":0,"href":"https:\/\/esreviral.com\/index.php?rest_route=\/wp\/v2\/posts\/54164\/revisions"}],"wp:featuredmedia":[{"embeddable":true,"href":"https:\/\/esreviral.com\/index.php?rest_route=\/wp\/v2\/media\/54165"}],"wp:attachment":[{"href":"https:\/\/esreviral.com\/index.php?rest_route=%2Fwp%2Fv2%2Fmedia&parent=54164"}],"wp:term":[{"taxonomy":"category","embeddable":true,"href":"https:\/\/esreviral.com\/index.php?rest_route=%2Fwp%2Fv2%2Fcategories&post=54164"},{"taxonomy":"post_tag","embeddable":true,"href":"https:\/\/esreviral.com\/index.php?rest_route=%2Fwp%2Fv2%2Ftags&post=54164"}],"curies":[{"name":"wp","href":"https:\/\/api.w.org\/{rel}","templated":true}]}}