{"id":54003,"date":"2024-05-20T09:42:43","date_gmt":"2024-05-20T14:42:43","guid":{"rendered":"https:\/\/esreviral.com\/?p=54003"},"modified":"2024-05-20T11:51:24","modified_gmt":"2024-05-20T16:51:24","slug":"el-gobierno-escala-la-tension-diplomatica-con-espana-y-el-vocero-presidencial-afirma-que-milei-no-se-disculpara","status":"publish","type":"post","link":"https:\/\/esreviral.com\/?p=54003","title":{"rendered":"El Gobierno escala la tensi\u00f3n diplom\u00e1tica con Espa\u00f1a y el vocero presidencial afirma que Milei no se disculpar\u00e1"},"content":{"rendered":"\n<p>El vocero presidencial,&nbsp;<strong>Manuel Adorni<\/strong>, ratific\u00f3 hoy que el presidente&nbsp;<strong>Javier Milei<\/strong>&nbsp;no se disculpar\u00e1 con su par espa\u00f1ol,&nbsp;<strong>Pedro S\u00e1nchez<\/strong>, y sostuvo que \u201c<strong>no hay razones<\/strong>\u201d para la ruptura de las relaciones diplom\u00e1ticas entre ambos pa\u00edses.<\/p>\n\n\n\n<p>De esta forma, el Gobierno replic\u00f3 de manera formal al presidente espa\u00f1ol,&nbsp;quien hoy exigi\u00f3 una \u201crectificaci\u00f3n\u201d del propio Milei&nbsp;a sus declaraciones en el marco de la \u00faltima convenci\u00f3n del partido Vox, en Madrid, en donde hizo&nbsp;una alusi\u00f3n a las denuncias por corrupci\u00f3n contra la primera dama del pa\u00eds europeo,&nbsp;<strong>Bego\u00f1a G\u00f3mez.<\/strong><\/p>\n\n\n<div class=\"wp-block-image\">\n<figure class=\"aligncenter size-full\"><img fetchpriority=\"high\" decoding=\"async\" width=\"768\" height=\"432\" src=\"https:\/\/esreviral.com\/wp-content\/uploads\/2024\/05\/5VUU2DN3MNBVLKVXDFXJUYD7TA.webp\" alt=\"\" class=\"wp-image-54005\" srcset=\"https:\/\/esreviral.com\/wp-content\/uploads\/2024\/05\/5VUU2DN3MNBVLKVXDFXJUYD7TA.webp 768w, https:\/\/esreviral.com\/wp-content\/uploads\/2024\/05\/5VUU2DN3MNBVLKVXDFXJUYD7TA-300x169.webp 300w, https:\/\/esreviral.com\/wp-content\/uploads\/2024\/05\/5VUU2DN3MNBVLKVXDFXJUYD7TA-750x422.webp 750w\" sizes=\"(max-width: 768px) 100vw, 768px\" \/><\/figure><\/div>\n\n\n<p>\u201cEsto empez\u00f3 el 3 de mayo, cuando un ministro del gobierno espa\u00f1ol acus\u00f3 al presidente argentino de ingerir sustancias; a partir de ah\u00ed, vino un sinf\u00edn de ataques por parte de otros ministros, y del propio Pedro S\u00e1nchez, que lo trataron de fascista, odiador, negacionista, de mala persona.&nbsp;<strong>Algunos reclaman disculpas. No va a haber, no hay de qu\u00e9 disculparse<\/strong>. Apelamos a que el gobierno de Espa\u00f1a nos pida las disculpas correspondientes\u201d, se\u00f1al\u00f3 Adorni en declaraciones a&nbsp;<em>Radio Metro<\/em>.<\/p>\n\n\n\n<figure class=\"wp-block-image size-full\"><img decoding=\"async\" width=\"992\" height=\"606\" src=\"https:\/\/esreviral.com\/wp-content\/uploads\/2024\/05\/YJAF7J6TCBDKPPYV54SHEVG6SA.webp\" alt=\"\" class=\"wp-image-54006\" srcset=\"https:\/\/esreviral.com\/wp-content\/uploads\/2024\/05\/YJAF7J6TCBDKPPYV54SHEVG6SA.webp 992w, https:\/\/esreviral.com\/wp-content\/uploads\/2024\/05\/YJAF7J6TCBDKPPYV54SHEVG6SA-300x183.webp 300w, https:\/\/esreviral.com\/wp-content\/uploads\/2024\/05\/YJAF7J6TCBDKPPYV54SHEVG6SA-768x469.webp 768w, https:\/\/esreviral.com\/wp-content\/uploads\/2024\/05\/YJAF7J6TCBDKPPYV54SHEVG6SA-750x458.webp 750w\" sizes=\"(max-width: 992px) 100vw, 992px\" \/><\/figure>\n\n\n\n<p>Adem\u00e1s, el funcionario sostuvo que los comentarios del presidente argentino corresponden a cuestiones \u201c<strong>personales<\/strong>\u201d que \u201cno deber\u00edan interferir en las relaciones diplom\u00e1ticas\u201d. \u201c<strong>Dudo que Espa\u00f1a tenga intenciones de romper relaciones diplom\u00e1ticas con la Argentina y no hay raz\u00f3n alguna para romper relaciones con Espa\u00f1a<\/strong>\u201d, agreg\u00f3.<\/p>\n\n\n\n<p>A su vez, Adorni consider\u00f3 que S\u00e1nchez \u201chizo algo peor\u201d que el comentario del presidente en el evento de Vox, como \u201cinmiscuirse en la pol\u00edtica interna de Argentina, cuando apoy\u00f3 a (Sergio) Massa y dese\u00f3 que Milei pierda\u201d.<\/p>\n\n\n\n<p><strong><mark style=\"background-color:rgba(0, 0, 0, 0)\" class=\"has-inline-color has-vivid-red-color\">La primera reacci\u00f3n de S\u00e1nchez<\/mark><\/strong><\/p>\n\n\n\n<p>En un foro econ\u00f3mico organizado en Madrid, el presidente espa\u00f1ol comenz\u00f3 su intervenci\u00f3n con una reacci\u00f3n. Dijo que Milei no estuvo \u201ca la altura\u201d y afirm\u00f3 que la respuesta a ellas ser\u00e1 acorde \u201ca la dignidad de la democracia espa\u00f1ola\u201d y a los lazos de hermandad que unen a ambos pa\u00edses. A su vez, sostuvo que su par argentino no habl\u00f3 en nombre \u201cdel gran pueblo argentino\u201d y destac\u00f3 que, \u201centre gobiernos, los afectos son libres, pero el respeto es irrenunciable\u201d.<\/p>\n\n\n\n<p>Por ello, sostuvo que el Gobierno est\u00e1 a la espera de una rectificaci\u00f3n p\u00fablica del presidente de Argentina antes de actuar. \u201cEn consonancia, la respuesta del Gobierno de Espa\u00f1a ser\u00e1 acorde a la dignidad que representa la democracia espa\u00f1ola y a los lazos de hermandad que unen a Espa\u00f1a y Argentina\u201d.<\/p>\n\n\n\n<p>Tras la intervenci\u00f3n de Milei, el ministro de Asuntos Exteriores,&nbsp;<strong>Jos\u00e9 Manuel Albares<\/strong>, ya hab\u00eda hecho una declaraci\u00f3n institucional para exigir&nbsp;<strong>\u201cdisculpas p\u00fablicas\u201d&nbsp;<\/strong>por sus palabras pronunciadas en Madrid, ya que \u201csobrepasan cualquier tipo de diferencia pol\u00edtica e ideol\u00f3gica\u201d. \u201cEn caso de no producirse,&nbsp;<strong>tomaremos las medidas que creemos oportunas<\/strong>&nbsp;para defender nuestra soberan\u00eda\u201d, agreg\u00f3.<\/p>\n\n\n\n<p>Adem\u00e1s, Albares llam\u00f3 a consultas a la embajadora espa\u00f1ola en Argentina, Mar\u00eda Jes\u00fas Alonso, y cit\u00f3 al embajador argentino en Madrid para presentar una queja formal.<\/p>\n\n\n\n<p><strong><a href=\"https:\/\/chat.whatsapp.com\/KWkTmakY3I05kNdd2oZl6d\">\u00daNETE A NUESTRO GRUPO DE WHATSAAP Y MANTENTE INFORMADO<\/a><\/strong><\/p>\n\n\n\n<p class=\"has-text-align-right\"><strong><em>Infobae.-<\/em><\/strong><\/p>\n","protected":false},"excerpt":{"rendered":"<p>El vocero presidencial, Manuel Adorni, sostuvo que \u201cno hay razones\u201d para la ruptura de las relaciones entre ambos pa\u00edses y se\u00f1al\u00f3 que las diferencias \u201cson personales\u201d<\/p>\n","protected":false},"author":3,"featured_media":54004,"comment_status":"open","ping_status":"open","sticky":false,"template":"","format":"standard","meta":{"jnews-multi-image_gallery":[],"jnews_single_post":{"subtitle":"","format":"standard","video":"","gallery":"","source_name":"","source_url":"","via_name":"","via_url":"","override_template":"0","override":[{"template":"4","single_blog_custom":"","parallax":"1","fullscreen":"1","layout":"right-sidebar","sidebar":"default-sidebar","second_sidebar":"default-sidebar","sticky_sidebar":"1","share_position":"top","share_float_style":"share-monocrhome","show_share_counter":"1","show_view_counter":"1","show_featured":"1","show_post_meta":"1","show_post_author":"1","show_post_author_image":"1","show_post_date":"1","post_date_format":"default","post_date_format_custom":"Y\/m\/d","show_post_category":"1","show_post_reading_time":"1","post_reading_time_wpm":"300","show_zoom_button":"1","zoom_button_out_step":"2","zoom_button_in_step":"3","show_post_tag":"1","show_prev_next_post":"1","show_popup_post":"1","number_popup_post":"1","show_author_box":"1","show_post_related":"1","show_inline_post_related":"0"}],"override_image_size":"0","image_override":[{"single_post_thumbnail_size":"crop-500","single_post_gallery_size":"crop-500"}],"trending_post":"0","trending_post_position":"meta","trending_post_label":"Trending","sponsored_post":"0","sponsored_post_label":"Sponsored by","sponsored_post_name":"","sponsored_post_url":"","sponsored_post_logo_enable":"0","sponsored_post_logo":"","sponsored_post_desc":"","disable_ad":"0"},"jnews_primary_category":{"id":"","hide":""},"jnews_social_meta":{"fb_title":"","fb_description":"","fb_image":"","twitter_title":"","twitter_description":"","twitter_image":""},"jnews_review":[],"enable_review":"0","type":"percentage","name":"","summary":"","brand":"","sku":"","good":[{"good_text":""}],"bad":[{"bad_text":""}],"score_override":"","override_value":"","rating":[{"rating_text":"","rating_number":"10"}],"price":[{"shop":"","price":"","link":"","icon":""}],"jnews_override_counter":{"override_view_counter":"0","view_counter_number":"0","override_share_counter":"0","share_counter_number":"0","override_like_counter":"0","like_counter_number":"0","override_dislike_counter":"0","dislike_counter_number":"0"},"jnews_post_split":{"enable_post_split":"0","post_split":[{"template":"1","tag":"h2","numbering":"asc","mode":"normal","first":"0","enable_toc":"0","toc_type":"normal"}]},"footnotes":""},"categories":[88,59],"tags":[14622,44,2430,12936,1251,45,882,15438],"class_list":["post-54003","post","type-post","status-publish","format-standard","has-post-thumbnail","hentry","category-internacionales","category-politica","tag-adorni","tag-argentina","tag-gobierno","tag-manuel-adorni","tag-milei","tag-noticias","tag-pedro-sanchez","tag-tension-diplomatica"],"amp_enabled":true,"_links":{"self":[{"href":"https:\/\/esreviral.com\/index.php?rest_route=\/wp\/v2\/posts\/54003"}],"collection":[{"href":"https:\/\/esreviral.com\/index.php?rest_route=\/wp\/v2\/posts"}],"about":[{"href":"https:\/\/esreviral.com\/index.php?rest_route=\/wp\/v2\/types\/post"}],"author":[{"embeddable":true,"href":"https:\/\/esreviral.com\/index.php?rest_route=\/wp\/v2\/users\/3"}],"replies":[{"embeddable":true,"href":"https:\/\/esreviral.com\/index.php?rest_route=%2Fwp%2Fv2%2Fcomments&post=54003"}],"version-history":[{"count":0,"href":"https:\/\/esreviral.com\/index.php?rest_route=\/wp\/v2\/posts\/54003\/revisions"}],"wp:featuredmedia":[{"embeddable":true,"href":"https:\/\/esreviral.com\/index.php?rest_route=\/wp\/v2\/media\/54004"}],"wp:attachment":[{"href":"https:\/\/esreviral.com\/index.php?rest_route=%2Fwp%2Fv2%2Fmedia&parent=54003"}],"wp:term":[{"taxonomy":"category","embeddable":true,"href":"https:\/\/esreviral.com\/index.php?rest_route=%2Fwp%2Fv2%2Fcategories&post=54003"},{"taxonomy":"post_tag","embeddable":true,"href":"https:\/\/esreviral.com\/index.php?rest_route=%2Fwp%2Fv2%2Ftags&post=54003"}],"curies":[{"name":"wp","href":"https:\/\/api.w.org\/{rel}","templated":true}]}}