{"id":53816,"date":"2024-05-15T14:10:04","date_gmt":"2024-05-15T19:10:04","guid":{"rendered":"https:\/\/esreviral.com\/?p=53816"},"modified":"2024-05-15T14:10:05","modified_gmt":"2024-05-15T19:10:05","slug":"xii-festival-europeo-de-jovenes-solistas-llega-a-la-sala-simon-bolivar","status":"publish","type":"post","link":"https:\/\/esreviral.com\/?p=53816","title":{"rendered":"XII Festival Europeo de J\u00f3venes Solistas llega a la Sala Sim\u00f3n Bol\u00edvar"},"content":{"rendered":"\n<p>Este fin de semana, la Sala Sim\u00f3n Bol\u00edvar del Centro Nacional de Acci\u00f3n Social por la M\u00fasica se convertir\u00e1 en el epicentro de la m\u00fasica cl\u00e1sica europea con la celebraci\u00f3n del XII Festival Europeo de J\u00f3venes Solistas. Cuatro virtuosos provenientes de Francia, Italia, Polonia y Espa\u00f1a se dar\u00e1n cita en Caracas para ofrecer un repertorio que abarca desde obras maestras del barroco hasta composiciones venezolanas contempor\u00e1neas. Acompa\u00f1ados por la Orquesta Sinf\u00f3nica Sim\u00f3n Bol\u00edvar de Venezuela y la Orquesta Sinf\u00f3nica Juan Jos\u00e9 Landaeta, estos j\u00f3venes talentos demostrar\u00e1n su destreza t\u00e9cnica y su sensibilidad musical con dos conciertos que prometen ser inolvidables.<\/p>\n\n\n\n<p>El primer encuentro se realizar\u00e1 el s\u00e1bado 18 de mayo a las 5:00 p.m. El maestro Carlos Riazuelo, quien regresa al pa\u00eds despu\u00e9s de 10 a\u00f1os, dirigir\u00e1 a la OSSBV para deleitar al p\u00fablico con un repertorio especial a prop\u00f3sito de la celebraci\u00f3n por el mes de Europa. Durante la primera parte interpretar\u00e1n Porgy rhapsody sobre temas del Porgy and Bess de Gershwin, del violinista, compositor, director y pedagogo ruso-estadounidense Albert Markov. Posteriormente, sonar\u00e1n las notas de La campanella de Niccol\u00f3 Paganini, con la participaci\u00f3n solista del violinista italiano Daviide De Ascaniis, quien obtuvo una maestr\u00eda cum laude del Conservatorio de Vicenza a los 16 a\u00f1os de edad.<\/p>\n\n\n\n<figure class=\"wp-block-image size-large\"><img fetchpriority=\"high\" decoding=\"async\" width=\"1024\" height=\"682\" src=\"https:\/\/esreviral.com\/wp-content\/uploads\/2024\/05\/AnyConv.com__WhatsApp-Image-2024-05-15-at-1.08.35-PM-1-1-1024x682.webp\" alt=\"\" class=\"wp-image-53819\" srcset=\"https:\/\/esreviral.com\/wp-content\/uploads\/2024\/05\/AnyConv.com__WhatsApp-Image-2024-05-15-at-1.08.35-PM-1-1-1024x682.webp 1024w, https:\/\/esreviral.com\/wp-content\/uploads\/2024\/05\/AnyConv.com__WhatsApp-Image-2024-05-15-at-1.08.35-PM-1-1-300x200.webp 300w, https:\/\/esreviral.com\/wp-content\/uploads\/2024\/05\/AnyConv.com__WhatsApp-Image-2024-05-15-at-1.08.35-PM-1-1-768x512.webp 768w, https:\/\/esreviral.com\/wp-content\/uploads\/2024\/05\/AnyConv.com__WhatsApp-Image-2024-05-15-at-1.08.35-PM-1-1-1536x1023.webp 1536w, https:\/\/esreviral.com\/wp-content\/uploads\/2024\/05\/AnyConv.com__WhatsApp-Image-2024-05-15-at-1.08.35-PM-1-1-750x500.webp 750w, https:\/\/esreviral.com\/wp-content\/uploads\/2024\/05\/AnyConv.com__WhatsApp-Image-2024-05-15-at-1.08.35-PM-1-1-1140x760.webp 1140w, https:\/\/esreviral.com\/wp-content\/uploads\/2024\/05\/AnyConv.com__WhatsApp-Image-2024-05-15-at-1.08.35-PM-1-1.webp 1600w\" sizes=\"(max-width: 1024px) 100vw, 1024px\" \/><\/figure>\n\n\n\n<p>La segunda parte estar\u00e1 integrada por las obras de Johannes Brahms: Sinfon\u00eda Nro. 1 y Concierto para Viol\u00edn en Re Mayor, Op. 77 (I Allegro non troppo). En esta \u00faltima, la violinista C\u00e9leste Klingelschmitt, representante de Francia, ser\u00e1 la encargada de dar la voz solista a esta obra que representa un alto nivel de dificultad t\u00e9cnica para quien la ejecuta.<\/p>\n\n\n\n<p>El domingo 19 de mayo ser\u00e1 la clausura de esta importante cita musical, junto a la Orquesta Sinf\u00f3nica Juan Jos\u00e9 Landaeta y la batuta del maestro Jes\u00fas Uzc\u00e1tegui, a las 11:00 de la ma\u00f1ana. El programa de esta presentaci\u00f3n incluir\u00e1 obras de compositores venezolanos: Gradas del purgatorio de Fernando Rivas y Orinoco de Gerardo Gerulewicz, para la primera parte.<\/p>\n\n\n\n<p>Sara L\u00f3pez, soprano espa\u00f1ola ser\u00e1 la encargada de dar vida al inicio de la segunda parte de este encuentro, interpretando las arias de \u00f3pera, Regnava nel silenzio (Lucia di Lammermoor), de Gaetano Donizetti, El barberillo de Lavapi\u00e9s (Canci\u00f3n de la Paloma), de Francisco Asenjo Barbieri y O\u00fa va la jeune Hindoue (Lakm\u00e9) de L\u00e9o Delibes.<\/p>\n\n\n\n<figure class=\"wp-block-image size-large\"><img decoding=\"async\" width=\"1024\" height=\"682\" src=\"https:\/\/esreviral.com\/wp-content\/uploads\/2024\/05\/AnyConv.com__WhatsApp-Image-2024-05-15-at-1.08.36-PM-2-1024x682.webp\" alt=\"\" class=\"wp-image-53818\" srcset=\"https:\/\/esreviral.com\/wp-content\/uploads\/2024\/05\/AnyConv.com__WhatsApp-Image-2024-05-15-at-1.08.36-PM-2-1024x682.webp 1024w, https:\/\/esreviral.com\/wp-content\/uploads\/2024\/05\/AnyConv.com__WhatsApp-Image-2024-05-15-at-1.08.36-PM-2-300x200.webp 300w, https:\/\/esreviral.com\/wp-content\/uploads\/2024\/05\/AnyConv.com__WhatsApp-Image-2024-05-15-at-1.08.36-PM-2-768x512.webp 768w, https:\/\/esreviral.com\/wp-content\/uploads\/2024\/05\/AnyConv.com__WhatsApp-Image-2024-05-15-at-1.08.36-PM-2-1536x1023.webp 1536w, https:\/\/esreviral.com\/wp-content\/uploads\/2024\/05\/AnyConv.com__WhatsApp-Image-2024-05-15-at-1.08.36-PM-2-750x500.webp 750w, https:\/\/esreviral.com\/wp-content\/uploads\/2024\/05\/AnyConv.com__WhatsApp-Image-2024-05-15-at-1.08.36-PM-2-1140x760.webp 1140w, https:\/\/esreviral.com\/wp-content\/uploads\/2024\/05\/AnyConv.com__WhatsApp-Image-2024-05-15-at-1.08.36-PM-2.webp 1600w\" sizes=\"(max-width: 1024px) 100vw, 1024px\" \/><\/figure>\n\n\n\n<p>Para cerrar con broche de oro, la violinista polaca Marta Gidaszewska, presentar\u00e1 el Concierto de Viol\u00edn Nro. 2 en Re menor, Op. 22 ( I. Allegro Moderato, II. Romance. Andante non troppo, III Allegro con fuoco &#8211; Allegro moderato a la Zingara) de Henryk Wieniawski, una obra que -con su amplia gama de virtuosismo y lirismo- es esencial en el repertorio de cualquier violinista.<\/p>\n\n\n\n<p><strong><mark style=\"background-color:rgba(0, 0, 0, 0)\" class=\"has-inline-color has-vivid-red-color\">Flautista internacional se une a Los gustos reunidos<\/mark><\/strong><\/p>\n\n\n\n<p>Los gustos reunidos es el t\u00edtulo del concierto que presentar\u00e1 la Orquesta Barroca Sim\u00f3n Bol\u00edvar, dirigida por el maestro Boris Paredes, este viernes 17 de mayo a las 5:00 p.m. en la Sala Sim\u00f3n Bol\u00edvar. En este encuentro, el p\u00fablico podr\u00e1 disfrutar de una selecci\u00f3n musical integrada por composiciones de diferentes pa\u00edses, como Italia, Alemania, Francia, Rusia, Inglaterra y Venezuela, para conjugar diferentes estilos expresados gracias a la cultura e idiosincrasia de cada regi\u00f3n.<\/p>\n\n\n\n<p>Este viaje musical estar\u00e1 integrado por las obras: Fuga o capricio con quattro soggetti en Re menor de Francesca Maria Veracini, y Overture \u2013 Suite en Si bemol Mayor \u201cLes Nations\u201d. TWV. 55:B5 de Georg Philippe Telemann. El programa continuar\u00e1 con la Obertura de L\u2019isola disabitata de Joseph Haydn, la Sinfon\u00eda en Do Mayor No. 1 de Maxim Berezovsky, la selecci\u00f3n de la Suite Water Music (I. Ouverture \u2013 Adagio e staccato, II. Allegro, III Andante, IV. Allegro).<\/p>\n\n\n\n<p><strong><em><mark style=\"background-color:rgba(0, 0, 0, 0)\" class=\"has-inline-color has-vivid-red-color\"><a href=\"https:\/\/esreviral.com\/la-orquesta-de-camara-simon-bolivar-participara-en-el-13-festival-internacional-de-musica-sinfonica-en-argelia\/\" data-type=\"link\" data-id=\"https:\/\/esreviral.com\/la-orquesta-de-camara-simon-bolivar-participara-en-el-13-festival-internacional-de-musica-sinfonica-en-argelia\/\">Lea Tambi\u00e9n: La Orquesta de C\u00e1mara Sim\u00f3n Bol\u00edvar participar\u00e1 en el 13\u00b0 Festival Internacional de M\u00fasica Sinf\u00f3nica en Argelia<\/a><\/mark><\/em><\/strong><\/p>\n\n\n\n<figure class=\"wp-block-image size-large\"><img decoding=\"async\" width=\"1024\" height=\"682\" src=\"https:\/\/esreviral.com\/wp-content\/uploads\/2024\/05\/AnyConv.com__OSJJL-Ensayo-3-1024x682.webp\" alt=\"\" class=\"wp-image-53817\" srcset=\"https:\/\/esreviral.com\/wp-content\/uploads\/2024\/05\/AnyConv.com__OSJJL-Ensayo-3-1024x682.webp 1024w, https:\/\/esreviral.com\/wp-content\/uploads\/2024\/05\/AnyConv.com__OSJJL-Ensayo-3-300x200.webp 300w, https:\/\/esreviral.com\/wp-content\/uploads\/2024\/05\/AnyConv.com__OSJJL-Ensayo-3-768x512.webp 768w, https:\/\/esreviral.com\/wp-content\/uploads\/2024\/05\/AnyConv.com__OSJJL-Ensayo-3-1536x1023.webp 1536w, https:\/\/esreviral.com\/wp-content\/uploads\/2024\/05\/AnyConv.com__OSJJL-Ensayo-3-750x500.webp 750w, https:\/\/esreviral.com\/wp-content\/uploads\/2024\/05\/AnyConv.com__OSJJL-Ensayo-3-1140x760.webp 1140w, https:\/\/esreviral.com\/wp-content\/uploads\/2024\/05\/AnyConv.com__OSJJL-Ensayo-3.webp 1600w\" sizes=\"(max-width: 1024px) 100vw, 1024px\" \/><\/figure>\n\n\n\n<p>Este concierto contar\u00e1 con la participaci\u00f3n solista de la maestra Francesca Canalli en la obra Sinfon\u00eda en Mi menor Wq. 178 de Carl Philipp Emanuel Bach. Esta flautista italiana desarrolla una intensa actividad concert\u00edstica internacional que la ha llevado a actuar en importantes festivales internacionales y renombradas salas de conciertos en el mundo, y nos visita gracias a la programaci\u00f3n del Conservatorio Itinerante Inocente Carre\u00f1o.<\/p>\n\n\n\n<p>El gran final estar\u00e1 acompa\u00f1ado por nuestra m\u00fasica venezolana, de la mano de dos ilustres compositores venezolanos con las obras: Fuga Criolla de Juan Bautista Plaza y Fuga con P\u00e1jara Pinta bimodal y Seis numerao de Aldemaro Romero.<\/p>\n\n\n\n<p>Las entradas para estos conciertos se encuentran disponibles en las taquillas del Cnaspm y a trav\u00e9s de la plataforma Goliiive.<\/p>\n\n\n\n<p><strong><a href=\"https:\/\/chat.whatsapp.com\/KWkTmakY3I05kNdd2oZl6d\">\u00daNETE A NUESTRO GRUPO DE WHATSAAP Y MANTENTE INFORMADO<\/a><\/strong><\/p>\n\n\n\n<p class=\"has-text-align-right\"><strong><em>PRENSA EL SISTEMA.-<\/em><\/strong><\/p>\n","protected":false},"excerpt":{"rendered":"<p>Cuatro talentosos solistas europeos se dar\u00e1n cita este fin de semana en el Centro Nacional de Acci\u00f3n Social por la M\u00fasica como parte de la celebraci\u00f3n del mes de Europa<\/p>\n","protected":false},"author":3,"featured_media":53820,"comment_status":"open","ping_status":"open","sticky":false,"template":"","format":"standard","meta":{"jnews-multi-image_gallery":[],"jnews_single_post":{"subtitle":"","format":"standard","video":"","gallery":"","source_name":"","source_url":"","via_name":"","via_url":"","override_template":"0","override":[{"template":"4","single_blog_custom":"","parallax":"1","fullscreen":"1","layout":"right-sidebar","sidebar":"default-sidebar","second_sidebar":"default-sidebar","sticky_sidebar":"1","share_position":"top","share_float_style":"share-monocrhome","show_share_counter":"1","show_view_counter":"1","show_featured":"1","show_post_meta":"1","show_post_author":"1","show_post_author_image":"1","show_post_date":"1","post_date_format":"default","post_date_format_custom":"Y\/m\/d","show_post_category":"1","show_post_reading_time":"1","post_reading_time_wpm":"300","show_zoom_button":"1","zoom_button_out_step":"2","zoom_button_in_step":"3","show_post_tag":"1","show_prev_next_post":"1","show_popup_post":"1","number_popup_post":"1","show_author_box":"1","show_post_related":"1","show_inline_post_related":"0"}],"override_image_size":"0","image_override":[{"single_post_thumbnail_size":"crop-500","single_post_gallery_size":"crop-500"}],"trending_post":"0","trending_post_position":"meta","trending_post_label":"Trending","sponsored_post":"0","sponsored_post_label":"Sponsored by","sponsored_post_name":"","sponsored_post_url":"","sponsored_post_logo_enable":"0","sponsored_post_logo":"","sponsored_post_desc":"","disable_ad":"0"},"jnews_primary_category":{"id":"","hide":""},"jnews_social_meta":{"fb_title":"","fb_description":"","fb_image":"","twitter_title":"","twitter_description":"","twitter_image":""},"jnews_review":[],"enable_review":"0","type":"percentage","name":"","summary":"","brand":"","sku":"","good":[{"good_text":""}],"bad":[{"bad_text":""}],"score_override":"","override_value":"","rating":[{"rating_text":"","rating_number":"10"}],"price":[{"shop":"","price":"","link":"","icon":""}],"jnews_override_counter":{"override_view_counter":"0","view_counter_number":"0","override_share_counter":"0","share_counter_number":"0","override_like_counter":"0","like_counter_number":"0","override_dislike_counter":"0","dislike_counter_number":"0"},"jnews_post_split":{"enable_post_split":"0","post_split":[{"template":"1","tag":"h2","numbering":"asc","mode":"normal","first":"0","enable_toc":"0","toc_type":"normal"}]},"footnotes":""},"categories":[1142],"tags":[15346,15347,45,12846,56],"class_list":["post-53816","post","type-post","status-publish","format-standard","has-post-thumbnail","hentry","category-musica","tag-festival-europeo","tag-jovenes-solistas","tag-noticias","tag-sala-simon-bolivar","tag-venezuela"],"amp_enabled":true,"_links":{"self":[{"href":"https:\/\/esreviral.com\/index.php?rest_route=\/wp\/v2\/posts\/53816"}],"collection":[{"href":"https:\/\/esreviral.com\/index.php?rest_route=\/wp\/v2\/posts"}],"about":[{"href":"https:\/\/esreviral.com\/index.php?rest_route=\/wp\/v2\/types\/post"}],"author":[{"embeddable":true,"href":"https:\/\/esreviral.com\/index.php?rest_route=\/wp\/v2\/users\/3"}],"replies":[{"embeddable":true,"href":"https:\/\/esreviral.com\/index.php?rest_route=%2Fwp%2Fv2%2Fcomments&post=53816"}],"version-history":[{"count":0,"href":"https:\/\/esreviral.com\/index.php?rest_route=\/wp\/v2\/posts\/53816\/revisions"}],"wp:featuredmedia":[{"embeddable":true,"href":"https:\/\/esreviral.com\/index.php?rest_route=\/wp\/v2\/media\/53820"}],"wp:attachment":[{"href":"https:\/\/esreviral.com\/index.php?rest_route=%2Fwp%2Fv2%2Fmedia&parent=53816"}],"wp:term":[{"taxonomy":"category","embeddable":true,"href":"https:\/\/esreviral.com\/index.php?rest_route=%2Fwp%2Fv2%2Fcategories&post=53816"},{"taxonomy":"post_tag","embeddable":true,"href":"https:\/\/esreviral.com\/index.php?rest_route=%2Fwp%2Fv2%2Ftags&post=53816"}],"curies":[{"name":"wp","href":"https:\/\/api.w.org\/{rel}","templated":true}]}}