{"id":53533,"date":"2024-05-10T09:36:48","date_gmt":"2024-05-10T14:36:48","guid":{"rendered":"https:\/\/esreviral.com\/?p=53533"},"modified":"2024-05-10T09:45:28","modified_gmt":"2024-05-10T14:45:28","slug":"continuan-las-labores-de-busqueda-de-aeronave-desaparecida-en-venezuela","status":"publish","type":"post","link":"https:\/\/esreviral.com\/?p=53533","title":{"rendered":"Contin\u00faan las labores de b\u00fasqueda de aeronave desaparecida en Venezuela"},"content":{"rendered":"\n<p>Las autoridades contin\u00faan con las labores de b\u00fasqueda de una aeronave que perdi\u00f3 contacto con el sistema de comunicaciones luego de haber despegado a las 3:48 pm de este jueves del Aeropuerto Internacional La Chinita, en Maracaibo, rumbo al Aeropuerto Internacional Santiago Mari\u00f1o en Nueva Esparta, Venezuela.<\/p>\n\n\n\n<p>El viceministro para la Gesti\u00f3n de Riesgo y Protecci\u00f3n Civil, Carlos P\u00e9rez Ampueda, inform\u00f3 en X que funcionarios de la Fuerza Armada Nacional Bolivariana, Polic\u00eda Nacional Bolivariana, Protecci\u00f3n Civil y bomberos est\u00e1n desplegados en el operativo de b\u00fasqueda por aire, mar y tierra.<\/p>\n\n\n\n<p>Agreg\u00f3 que los consejos de pescadores, voluntarios y rescatistas se unieron a las labores de b\u00fasqueda.<\/p>\n\n\n\n<p><strong><em><a href=\"https:\/\/esreviral.com\/cae-aeronave-con-ocho-personas-a-bordo-en-venezuela\/\">Lea Tambi\u00e9n: Cae aeronave con ocho personas a bordo en Venezuela<\/a><\/em><\/strong><\/p>\n\n\n\n<p>El Instituto Nacional de Aeron\u00e1utica Civil (INAC) asegur\u00f3 este jueves en un comunicado que fueron activados los protocolos de b\u00fasqueda y salvamento correspondiente para la localizaci\u00f3n de la aeronave.<\/p>\n\n\n\n<p><strong><mark style=\"background-color:rgba(0, 0, 0, 0)\" class=\"has-inline-color has-vivid-red-color\">\u00bfQui\u00e9nes viajaban en la aeronave?<\/mark><\/strong><\/p>\n\n\n\n<p>El diario&nbsp;La Verdad&nbsp;del Zulia rese\u00f1\u00f3 que en el avi\u00f3n viajaba el empresario Germ\u00e1n Wolter La Guardia, propietario de Laticon (Latinoamericana de la Construcci\u00f3n, S.A) y del centro ferretero Iron Wolter &amp; La Guardia (Iwosa).<\/p>\n\n\n\n<p>Tambi\u00e9n lo acompa\u00f1aban Federico Wolter, Paula Homez, Laura Prieto, Hilda Rinc\u00f3n, los ni\u00f1os M\u00eda Wolter y Germ\u00e1n Wolter, y el piloto Bernardo Az\u00f3car.<\/p>\n\n\n\n<p>La Verdad se\u00f1al\u00f3 que a la hora que ocurri\u00f3 la desaparici\u00f3n del avi\u00f3n en el que viajaba la familia Wolter, en Maracaibo, San Francisco y Los Puertos, se registraron fuertes r\u00e1fagas de vientos y precipitaciones moderadas, que dejaron a varios sectores con postes el\u00e9ctricos derribados.<\/p>\n\n\n\n<p>\u00abResidentes de la avenida El Milagro, reportaron a trav\u00e9s de las redes sociales como el temporal cubri\u00f3 gran parte del Lago\u00bb.<\/p>\n\n\n\n<blockquote class=\"twitter-tweet\"><p lang=\"es\" dir=\"ltr\"><a href=\"https:\/\/twitter.com\/hashtag\/10May?src=hash&amp;ref_src=twsrc%5Etfw\">#10May<\/a> | Contin\u00faan las operaciones SAR de b\u00fasqueda, de la aeronave desaparecida el d\u00eda de ayer <a href=\"https:\/\/twitter.com\/hashtag\/9May?src=hash&amp;ref_src=twsrc%5Etfw\">#9May<\/a> con 8 pasajeros a bordo, la cual despeg\u00f3 del Aeropuerto Internacional &quot;La Chinita&quot; en Maracaibo, Edo. Zulia con itinerario de vuelo hacia el Aeropuerto Internacional Santiago&#8230; <a href=\"https:\/\/t.co\/eZFldCtjHO\">pic.twitter.com\/eZFldCtjHO<\/a><\/p>&mdash; cperezampueda (@cperezampueda) <a href=\"https:\/\/twitter.com\/cperezampueda\/status\/1788903580813959576?ref_src=twsrc%5Etfw\">May 10, 2024<\/a><\/blockquote> <script async src=\"https:\/\/platform.twitter.com\/widgets.js\" charset=\"utf-8\"><\/script>\n\n\n\n<p class=\"has-text-align-right\"><strong><em> ElNacional.-<\/em><\/strong><\/p>\n","protected":false},"excerpt":{"rendered":"<p>En el avi\u00f3n viajaba el empresario Germ\u00e1n Wolter La Guardia, propietario de Laticon (Latinoamericana de la Construcci\u00f3n, S.A) y del centro ferretero Iron Wolter &#038; La Guardia<\/p>\n","protected":false},"author":3,"featured_media":53535,"comment_status":"open","ping_status":"open","sticky":false,"template":"","format":"standard","meta":{"jnews-multi-image_gallery":[],"jnews_single_post":{"subtitle":"","format":"standard","video":"","gallery":"","source_name":"","source_url":"","via_name":"","via_url":"","override_template":"0","override":[{"template":"4","single_blog_custom":"","parallax":"1","fullscreen":"1","layout":"right-sidebar","sidebar":"default-sidebar","second_sidebar":"default-sidebar","sticky_sidebar":"1","share_position":"top","share_float_style":"share-monocrhome","show_share_counter":"1","show_view_counter":"1","show_featured":"1","show_post_meta":"1","show_post_author":"1","show_post_author_image":"1","show_post_date":"1","post_date_format":"default","post_date_format_custom":"Y\/m\/d","show_post_category":"1","show_post_reading_time":"1","post_reading_time_wpm":"300","show_zoom_button":"1","zoom_button_out_step":"2","zoom_button_in_step":"3","show_post_tag":"1","show_prev_next_post":"1","show_popup_post":"1","number_popup_post":"1","show_author_box":"1","show_post_related":"1","show_inline_post_related":"0"}],"override_image_size":"0","image_override":[{"single_post_thumbnail_size":"crop-500","single_post_gallery_size":"crop-500"}],"trending_post":"0","trending_post_position":"meta","trending_post_label":"Trending","sponsored_post":"0","sponsored_post_label":"Sponsored by","sponsored_post_name":"","sponsored_post_url":"","sponsored_post_logo_enable":"0","sponsored_post_logo":"","sponsored_post_desc":"","disable_ad":"0"},"jnews_primary_category":{"id":"","hide":""},"jnews_social_meta":{"fb_title":"","fb_description":"","fb_image":"","twitter_title":"","twitter_description":"","twitter_image":""},"jnews_review":[],"enable_review":"0","type":"percentage","name":"","summary":"","brand":"","sku":"","good":[{"good_text":""}],"bad":[{"bad_text":""}],"score_override":"","override_value":"","rating":[{"rating_text":"","rating_number":"10"}],"price":[{"shop":"","price":"","link":"","icon":""}],"jnews_override_counter":{"override_view_counter":"0","view_counter_number":"0","override_share_counter":"0","share_counter_number":"0","override_like_counter":"0","like_counter_number":"0","override_dislike_counter":"0","dislike_counter_number":"0"},"jnews_post_split":{"enable_post_split":"0","post_split":[{"template":"1","tag":"h2","numbering":"asc","mode":"normal","first":"0","enable_toc":"0","toc_type":"normal"}]},"footnotes":""},"categories":[64,66],"tags":[15196,15197,261,15195,45,56],"class_list":["post-53533","post","type-post","status-publish","format-standard","has-post-thumbnail","hentry","category-sucesos","category-venezuela","tag-aeronave-desaparecida","tag-busqueda-de-aeronave","tag-inac","tag-labores-de-busqueda","tag-noticias","tag-venezuela"],"amp_enabled":true,"_links":{"self":[{"href":"https:\/\/esreviral.com\/index.php?rest_route=\/wp\/v2\/posts\/53533"}],"collection":[{"href":"https:\/\/esreviral.com\/index.php?rest_route=\/wp\/v2\/posts"}],"about":[{"href":"https:\/\/esreviral.com\/index.php?rest_route=\/wp\/v2\/types\/post"}],"author":[{"embeddable":true,"href":"https:\/\/esreviral.com\/index.php?rest_route=\/wp\/v2\/users\/3"}],"replies":[{"embeddable":true,"href":"https:\/\/esreviral.com\/index.php?rest_route=%2Fwp%2Fv2%2Fcomments&post=53533"}],"version-history":[{"count":0,"href":"https:\/\/esreviral.com\/index.php?rest_route=\/wp\/v2\/posts\/53533\/revisions"}],"wp:featuredmedia":[{"embeddable":true,"href":"https:\/\/esreviral.com\/index.php?rest_route=\/wp\/v2\/media\/53535"}],"wp:attachment":[{"href":"https:\/\/esreviral.com\/index.php?rest_route=%2Fwp%2Fv2%2Fmedia&parent=53533"}],"wp:term":[{"taxonomy":"category","embeddable":true,"href":"https:\/\/esreviral.com\/index.php?rest_route=%2Fwp%2Fv2%2Fcategories&post=53533"},{"taxonomy":"post_tag","embeddable":true,"href":"https:\/\/esreviral.com\/index.php?rest_route=%2Fwp%2Fv2%2Ftags&post=53533"}],"curies":[{"name":"wp","href":"https:\/\/api.w.org\/{rel}","templated":true}]}}